{"id":541606,"date":"2025-11-18T03:09:18","date_gmt":"2025-11-18T03:09:18","guid":{"rendered":"https:\/\/www.europesays.com\/fr\/541606\/"},"modified":"2025-11-18T03:09:18","modified_gmt":"2025-11-18T03:09:18","slug":"le-metro-b-totalement-paralyse-ce-lundi-apres-midi-que-sest-il-passe","status":"publish","type":"post","link":"https:\/\/www.europesays.com\/fr\/541606\/","title":{"rendered":"le m\u00e9tro B totalement paralys\u00e9 ce lundi apr\u00e8s-midi, que s&rsquo;est-il pass\u00e9 ?"},"content":{"rendered":"<p itemprop=\"description\"><strong>L&rsquo;heure de la reprise du trafic a \u00e9t\u00e9 d\u00e9cal\u00e9e&#8230;<\/strong><\/p>\n<p><strong>Mise \u00e0 jour : <\/strong>La\u00a0circulation a finalement repris aux alentours de 18h30.<\/p>\n<p><strong>Mise \u00e0 jour 17h17 :\u00a0<\/strong>La reprise de la circulation est finalement estim\u00e9e \u00e0 19h.<\/p>\n<p><strong>Article initial :<\/strong> La fin de journ\u00e9e s\u2019annonce difficile pour les usagers du r\u00e9seau TCL. Depuis\u00a016h23, la\u00a0ligne B du m\u00e9tro ne circule plus, selon les informations communiqu\u00e9es par l\u2019op\u00e9rateur de transports lyonnais.<\/p>\n<p>Les TCL \u00e9voquent\u00a0\u00ab\u00a0un d\u00e9faut du syst\u00e8me informatique\u00a0\u00bb\u00a0emp\u00eachant la ligne de fonctionner normalement. L\u2019interruption est pr\u00e9vue\u00a0jusqu\u2019\u00e0 17h30, heure estim\u00e9e pour une reprise progressive du trafic.<\/p>\n<p>La suspension concerne l\u2019ensemble du tron\u00e7on, et les voyageurs sont invit\u00e9s \u00e0 se reporter vers d\u2019autres moyens de transport en attendant la r\u00e9solution de l\u2019incident.<\/p>\n<p>Les TCL pr\u00e9cisent qu'\u00a0\u00bbafin de garantir la continuit\u00e9 des d\u00e9placements, une flotte de bus relais a \u00e9t\u00e9 d\u00e9ploy\u00e9e entre Gare Part-Dieu Vivier Merle et Saint-Genis-Laval H\u00f4pital Lyon Sud, permettant ainsi de pallier l\u2019interruption temporaire de la ligne. Des dispositifs d\u2019accompagnement ont \u00e9t\u00e9 mis en place pour aider les voyageurs \u00e0 s\u2019orienter et \u00e0 faciliter leurs d\u00e9placements.\u00a0\u00bb<\/p>\n","protected":false},"excerpt":{"rendered":"L&rsquo;heure de la reprise du trafic a \u00e9t\u00e9 d\u00e9cal\u00e9e&#8230; Mise \u00e0 jour : La\u00a0circulation a finalement repris aux&hellip;\n","protected":false},"author":2,"featured_media":541607,"comment_status":"","ping_status":"","sticky":false,"template":"","format":"standard","meta":{"footnotes":""},"categories":[1889],"tags":[1111,11,2813,2190,2430,1109,251,1112,2811,1777,674,118,1011,27,1922,1110,1114,2428,2810,12,241,316,25,2812,517,800],"class_list":{"0":"post-541606","1":"post","2":"type-post","3":"status-publish","4":"format-standard","5":"has-post-thumbnail","7":"category-lyon","8":"tag-actu","9":"tag-actualites","10":"tag-article","11":"tag-asvel","12":"tag-auvergne-rhone-alpes","13":"tag-breves","14":"tag-culture","15":"tag-depeches","16":"tag-economique","17":"tag-eu","18":"tag-europe","19":"tag-faits-divers","20":"tag-fr","21":"tag-france","22":"tag-info","23":"tag-informations","24":"tag-infos","25":"tag-lyon","26":"tag-lyonmag","27":"tag-news","28":"tag-ol","29":"tag-politique","30":"tag-republique-francaise","31":"tag-sociale","32":"tag-sport","33":"tag-transports"},"share_on_mastodon":{"url":"https:\/\/pubeurope.com\/@fr\/115568506482429397","error":""},"_links":{"self":[{"href":"https:\/\/www.europesays.com\/fr\/wp-json\/wp\/v2\/posts\/541606","targetHints":{"allow":["GET"]}}],"collection":[{"href":"https:\/\/www.europesays.com\/fr\/wp-json\/wp\/v2\/posts"}],"about":[{"href":"https:\/\/www.europesays.com\/fr\/wp-json\/wp\/v2\/types\/post"}],"author":[{"embeddable":true,"href":"https:\/\/www.europesays.com\/fr\/wp-json\/wp\/v2\/users\/2"}],"replies":[{"embeddable":true,"href":"https:\/\/www.europesays.com\/fr\/wp-json\/wp\/v2\/comments?post=541606"}],"version-history":[{"count":0,"href":"https:\/\/www.europesays.com\/fr\/wp-json\/wp\/v2\/posts\/541606\/revisions"}],"wp:featuredmedia":[{"embeddable":true,"href":"https:\/\/www.europesays.com\/fr\/wp-json\/wp\/v2\/media\/541607"}],"wp:attachment":[{"href":"https:\/\/www.europesays.com\/fr\/wp-json\/wp\/v2\/media?parent=541606"}],"wp:term":[{"taxonomy":"category","embeddable":true,"href":"https:\/\/www.europesays.com\/fr\/wp-json\/wp\/v2\/categories?post=541606"},{"taxonomy":"post_tag","embeddable":true,"href":"https:\/\/www.europesays.com\/fr\/wp-json\/wp\/v2\/tags?post=541606"}],"curies":[{"name":"wp","href":"https:\/\/api.w.org\/{rel}","templated":true}]}}