{"id":541618,"date":"2025-11-18T03:16:13","date_gmt":"2025-11-18T03:16:13","guid":{"rendered":"https:\/\/www.europesays.com\/fr\/541618\/"},"modified":"2025-11-18T03:16:13","modified_gmt":"2025-11-18T03:16:13","slug":"une-attaque-de-missile-russe-tue-une-adolescente-dans-la-region-de-kharkiv","status":"publish","type":"post","link":"https:\/\/www.europesays.com\/fr\/541618\/","title":{"rendered":"une attaque de missile russe tue une adolescente dans la r\u00e9gion de Kharkiv"},"content":{"rendered":"<p>\n    \u00abL\u2019ennemi a lanc\u00e9 des attaques de missile sur la ville de Berestyn\u00bb et \u00abune fille de 17 ans qui avait \u00e9t\u00e9 gri\u00e8vement bless\u00e9e (&#8230;) est morte \u00e0 l\u2019h\u00f4pital\u00bb, a \u00e9crit le gouverneur r\u00e9gional Oleg Synegoubov sur Telegram.<\/p>\n<p class=\"fig-paragraph\">Une attaque de missile russe a tu\u00e9 une adolescente et fait au moins neuf bless\u00e9s dans la r\u00e9gion de Kharkiv,\u00a0<a href=\"https:\/\/www.lefigaro.fr\/international\/dossier\/tensions-entre-la-russie-et-l-ukraine-tout-comprendre-a-la-menace-d-une-invasion-russe\" target=\"_blank\" data-fig-type=\"Topic\" rel=\"sponsored noopener nofollow\" data-gtm-custom-categorie=\"navigation\" data-gtm-custom-action=\"crossclick\" data-gtm-custom-label=\"Contextuel\" data-gtm-event=\"customEventSPE\" data-fig-domain=\"LEFIGARO\">dans l\u2019est de l\u2019Ukraine<\/a>, ont annonc\u00e9 les autorit\u00e9s locales t\u00f4t mardi.<\/p>\n<p class=\"fig-paragraph\">\u00abL\u2019ennemi a lanc\u00e9 des attaques de missile sur la ville de Berestyn\u00bb et \u00abune fille de 17 ans qui avait \u00e9t\u00e9 gri\u00e8vement bless\u00e9e (&#8230;) est morte \u00e0 l\u2019h\u00f4pital\u00bb, a \u00e9crit le gouverneur r\u00e9gional Oleg Synegoubov sur Telegram. \u00abIl y a \u00e0 l\u2019heure actuelle neuf bless\u00e9s recens\u00e9s, dont sept sont hospitalis\u00e9s\u00bb, a-t-il ajout\u00e9.<\/p>\n<p>                                    <a class=\"fig-a11y-skip a11y-hidden\" href=\"#fig-a11y-skip-main-inarticle\"><br \/>\n        Passer la publicit\u00e9<br \/>\n    <\/a><\/p>\n<p class=\"fig-paragraph\">Dans la r\u00e9gion voisine de Dnipropetrovsk, le gouverneur Vladyslav Ga\u00efvanenko a fait \u00e9tat d\u2019\u00abincendies\u00bb \u00e0 Dnipro li\u00e9s \u00e0 une attaque de drone, mais sans mentionner d\u2019\u00e9ventuels morts ou bless\u00e9s.<\/p>\n<p>Conqu\u00eate de trois nouveaux villages<\/p>\n<p class=\"fig-paragraph\">Depuis le d\u00e9but de l\u2019invasion russe de l\u2019Ukraine en f\u00e9vrier 2022, la Russie cible quasi quotidiennement le pays au moyen de drones ou de missiles. Lundi, des frappes russes dans la r\u00e9gion de Kharkiv ont tu\u00e9 au moins cinq personnes et fait d\u2019importants d\u00e9g\u00e2ts dans des zones r\u00e9sidentielles, notamment dans une \u00e9cole maternelle, selon les autorit\u00e9s locales.<\/p>\n<p class=\"fig-paragraph\">Moscou multiplie depuis des semaines les bombardements sur les infrastructures \u00e9nerg\u00e9tiques et le r\u00e9seau ferroviaire ukrainiens, sur fond de baisse des temp\u00e9ratures \u00e0 l\u2019approche de l\u2019hiver. Kiev vise de son c\u00f4t\u00e9 r\u00e9guli\u00e8rement des d\u00e9p\u00f4ts et raffineries de p\u00e9trole et d\u2019autres installations en Russie.<\/p>\n<p class=\"fig-paragraph\">Sur le front, Moscou a revendiqu\u00e9 lundi la prise de trois nouveaux villages de l\u2019Est ukrainien, notamment dans les r\u00e9gions de Kharkiv et Dnipropetrovsk, ce que l\u2019AFP n\u2019a pas \u00e9t\u00e9 en mesure de confirmer.<\/p>\n","protected":false},"excerpt":{"rendered":"\u00abL\u2019ennemi a lanc\u00e9 des attaques de missile sur la ville de Berestyn\u00bb et \u00abune fille de 17 ans&hellip;\n","protected":false},"author":2,"featured_media":541619,"comment_status":"","ping_status":"","sticky":false,"template":"","format":"standard","meta":{"footnotes":""},"categories":[1591],"tags":[11,1887,131,12,1885,1886,132],"class_list":{"0":"post-541618","1":"post","2":"type-post","3":"status-publish","4":"format-standard","5":"has-post-thumbnail","7":"category-russie","8":"tag-actualites","9":"tag-federation-de-russie","10":"tag-guerre-en-ukraine","11":"tag-news","12":"tag-russia","13":"tag-russian-federation","14":"tag-russie"},"share_on_mastodon":{"url":"https:\/\/pubeurope.com\/@fr\/115568534121299924","error":""},"_links":{"self":[{"href":"https:\/\/www.europesays.com\/fr\/wp-json\/wp\/v2\/posts\/541618","targetHints":{"allow":["GET"]}}],"collection":[{"href":"https:\/\/www.europesays.com\/fr\/wp-json\/wp\/v2\/posts"}],"about":[{"href":"https:\/\/www.europesays.com\/fr\/wp-json\/wp\/v2\/types\/post"}],"author":[{"embeddable":true,"href":"https:\/\/www.europesays.com\/fr\/wp-json\/wp\/v2\/users\/2"}],"replies":[{"embeddable":true,"href":"https:\/\/www.europesays.com\/fr\/wp-json\/wp\/v2\/comments?post=541618"}],"version-history":[{"count":0,"href":"https:\/\/www.europesays.com\/fr\/wp-json\/wp\/v2\/posts\/541618\/revisions"}],"wp:featuredmedia":[{"embeddable":true,"href":"https:\/\/www.europesays.com\/fr\/wp-json\/wp\/v2\/media\/541619"}],"wp:attachment":[{"href":"https:\/\/www.europesays.com\/fr\/wp-json\/wp\/v2\/media?parent=541618"}],"wp:term":[{"taxonomy":"category","embeddable":true,"href":"https:\/\/www.europesays.com\/fr\/wp-json\/wp\/v2\/categories?post=541618"},{"taxonomy":"post_tag","embeddable":true,"href":"https:\/\/www.europesays.com\/fr\/wp-json\/wp\/v2\/tags?post=541618"}],"curies":[{"name":"wp","href":"https:\/\/api.w.org\/{rel}","templated":true}]}}