{"id":541622,"date":"2025-11-18T03:18:27","date_gmt":"2025-11-18T03:18:27","guid":{"rendered":"https:\/\/www.europesays.com\/fr\/541622\/"},"modified":"2025-11-18T03:18:27","modified_gmt":"2025-11-18T03:18:27","slug":"usa-la-gouverneure-de-la-fed-accusee-de-fraude-denonce-une-chasse-aux-opposants-de-trump","status":"publish","type":"post","link":"https:\/\/www.europesays.com\/fr\/541622\/","title":{"rendered":"USA : la gouverneure de la Fed accus\u00e9e de fraude d\u00e9nonce une chasse aux opposants de Trump"},"content":{"rendered":"<td class=\"is__realtime px-5\">\n<tr wp_automatic_readability=\"2\">\n<td colspan=\"3\" class=\"is__realtime-quality js-next-event-quotes\" data-next-event=\"2025-11-18T00:59:58+01:00\">\n<p>                                                    Temps Diff\u00e9r\u00e9                    <\/p>\n<p>04:02:39 18\/11\/2025<\/p>\n<\/td>\n<td class=\"txt-align-center is__realtime-quality c-none cm-table\">\n                            Varia. 5j.\n                        <\/td>\n<td class=\"txt-align-center is__realtime-quality\">\n                            Varia. 1 janv.\n                        <\/td>\n<\/tr>\n<tr>\n<td class=\"txt-s7 is__realtime-last txt-align-left\">\n<p>1,1593                        USD\n                                    <\/td>\n<td class=\"txt-s7 is__realtime-var txt-align-left\">\n                                             +0,03%\n                                    <\/td>\n<td class=\"table-child--middle c-none cs-table table-child--no-pad\">\n                                                <img loading=\"lazy\" decoding=\"async\" style=\"vertical-align: middle\" width=\"120\" height=\"45\" alt=\"Graphique intraday de Euro \/ US Dollar (EUR\/USD)\" src=\"https:\/\/www.zonebourse.com\/zbcache\/charts\/ObjectChart.aspx?Name=4591&amp;Type=Intraday&amp;Width=120&amp;Height=45&amp;ShowAxis=0&amp;DTstart=2025-11-18&amp;Render=Line&amp;BottomMargin=3&amp;TopMargin=5&amp;Prev=1.15896\" onerror=\"this.style.display='none'\"\/>                    <\/td>\n<td class=\"txt-s4 txt-align-center c-none cm-table\">\n                             +0,05%\n                        <\/td>\n<td class=\"txt-s4 txt-align-center\">\n                                                             +11,99%\n                                                    <\/td>\n<\/tr>\n<p class=\"m-0 txt-s1\">Publi\u00e9 le 17\/11\/2025<br \/>\n                    \u00e0 23:19<\/p>\n<p>\n                                            Dow Jones\n                                                        <\/p>\n<p><img decoding=\"async\" src=\"https:\/\/www.europesays.com\/fr\/wp-content\/uploads\/2025\/11\/2016-06-20T075720Z_1_LYNXNPEC5J0FF_RTROPTP_2_GLOBAL-FOREX.JPG\" alt=\"USA :  la gouverneure de la Fed accus\u00e9e de fraude d\u00e9nonce une chasse aux opposants de Trump\" class=\"w-100 media--169 \" data-zoomable=\"true\" data-zoomable-url=\"\/images\/reuters\/2016-06-20T075720Z_1_LYNXNPEC5J0FF_RTROPTP_2_GLOBAL-FOREX.JPG\"\/>]]]]>]]><\/p>\n<p>D\u00e9bloquer l&rsquo;article : INSCRIVEZ-VOUS !<\/p>\n<p><img decoding=\"async\" src=\"https:\/\/www.europesays.com\/fr\/wp-content\/uploads\/2025\/06\/dj-logo-footer.gif\" alt=\"Dow Jones logo\" class=\"c-block ml-auto\"\/><br \/>\n                    \u00a9 Dow Jones &#8211;<br \/>\n                                        2025<\/p>\n<tr class=\" \" wp_automatic_readability=\"0.26865671641791\">\n<td class=\"table-child--centered table-child--top table-child--nowrap table-child--w60 txt-s1\">02:45<\/td>\n<td class=\"w-100\"><a href=\"https:\/\/ch.zonebourse.com\/actualite-bourse\/l-or-poursuit-sa-baisse-penalise-par-la-vigueur-du-dollar-et-la-diminution-des-anticipations-de-bai-ce7d5edade8eff2c\" class=\"txt- txt-overflow-2 link link--no-underline my-5 my-m-0 \" target=\"_blank\" rel=\"noopener\"><\/p>\n<p>L&rsquo;or poursuit sa baisse, p\u00e9nalis\u00e9 par la fermet\u00e9 du dollar et la r\u00e9duction des anticipations de baisse des taux de la Fed<\/p>\n<p>                <\/a><\/td>\n<td class=\"table-child--right  table-child--top table-child--w60 c-none cm-table\">\n                                    RE\n                        <\/td>\n<\/tr>\n<tr class=\" \" wp_automatic_readability=\"0.26865671641791\">\n<td class=\"table-child--centered table-child--top table-child--nowrap table-child--w60 txt-s1\">02:18<\/td>\n<td class=\"w-100\"><a href=\"https:\/\/ch.zonebourse.com\/actualite-bourse\/le-yen-sous-pression-le-dollar-se-renforce-alors-que-les-marches-revisent-leurs-anticipations-de-ba-ce7d5edade8eff26\" class=\"txt- txt-overflow-2 link link--no-underline my-5 my-m-0 \" target=\"_blank\" rel=\"noopener\"><\/p>\n<p>Le yen sous pression, le dollar se renforce alors que les march\u00e9s r\u00e9visent leurs anticipations de baisse des taux de la Fed<\/p>\n<p>                <\/a><\/td>\n<td class=\"table-child--right  table-child--top table-child--w60 c-none cm-table\">\n                                    RE\n                        <\/td>\n<\/tr>\n<tr class=\" \" wp_automatic_readability=\"0.17647058823529\">\n<td class=\"table-child--centered table-child--top table-child--nowrap table-child--w60 txt-s1\">\n    17\/11<\/td>\n<td class=\"w-100\"><a href=\"https:\/\/ch.zonebourse.com\/actualite-bourse\/wall-street-les-alarmes-du-7-et-du-14-novembre-ressurgissent-ce7d5edade8af221\" class=\"txt- txt-overflow-2 link link--no-underline my-5 my-m-0 \" target=\"_blank\" rel=\"noopener\"><\/p>\n<p>Wall Street : les alarmes du 7 et du 14 novembre ressurgissent<\/p>\n<p>                <\/a><\/td>\n<td class=\"table-child--right  table-child--top table-child--w60 c-none cm-table\"><img loading=\"lazy\" decoding=\"async\" src=\"https:\/\/www.europesays.com\/fr\/wp-content\/uploads\/2025\/05\/logo_at.gif\" width=\"14\" height=\"8\" alt=\"Zonebourse\"\/><\/td>\n<\/tr>\n<tr class=\" \" wp_automatic_readability=\"0.22222222222222\">\n<td class=\"table-child--centered table-child--top table-child--nowrap table-child--w60 txt-s1\">\n    17\/11<\/td>\n<td class=\"w-100\"><a href=\"https:\/\/ch.zonebourse.com\/actualite-bourse\/waller-plaide-pour-une-baisse-des-taux-directeurs-de-la-fed-en-decembre-ce7d5edade88f224\" class=\"txt- txt-overflow-2 link link--no-underline my-5 my-m-0 \" target=\"_blank\" rel=\"noopener\"><\/p>\n<p>Waller plaide pour une baisse des taux directeurs de la Fed en d\u00e9cembre<\/p>\n<p>                <\/a><\/td>\n<td class=\"table-child--right  table-child--top table-child--w60 c-none cm-table\">\n                                    MT\n                        <\/td>\n<\/tr>\n<tr class=\" \" wp_automatic_readability=\"0.32926829268293\">\n<td class=\"table-child--centered table-child--top table-child--nowrap table-child--w60 txt-s1\">\n    17\/11<\/td>\n<td class=\"w-100\"><a href=\"https:\/\/ch.zonebourse.com\/actualite-bourse\/journee-de-trading-les-marches-fremissent-la-volatilite-s-installe-ce7d5edadf80f22c\" class=\"txt- txt-overflow-2 link link--no-underline my-5 my-m-0 \" target=\"_blank\" rel=\"noopener\"><\/p>\n<p>Journ\u00e9e de trading : Les march\u00e9s fr\u00e9missent, la volatilit\u00e9 s&rsquo;installe<\/p>\n<p>                <\/a><\/td>\n<td class=\"table-child--right  table-child--top table-child--w60 c-none cm-table\">\n                                    RE\n                        <\/td>\n<\/tr>\n<tr class=\" \" wp_automatic_readability=\"0.31395348837209\">\n<td class=\"table-child--centered table-child--top table-child--nowrap table-child--w60 txt-s1\">\n    17\/11<\/td>\n<td class=\"w-100\"><a href=\"https:\/\/ch.zonebourse.com\/actualite-bourse\/une-nouvelle-baisse-des-taux-de-la-fed-s-impose-selon-un-de-ses-responsables-ce7d5edadf81fe27\" class=\"txt- txt-overflow-2 link link--no-underline my-5 my-m-0 \" target=\"_blank\" rel=\"noopener\"><\/p>\n<p>Une nouvelle baisse des taux de la Fed s&rsquo;impose, selon un de ses responsables<\/p>\n<p>                <\/a><\/td>\n<td class=\"table-child--right  table-child--top table-child--w60 c-none cm-table\">\n                                    AW\n                        <\/td>\n<\/tr>\n<tr class=\" \" wp_automatic_readability=\"0.28125\">\n<td class=\"table-child--centered table-child--top table-child--nowrap table-child--w60 txt-s1\">\n    17\/11<\/td>\n<td class=\"w-100\"><a href=\"https:\/\/ch.zonebourse.com\/actualite-bourse\/fed-des-votes-trop-serres-pourraient-eroder-la-confiance-dans-la-politique-monetaire-previent-chr-ce7d5edadf8ef52c\" class=\"txt- txt-overflow-2 link link--no-underline my-5 my-m-0 \" target=\"_blank\" rel=\"noopener\"><\/p>\n<p>Fed : Des votes trop serr\u00e9s pourraient \u00e9roder la confiance dans la politique mon\u00e9taire, pr\u00e9vient Christopher Waller<\/p>\n<p>                <\/a><\/td>\n<td class=\"table-child--right  table-child--top table-child--w60 c-none cm-table\">\n                                    RE\n                        <\/td>\n<\/tr>\n<tr class=\" \" wp_automatic_readability=\"0.17821782178218\">\n<td class=\"table-child--centered table-child--top table-child--nowrap table-child--w60 txt-s1\">\n    17\/11<\/td>\n<td class=\"w-100\"><a href=\"https:\/\/ch.zonebourse.com\/actualite-bourse\/waller-fed-les-entreprises-americaines-evoquent-davantage-des-projets-de-licenciements-ce7d5edadf8ff426\" class=\"txt- txt-overflow-2 link link--no-underline my-5 my-m-0 \" target=\"_blank\" rel=\"noopener\"><\/p>\n<p>Waller (Fed) : Les entreprises am\u00e9ricaines \u00e9voquent davantage des projets de licenciements<\/p>\n<p>                <\/a><\/td>\n<td class=\"table-child--right  table-child--top table-child--w60 c-none cm-table\">\n                                    RE\n                        <\/td>\n<\/tr>\n<tr class=\" \" wp_automatic_readability=\"0.20610687022901\">\n<td class=\"table-child--centered table-child--top table-child--nowrap table-child--w60 txt-s1\">\n    17\/11<\/td>\n<td class=\"w-100\"><a href=\"https:\/\/ch.zonebourse.com\/actualite-bourse\/les-marches-actions-americains-cloturent-en-baisse-alors-que-les-anticipations-de-baisse-des-taux-en-ce7d5edadf8ff727\" class=\"txt- txt-overflow-2 link link--no-underline my-5 my-m-0 \" target=\"_blank\" rel=\"noopener\"><\/p>\n<p>Les march\u00e9s actions am\u00e9ricains cl\u00f4turent en baisse alors que les anticipations de baisse des taux en d\u00e9cembre reculent<\/p>\n<p>                <\/a><\/td>\n<td class=\"table-child--right  table-child--top table-child--w60 c-none cm-table\">\n                                    MT\n                        <\/td>\n<\/tr>\n<tr class=\" \" wp_automatic_readability=\"0.18367346938775\">\n<td class=\"table-child--centered table-child--top table-child--nowrap table-child--w60 txt-s1\">\n    17\/11<\/td>\n<td class=\"w-100\"><a href=\"https:\/\/ch.zonebourse.com\/actualite-bourse\/actifs-d-amerique-latine-en-ordre-disperse-avant-les-donnees-americaines-envolee-de-la-bourse-chil-ce7d5edadf8cf622\" class=\"txt- txt-overflow-2 link link--no-underline my-5 my-m-0 \" target=\"_blank\" rel=\"noopener\"><\/p>\n<p>Actifs d&rsquo;Am\u00e9rique latine en ordre dispers\u00e9 avant les donn\u00e9es am\u00e9ricaines\u00a0; envol\u00e9e de la Bourse chilienne et raffermissement du peso<\/p>\n<p>                <\/a><\/td>\n<td class=\"table-child--right  table-child--top table-child--w60 c-none cm-table\">\n                                    RE\n                        <\/td>\n<\/tr>\n<tr class=\" \" wp_automatic_readability=\"0.11538461538462\">\n<td class=\"table-child--centered table-child--top table-child--nowrap table-child--w60 txt-s1\">\n    17\/11<\/td>\n<td class=\"w-100\"><a href=\"https:\/\/ch.zonebourse.com\/actualite-bourse\/le-gouverneur-waller-favorable-a-une-nouvelle-baisse-des-taux-en-decembre-pour-soutenir-l-emploi-ce7d5edadf8af024\" class=\"txt- txt-overflow-2 link link--no-underline my-5 my-m-0 \" target=\"_blank\" rel=\"noopener\"><\/p>\n<p>Le gouverneur Waller favorable \u00e0 une nouvelle baisse des taux en d\u00e9cembre pour soutenir l&#8217;emploi<\/p>\n<p>                <\/a><\/td>\n<td class=\"table-child--right  table-child--top table-child--w60 c-none cm-table\"><img loading=\"lazy\" decoding=\"async\" src=\"https:\/\/www.europesays.com\/fr\/wp-content\/uploads\/2025\/05\/logo_at.gif\" width=\"14\" height=\"8\" alt=\"Zonebourse\"\/><\/td>\n<\/tr>\n<tr class=\" \" wp_automatic_readability=\"0.33088235294118\">\n<td class=\"table-child--centered table-child--top table-child--nowrap table-child--w60 txt-s1\">\n    00:03<\/td>\n<td class=\"w-100\"><a href=\"https:\/\/ch.zonebourse.com\/actualite-bourse\/waller-de-la-fed-estime-qu-un-marche-du-travail-faible-justifie-une-baisse-des-taux-en-decembre-ce7d5edadf8af221\" class=\"txt- txt-overflow-2 link link--no-underline my-5 my-m-0 \" target=\"_blank\" rel=\"noopener\"><\/p>\n<p>Le gouverneur de la Fed, Christopher Waller, estime qu&rsquo;un march\u00e9 de l&#8217;emploi fragile justifie une baisse des taux en d\u00e9cembre<\/p>\n<p>                <\/a><\/td>\n<td class=\"table-child--right  table-child--top table-child--w60 c-none cm-table\">\n                                    RE\n                        <\/td>\n<\/tr>\n<tr class=\" \" wp_automatic_readability=\"0.22314049586777\">\n<td class=\"table-child--centered table-child--top table-child--nowrap table-child--w60 txt-s1\">\n    17\/11<\/td>\n<td class=\"w-100\"><a href=\"https:\/\/ch.zonebourse.com\/actualite-bourse\/l-or-chute-de-plus-de-1-sous-l-effet-d-un-dollar-ferme-et-de-la-baisse-des-anticipations-de-reducti-ce7d5edadf8af522\" class=\"txt- txt-overflow-2 link link--no-underline my-5 my-m-0 \" target=\"_blank\" rel=\"noopener\"><\/p>\n<p>L&rsquo;or chute de plus de 1% sous l&rsquo;effet d&rsquo;un dollar ferme et de la baisse des anticipations de r\u00e9duction des taux<\/p>\n<p>                <\/a><\/td>\n<td class=\"table-child--right  table-child--top table-child--w60 c-none cm-table\">\n                                    RE\n                        <\/td>\n<\/tr>\n<tr class=\" \" wp_automatic_readability=\"0.13333333333333\">\n<td class=\"table-child--centered table-child--top table-child--nowrap table-child--w60 txt-s1\">\n    17\/11<\/td>\n<td class=\"w-100\"><a href=\"https:\/\/ch.zonebourse.com\/actualite-bourse\/le-bitcoin-atteint-un-creux-de-six-mois-dans-un-contexte-de-forte-aversion-au-risque-ce7d5edadf8af622\" class=\"txt- txt-overflow-2 link link--no-underline my-5 my-m-0 \" target=\"_blank\" rel=\"noopener\"><\/p>\n<p>Le bitcoin atteint un creux de six mois dans un contexte de forte aversion au risque<\/p>\n<p>                <\/a><\/td>\n<td class=\"table-child--right  table-child--top table-child--w60 c-none cm-table\"><img loading=\"lazy\" decoding=\"async\" src=\"https:\/\/www.europesays.com\/fr\/wp-content\/uploads\/2025\/05\/logo_at.gif\" width=\"14\" height=\"8\" alt=\"Zonebourse\"\/><\/td>\n<\/tr>\n<tr class=\" \" wp_automatic_readability=\"0.22222222222222\">\n<td class=\"table-child--centered table-child--top table-child--nowrap table-child--w60 txt-s1\">\n    17\/11<\/td>\n<td class=\"w-100\"><a href=\"https:\/\/ch.zonebourse.com\/actualite-bourse\/kugler-a-demissionne-apres-avoir-enfreint-les-regles-de-negociation-ce7d5edadf8bfe2d\" class=\"txt- txt-overflow-2 link link--no-underline my-5 my-m-0 \" target=\"_blank\" rel=\"noopener\"><\/p>\n<p>Kugler a d\u00e9missionn\u00e9 apr\u00e8s avoir enfreint les r\u00e8gles de n\u00e9gociation<\/p>\n<p>                <\/a><\/td>\n<td class=\"table-child--right  table-child--top table-child--w60 c-none cm-table\">\n                                    MT\n                        <\/td>\n<\/tr>\n<tr class=\" \" wp_automatic_readability=\"0.40909090909091\">\n<td class=\"table-child--centered table-child--top table-child--nowrap table-child--w60 txt-s1\">\n    17\/11<\/td>\n<td class=\"w-100\"><a href=\"https:\/\/ch.zonebourse.com\/actualite-bourse\/le-vice-president-de-la-fed-philip-jefferson-alerte-sur-une-hausse-des-risques-pesant-sur-l-emploi-ce7d5edadf88f123\" class=\"txt- txt-overflow-2 link link--no-underline my-5 my-m-0 \" target=\"_blank\" rel=\"noopener\"><\/p>\n<p>Le vice-pr\u00e9sident de la Fed, Philip Jefferson, alerte sur une hausse des risques pesant sur l&#8217;emploi<\/p>\n<p>                <\/a><\/td>\n<td class=\"table-child--right  table-child--top table-child--w60 c-none cm-table\">\n                                    MT\n                        <\/td>\n<\/tr>\n<tr class=\" \" wp_automatic_readability=\"0.18181818181818\">\n<td class=\"table-child--centered table-child--top table-child--nowrap table-child--w60 txt-s1\">\n    17\/11<\/td>\n<td class=\"w-100\"><a href=\"https:\/\/ch.zonebourse.com\/actualite-bourse\/goldman-sachs-anticipe-une-poursuite-des-achats-d-or-par-les-banques-centrales-en-novembre-ce7d5edadc80f326\" class=\"txt- txt-overflow-2 link link--no-underline my-5 my-m-0 \" target=\"_blank\" rel=\"noopener\"><\/p>\n<p>Goldman Sachs anticipe une poursuite des achats d&rsquo;or par les banques centrales en novembre<\/p>\n<p>                <\/a><\/td>\n<td class=\"table-child--right  table-child--top table-child--w60 c-none cm-table\">\n                                    RE\n                        <\/td>\n<\/tr>\n<tr class=\" \" wp_automatic_readability=\"0.31764705882353\">\n<td class=\"table-child--centered table-child--top table-child--nowrap table-child--w60 txt-s1\">\n    17\/11<\/td>\n<td class=\"w-100\"><a href=\"https:\/\/ch.zonebourse.com\/actualite-bourse\/le-doute-sur-les-taux-de-la-fed-fait-avancer-le-dollar-le-bitcoin-se-replie-ce7d5edadc81f727\" class=\"txt- txt-overflow-2 link link--no-underline my-5 my-m-0 \" target=\"_blank\" rel=\"noopener\"><\/p>\n<p>Le doute sur les taux de la Fed fait avancer le dollar, le bitcoin se replie<\/p>\n<p>                <\/a><\/td>\n<td class=\"table-child--right  table-child--top table-child--w60 c-none cm-table\">\n                                    AW\n                        <\/td>\n<\/tr>\n<tr class=\" \" wp_automatic_readability=\"0.34883720930233\">\n<td class=\"table-child--centered table-child--top table-child--nowrap table-child--w60 txt-s1\">\n    17\/11<\/td>\n<td class=\"w-100\"><a href=\"https:\/\/ch.zonebourse.com\/actualite-bourse\/le-vice-president-de-la-fed-philip-jefferson-preconise-la-prudence-dans-l-assouplissement-de-la-po-ce7d5edadc8cf225\" class=\"txt- txt-overflow-2 link link--no-underline my-5 my-m-0 \" target=\"_blank\" rel=\"noopener\"><\/p>\n<p>Le vice-pr\u00e9sident de la Fed, Philip Jefferson, pr\u00e9conise la prudence dans l&rsquo;assouplissement de la politique mon\u00e9taire<\/p>\n<p>                <\/a><\/td>\n<td class=\"table-child--right  table-child--top table-child--w60 c-none cm-table\">\n                                    MT\n                        <\/td>\n<\/tr>\n<tr class=\" \" wp_automatic_readability=\"0.25352112676056\">\n<td class=\"table-child--centered table-child--top table-child--nowrap table-child--w60 txt-s1\">\n    17\/11<\/td>\n<td class=\"w-100\"><a href=\"https:\/\/ch.zonebourse.com\/actualite-bourse\/devises-le-rebondit-legerement-le-yen-decroche-sous-155--ce7d5edadc8cf527\" class=\"txt- txt-overflow-2 link link--no-underline my-5 my-m-0 \" target=\"_blank\" rel=\"noopener\"><\/p>\n<p>Devises : le $ rebondit l\u00e9g\u00e8rement, le Yen d\u00e9croche sous 155\/$<\/p>\n<p>                <\/a><\/td>\n<td class=\"table-child--right  table-child--top table-child--w60 c-none cm-table\"><img loading=\"lazy\" decoding=\"async\" src=\"https:\/\/www.europesays.com\/fr\/wp-content\/uploads\/2025\/05\/logo_at.gif\" width=\"14\" height=\"8\" alt=\"Zonebourse\"\/><\/td>\n<\/tr>\n<tr class=\" \" wp_automatic_readability=\"0.20300751879699\">\n<td class=\"table-child--centered table-child--top table-child--nowrap table-child--w60 txt-s1\">\n    17\/11<\/td>\n<td class=\"w-100\"><a href=\"https:\/\/ch.zonebourse.com\/actualite-bourse\/lucy-baldwin-de-citi-anticipe-une-faiblesse-du-marche-du-travail-suffisante-pour-une-baisse-des-taux-ce7d5edadc8dff2d\" class=\"txt- txt-overflow-2 link link--no-underline my-5 my-m-0 \" target=\"_blank\" rel=\"noopener\"><\/p>\n<p>Lucy Baldwin de Citi anticipe une faiblesse du march\u00e9 du travail suffisante pour une baisse des taux de la Fed en d\u00e9cembre<\/p>\n<p>                <\/a><\/td>\n<td class=\"table-child--right  table-child--top table-child--w60 c-none cm-table\">\n                                    MT\n                        <\/td>\n<\/tr>\n<tr class=\" \" wp_automatic_readability=\"0.14634146341463\">\n<td class=\"table-child--centered table-child--top table-child--nowrap table-child--w60 txt-s1\">\n    17\/11<\/td>\n<td class=\"w-100\"><a href=\"https:\/\/ch.zonebourse.com\/actualite-bourse\/taux-acces-de-nervosite-sur-l-obligataire-au-japon-et-rendements-records-ce7d5edadc8df521\" class=\"txt- txt-overflow-2 link link--no-underline my-5 my-m-0 \" target=\"_blank\" rel=\"noopener\"><\/p>\n<p>Taux : acc\u00e8s de nervosit\u00e9 sur l&rsquo;obligataire au Japon et rendements records<\/p>\n<p>                <\/a><\/td>\n<td class=\"table-child--right  table-child--top table-child--w60 c-none cm-table\"><img loading=\"lazy\" decoding=\"async\" src=\"https:\/\/www.europesays.com\/fr\/wp-content\/uploads\/2025\/05\/logo_at.gif\" width=\"14\" height=\"8\" alt=\"Zonebourse\"\/><\/td>\n<\/tr>\n<tr class=\" \" wp_automatic_readability=\"0.24657534246575\">\n<td class=\"table-child--centered table-child--top table-child--nowrap table-child--w60 txt-s1\">\n    17\/11<\/td>\n<td class=\"w-100\"><a href=\"https:\/\/ch.zonebourse.com\/actualite-bourse\/fmc-ag-emet-une-obligation-d-un-montant-de-500-millions-d-euros-ce7d5edadc8af424\" class=\"txt- txt-overflow-2 link link--no-underline my-5 my-m-0 \" target=\"_blank\" rel=\"noopener\"><\/p>\n<p>FMC AG \u00e9met une obligation d&rsquo;un montant de 500 millions d&rsquo;euros<\/p>\n<p>                <\/a><\/td>\n<td class=\"table-child--right  table-child--top table-child--w60 c-none cm-table\">\n                                    RE\n                        <\/td>\n<\/tr>\n<tr class=\" \" wp_automatic_readability=\"0.225\">\n<td class=\"table-child--centered table-child--top table-child--nowrap table-child--w60 txt-s1\">\n    17\/11<\/td>\n<td class=\"w-100\"><a href=\"https:\/\/ch.zonebourse.com\/actualite-bourse\/stifel-prevoit-une-baisse-de-5-de-l-indice-s-p-500-jusqu-a-6-350-points-ce7d5edadc8bf12d\" class=\"txt- txt-overflow-2 link link--no-underline my-5 my-m-0 \" target=\"_blank\" rel=\"noopener\"><\/p>\n<p>Stifel pr\u00e9voit une baisse de 5\u00a0% de l&rsquo;indice S&amp;P 500 \u00e0 6\u00a0350 points<\/p>\n<p>                <\/a><\/td>\n<td class=\"table-child--right  table-child--top table-child--w60 c-none cm-table\">\n                                    RE\n                        <\/td>\n<\/tr>\n<tr class=\" \" wp_automatic_readability=\"0.2109375\">\n<td class=\"table-child--centered table-child--top table-child--nowrap table-child--w60 txt-s1\">\n    17\/11<\/td>\n<td class=\"w-100\"><a href=\"https:\/\/ch.zonebourse.com\/actualite-bourse\/home-depot-et-lowe-s-les-resultats-trimestriels-attendus-comme-barometre-de-la-reprise-des-depense-ce7d5edadd80f026\" class=\"txt- txt-overflow-2 link link--no-underline my-5 my-m-0 \" target=\"_blank\" rel=\"noopener\"><\/p>\n<p>Home Depot et Lowe&rsquo;s : les r\u00e9sultats trimestriels attendus comme barom\u00e8tre de la reprise des d\u00e9penses en r\u00e9novation<\/p>\n<p>                <\/a><\/td>\n<td class=\"table-child--right  table-child--top table-child--w60 c-none cm-table\">\n                                    RE\n                        <\/td>\n<\/tr>\n<p>    <img decoding=\"async\" src=\"https:\/\/www.europesays.com\/fr\/wp-content\/uploads\/2025\/04\/img_footer_appstore.png\" alt=\"Download from Apple Store\" loading=\"lazy\"\/><\/p>\n<p class=\"m-0\">NOS EXPERTS \u00c0 VOTRE \u00c9COUTE<\/p>\n<p class=\"m-0 txt-bold\">Lundi &#8211; Vendredi 9h-12h \/ 14h-18h<\/p>\n<p><img decoding=\"async\" src=\"https:\/\/www.europesays.com\/fr\/wp-content\/uploads\/2025\/04\/footer_logo_zb.png\" width=\"181\" height=\"24\" alt=\"Zonebourse, bourse en direct\" loading=\"lazy\"\/><br \/>\n                    Mentions l\u00e9gales<br \/>\n                |<br \/>\n                Param\u00e9trer les cookies<br \/>\n            |<br \/>\n                    Blog Zonebourse<br \/>\n                |<a href=\"https:\/\/ch.zonebourse.com\/qui-sommes-nous\" class=\"link txt-footer\" target=\"_blank\" rel=\"noopener\"><br \/>\n                Qui sommes-nous ?<br \/>\n            <\/a>|<br \/>\n                Copyright \u00a9 2025 Surperformance SAS. Tous droits r\u00e9serv\u00e9s.<\/p>\n<p>\n            Les cotations sont fournies par Factset, Morningstar et S&amp;P Capital IQ\n        <\/p>\n<p>]]]]>]]><\/p>\n<p class=\"pl-10 txt-bold m-0\">S\u00e9lectionnez votre \u00e9dition<\/p>\n<p class=\"txt-s1 txt-muted m-0 pl-10\">Toutes les informations financi\u00e8res adapt\u00e9es au niveau national<\/p>\n<\/td>\n","protected":false},"excerpt":{"rendered":"Temps Diff\u00e9r\u00e9 04:02:39 18\/11\/2025 Varia. 5j. Varia. 1 janv. 1,1593 USD +0,03% +0,05% +11,99% Publi\u00e9 le 17\/11\/2025 \u00e0&hellip;\n","protected":false},"author":2,"featured_media":541623,"comment_status":"","ping_status":"","sticky":false,"template":"","format":"standard","meta":{"footnotes":""},"categories":[1589],"tags":[11,340,73,1866,12,1864,1865,1863,308],"class_list":{"0":"post-541622","1":"post","2":"type-post","3":"status-publish","4":"format-standard","5":"has-post-thumbnail","7":"category-etats-unis","8":"tag-actualites","9":"tag-bourse","10":"tag-etats-unis","11":"tag-etats-unis-damerique","12":"tag-news","13":"tag-united-states","14":"tag-united-states-of-america","15":"tag-us","16":"tag-usa"},"share_on_mastodon":{"url":"https:\/\/pubeurope.com\/@fr\/115568543660925395","error":""},"_links":{"self":[{"href":"https:\/\/www.europesays.com\/fr\/wp-json\/wp\/v2\/posts\/541622","targetHints":{"allow":["GET"]}}],"collection":[{"href":"https:\/\/www.europesays.com\/fr\/wp-json\/wp\/v2\/posts"}],"about":[{"href":"https:\/\/www.europesays.com\/fr\/wp-json\/wp\/v2\/types\/post"}],"author":[{"embeddable":true,"href":"https:\/\/www.europesays.com\/fr\/wp-json\/wp\/v2\/users\/2"}],"replies":[{"embeddable":true,"href":"https:\/\/www.europesays.com\/fr\/wp-json\/wp\/v2\/comments?post=541622"}],"version-history":[{"count":0,"href":"https:\/\/www.europesays.com\/fr\/wp-json\/wp\/v2\/posts\/541622\/revisions"}],"wp:featuredmedia":[{"embeddable":true,"href":"https:\/\/www.europesays.com\/fr\/wp-json\/wp\/v2\/media\/541623"}],"wp:attachment":[{"href":"https:\/\/www.europesays.com\/fr\/wp-json\/wp\/v2\/media?parent=541622"}],"wp:term":[{"taxonomy":"category","embeddable":true,"href":"https:\/\/www.europesays.com\/fr\/wp-json\/wp\/v2\/categories?post=541622"},{"taxonomy":"post_tag","embeddable":true,"href":"https:\/\/www.europesays.com\/fr\/wp-json\/wp\/v2\/tags?post=541622"}],"curies":[{"name":"wp","href":"https:\/\/api.w.org\/{rel}","templated":true}]}}