{"id":541629,"date":"2025-11-18T03:21:15","date_gmt":"2025-11-18T03:21:15","guid":{"rendered":"https:\/\/www.europesays.com\/fr\/541629\/"},"modified":"2025-11-18T03:21:15","modified_gmt":"2025-11-18T03:21:15","slug":"le-tandem-merz-macron-en-quete-de-souverainete-numerique-pour-leurope-actualites","status":"publish","type":"post","link":"https:\/\/www.europesays.com\/fr\/541629\/","title":{"rendered":"Le tandem Merz-Macron en qu\u00eate de souverainet\u00e9 num\u00e9rique pour l&rsquo;Europe : Actualit\u00e9s"},"content":{"rendered":"<p class=\"lead \">Le chancelier allemand et le pr\u00e9sident fran\u00e7ais veulent impulser mardi \u00e0 Berlin la qu\u00eate de \u00ab\u00a0souverainet\u00e9 num\u00e9rique\u00a0\u00bb d&rsquo;une Europe terriblement d\u00e9pendante des g\u00e9ants am\u00e9ricains de la tech en pleine course \u00e0 l&rsquo;IA. <\/p>\n<p class=\"lead \">Friedrich Merz et Emmanuel Macron, les dirigeants des deux plus grandes \u00e9conomies europ\u00e9ennes, veulent donner un coup d&rsquo;acc\u00e9l\u00e9rateur \u00e0 cette ambition \u00e0 l&rsquo;occasion d&rsquo;un sommet r\u00e9unissant, outre les politiques, des patrons des entreprises du secteur, \u00e0 commencer par le sp\u00e9cialiste fran\u00e7ais de l&rsquo;intelligence artificielle Mistral, et le g\u00e9ant allemand des logiciels SAP.<\/p>\n<p class=\"lead \">Face \u00e0 l&rsquo;ampleur et la vitesse de la r\u00e9volution technologique en cours, les dirigeants europ\u00e9ens et les entreprises du secteur sont appel\u00e9s \u00e0 trouver des solutions pour avoir la main sur le destin num\u00e9rique de l&rsquo;Europe.<\/p>\n<p class=\"lead \">Les inqui\u00e9tudes li\u00e9es \u00e0 la domination am\u00e9ricaine ont pris une autre dimension avec le retour \u00e0 la Maison Blanche du pr\u00e9sident Donald Trump, qui m\u00e8ne une politique commerciale offensive avec ses droits de douane accrus et veut se d\u00e9sengager militairement du continent europ\u00e9en.<\/p>\n<p class=\"lead \">Selon le ministre allemand du Num\u00e9rique, Karsten Wildberger, la r\u00e9union de mardi aura donc pour \u00ab\u00a0message central\u00a0\u00bb que \u00ab\u00a0l&rsquo;Europe est pr\u00eate \u00e0 b\u00e2tir son propre avenir num\u00e9rique\u00a0\u00bb.<\/p>\n<p class=\"lead \">S&rsquo;exprimant lundi en marge de l&rsquo;inauguration du chantier d&rsquo;un centre de donn\u00e9es estim\u00e9 \u00e0 11 milliards d&rsquo;euros, il a plaid\u00e9 pour une Europe qui travaille \u00ab\u00a0plus vite\u00a0\u00bb et \u00ab\u00a0ensemble\u00a0\u00bb.<\/p>\n<p class=\"lead \">Car un point cl\u00e9 est le reproche fait \u00e0 l&rsquo;Union europ\u00e9enne (UE) de tout ralentir avec ses r\u00e8gles et sa bureaucratie.<\/p>\n<p class=\"lead \">L&rsquo;UE doit d&rsquo;ailleurs proposer cette semaine des assouplissements de sa r\u00e9glementation concernant l&rsquo;IA et la protection des donn\u00e9es.<\/p>\n<p class=\"lead \">Entreprises europ\u00e9ennes et am\u00e9ricaines n&rsquo;ont cess\u00e9 de d\u00e9noncer des l\u00e9gislations trop complexes, freinant l&rsquo;innovation et la comp\u00e9titivit\u00e9. Mais pour d&rsquo;autres acteurs, en particulier de la soci\u00e9t\u00e9 civile, il faut des garde-fous et prot\u00e9ger les donn\u00e9es des citoyens.<\/p>\n<p class=\"lead \">&#8211; Le d\u00e9fi du Cloud &#8211;<\/p>\n<p class=\"lead \">Un autre enjeu des discussions \u00e0 Berlin sera l&rsquo;effort \u00e0 faire pour cr\u00e9er des capacit\u00e9s europ\u00e9ennes dans l&rsquo;informatique \u00e0 distance (\u00ab\u00a0cloud computing\u00a0\u00bb), un secteur sous la coupe de Google, AWS (filiale d&rsquo;Amazon) et Microsoft.<\/p>\n<p class=\"lead \">MM. Merz et Macron doivent marteler leur message \u00e0 tour de r\u00f4le dans des discours mardi apr\u00e8s-midi, lors d&rsquo;une conf\u00e9rence pl\u00e9ni\u00e8re \u00e0 laquelle assisteront aussi de nombreux ministres europ\u00e9ens du Num\u00e9rique.<\/p>\n<p class=\"lead \">Outre la domination des \u00c9tats-Unis, l&rsquo;Europe est aussi face au d\u00e9fi de sa d\u00e9pendance \u00e0 l&rsquo;\u00e9gard de l&rsquo;Asie, en particulier la Chine, pour les \u00e9quipements, semi-conducteurs ou composants d&rsquo;ordinateurs.<\/p>\n<p class=\"lead \">Selon une enqu\u00eate men\u00e9e par l&rsquo;association allemande Bitkom, environ 90% des entreprises allemandes qui importent des biens ou services num\u00e9riques se consid\u00e8rent d\u00e9pendantes de ceux-ci.<\/p>\n<p class=\"lead \">&#8211; \u00ab\u00a0Mus\u00e9e\u00a0\u00bb technologique? &#8211;<\/p>\n<p class=\"lead \">Interrog\u00e9 par l&rsquo;AFP, le pr\u00e9sident de Bitkom, Ralf Wintergerst, a soulign\u00e9 l&rsquo;urgence d&rsquo;investir massivement.<\/p>\n<p class=\"lead \">\u00ab\u00a0L&rsquo;Europe ne doit pas se faire distancer, les investissements d&rsquo;aujourd&rsquo;hui sont les emplois de demain\u00a0\u00bb, a-t-il not\u00e9, \u00ab\u00a0si l&rsquo;Europe ne veut pas devenir un mus\u00e9e technologique, nous devons augmenter les investissements de mani\u00e8re significative\u00a0\u00bb.<\/p>\n<p class=\"lead \">Mais la bataille s&rsquo;annonce difficile, entre croissance atone, retard accumul\u00e9, et des entreprises miniatures quand on les compare aux rivales am\u00e9ricaines.<\/p>\n<p class=\"lead \">Ainsi, selon Bitkom, les centres de donn\u00e9es europ\u00e9ens, un \u00e9l\u00e9ment cl\u00e9 de la r\u00e9volution de l&rsquo;IA, avaient une capacit\u00e9 de 16 gigawatts l&rsquo;an dernier, contre 48 aux Etats-Unis et 38 \u00e0 la Chine.<\/p>\n<p class=\"lead \">Autre exemple, certains r\u00e9cents investissements annonc\u00e9s en Allemagne ne font qu&rsquo;illustrer la d\u00e9pendance vis-\u00e0-vis des Am\u00e9ricains: un des projets est entre les mains de Google, l&rsquo;autre repose sur les puces du g\u00e9ant Nvidia.<\/p>\n<p class=\"lead \">Pour un responsable fran\u00e7ais, il ne s&rsquo;agit donc pas tant d&rsquo;une \u00ab\u00a0confrontation\u00a0\u00bb avec les Etats-Unis ou la Chine que de savoir \u00ab\u00a0comment prot\u00e9ger nos coeurs de souverainet\u00e9 et quelles sont les r\u00e8gles qui doivent \u00eatre mises en place\u00a0\u00bb.<\/p>\n<p class=\"small font-weight-bold text-gray3 \"> publi\u00e9 le 18 novembre \u00e0 04h11, AFP<\/p>\n<p>                             Partager<\/p>\n","protected":false},"excerpt":{"rendered":"Le chancelier allemand et le pr\u00e9sident fran\u00e7ais veulent impulser mardi \u00e0 Berlin la qu\u00eate de \u00ab\u00a0souverainet\u00e9 num\u00e9rique\u00a0\u00bb d&rsquo;une&hellip;\n","protected":false},"author":2,"featured_media":541630,"comment_status":"","ping_status":"","sticky":false,"template":"","format":"standard","meta":{"footnotes":""},"categories":[1586],"tags":[13790,11,672,309,215,2483,313,1777,674,1011,27,861,311,2554,17221,12,39030,316,25,17220,42,1778,308],"class_list":{"0":"post-541629","1":"post","2":"type-post","3":"status-publish","4":"format-standard","5":"has-post-thumbnail","7":"category-europe","8":"tag-conomie","9":"tag-actualites","10":"tag-allemagne","11":"tag-chine","12":"tag-commerce","13":"tag-droits","14":"tag-entreprises","15":"tag-eu","16":"tag-europe","17":"tag-fr","18":"tag-france","19":"tag-ia","20":"tag-informatique","21":"tag-investissements","22":"tag-mobiles","23":"tag-news","24":"tag-ordinateurs","25":"tag-politique","26":"tag-republique-francaise","27":"tag-tlcoms","28":"tag-technologies","29":"tag-ue","30":"tag-usa"},"share_on_mastodon":{"url":"https:\/\/pubeurope.com\/@fr\/115568553723351132","error":""},"_links":{"self":[{"href":"https:\/\/www.europesays.com\/fr\/wp-json\/wp\/v2\/posts\/541629","targetHints":{"allow":["GET"]}}],"collection":[{"href":"https:\/\/www.europesays.com\/fr\/wp-json\/wp\/v2\/posts"}],"about":[{"href":"https:\/\/www.europesays.com\/fr\/wp-json\/wp\/v2\/types\/post"}],"author":[{"embeddable":true,"href":"https:\/\/www.europesays.com\/fr\/wp-json\/wp\/v2\/users\/2"}],"replies":[{"embeddable":true,"href":"https:\/\/www.europesays.com\/fr\/wp-json\/wp\/v2\/comments?post=541629"}],"version-history":[{"count":0,"href":"https:\/\/www.europesays.com\/fr\/wp-json\/wp\/v2\/posts\/541629\/revisions"}],"wp:featuredmedia":[{"embeddable":true,"href":"https:\/\/www.europesays.com\/fr\/wp-json\/wp\/v2\/media\/541630"}],"wp:attachment":[{"href":"https:\/\/www.europesays.com\/fr\/wp-json\/wp\/v2\/media?parent=541629"}],"wp:term":[{"taxonomy":"category","embeddable":true,"href":"https:\/\/www.europesays.com\/fr\/wp-json\/wp\/v2\/categories?post=541629"},{"taxonomy":"post_tag","embeddable":true,"href":"https:\/\/www.europesays.com\/fr\/wp-json\/wp\/v2\/tags?post=541629"}],"curies":[{"name":"wp","href":"https:\/\/api.w.org\/{rel}","templated":true}]}}