{"id":541631,"date":"2025-11-18T03:22:42","date_gmt":"2025-11-18T03:22:42","guid":{"rendered":"https:\/\/www.europesays.com\/fr\/541631\/"},"modified":"2025-11-18T03:22:42","modified_gmt":"2025-11-18T03:22:42","slug":"multimedia-lue-adopte-de-nouvelles-regles-pour-accelerer-le-traitement-des-plaintes-transfrontalieres-liees-aux-donnees-personnelles-xinhua","status":"publish","type":"post","link":"https:\/\/www.europesays.com\/fr\/541631\/","title":{"rendered":"(Multim\u00e9dia) L&rsquo;UE adopte de nouvelles r\u00e8gles pour acc\u00e9l\u00e9rer le traitement des plaintes transfrontali\u00e8res li\u00e9es aux donn\u00e9es personnelles &#8211; Xinhua"},"content":{"rendered":"<p><img decoding=\"async\" controls=\"controls\" src=\"https:\/\/www.europesays.com\/fr\/wp-content\/uploads\/2025\/11\/202511182ccd3b13b47d498eaa805af2bf7f5e42_XxjifrF000001_20251118_CBMFN0A001.JPG\"\/>Photo prise le 23 mai 2025 montrant des drapeaux de l&rsquo;Union europ\u00e9enne au si\u00e8ge de la Commission europ\u00e9enne \u00e0 Bruxelles, en Belgique. (Xinhua\/Zhao Dingzhe)<\/p>\n<p><strong>Le Conseil de l&rsquo;Union europ\u00e9enne (UE) a adopt\u00e9 lundi, de nouvelles r\u00e8gles pour am\u00e9liorer la coop\u00e9ration entre les autorit\u00e9s nationales charg\u00e9es de la protection des donn\u00e9es, dans le cadre de l&rsquo;application du r\u00e8glement g\u00e9n\u00e9ral sur la protection des donn\u00e9es (RGPD).<\/strong><\/p>\n<p>BRUXELLES, 17 novembre (Xinhua) &#8212; Le Conseil de l&rsquo;Union europ\u00e9enne (UE) a adopt\u00e9 lundi, de nouvelles r\u00e8gles pour am\u00e9liorer la coop\u00e9ration entre les autorit\u00e9s nationales charg\u00e9es de la protection des donn\u00e9es, dans le cadre de l&rsquo;application du r\u00e8glement g\u00e9n\u00e9ral sur la protection des donn\u00e9es (RGPD).<\/p>\n<p>Ces nouvelles r\u00e8gles adopt\u00e9es visent \u00e0 acc\u00e9l\u00e9rer le traitement des plaintes transfrontali\u00e8res en mati\u00e8re de protection des donn\u00e9es. Elles permettront de rationaliser les proc\u00e9dures administratives relatives aux droits des plaignants, ou \u00e0 la recevabilit\u00e9 des affaires \u00e0 titre d&rsquo;exemples.<\/p>\n<p>Ainsi, quel que soit le lieu o\u00f9 la plainte est d\u00e9pos\u00e9e dans l&rsquo;UE, la recevabilit\u00e9 sera jug\u00e9e sur la base des m\u00eames informations.<\/p>\n<p>Les conditions de recevabilit\u00e9 d&rsquo;une action transfrontali\u00e8re, ou encore la d\u00e9cision de savoir si une plainte remplit les conditions pour faire l&rsquo;objet d&rsquo;une enqu\u00eate seront harmonis\u00e9es.<\/p>\n<p>Des r\u00e8gles communes s&rsquo;appliqueront \u00e0 la participation du plaignant \u00e0 la proc\u00e9dure, au droit d&rsquo;\u00eatre entendu de l&rsquo;entreprise ou de l&rsquo;organisation faisant l&rsquo;objet de l&rsquo;enqu\u00eate, ainsi qu&rsquo;au droit de recevoir les conclusions pr\u00e9liminaires afin d&rsquo;exprimer son point de vue \u00e0 ce sujet.<\/p>\n<p>Cette nouvelle r\u00e9glementation introduit la proc\u00e9dure de coop\u00e9ration simplifi\u00e9e. Autrement dit, les autorit\u00e9s charg\u00e9es de la protection des donn\u00e9es peuvent d\u00e9cider de r\u00e9gler les affaires sans recourir \u00e0 l&rsquo;ensemble des r\u00e8gles de coop\u00e9ration.<\/p>\n<p>Le d\u00e9lai d&rsquo;une enqu\u00eate \u00e0 l&rsquo;avenir ne devrait pas durer plus de quinze mois selon le communiqu\u00e9. Dans le cas d&rsquo;une proc\u00e9dure simplifi\u00e9e, l&rsquo;enqu\u00eate devrait \u00eatre cl\u00f4tur\u00e9e dans un d\u00e9lai de douze mois. Pour les cas d&rsquo;enqu\u00eate les plus complexes, ce d\u00e9lai peut \u00eatre prolong\u00e9 de douze mois.<\/p>\n<p>La nouvelle r\u00e9glementation sur la protection des donn\u00e9es entrera en vigueur, vingt jours apr\u00e8s sa publication au Journal officiel de l&rsquo;UE. Elle deviendra applicable quinze mois apr\u00e8s son entr\u00e9e en vigueur.<\/p>\n","protected":false},"excerpt":{"rendered":"Photo prise le 23 mai 2025 montrant des drapeaux de l&rsquo;Union europ\u00e9enne au si\u00e8ge de la Commission europ\u00e9enne&hellip;\n","protected":false},"author":2,"featured_media":541632,"comment_status":"","ping_status":"","sticky":false,"template":"","format":"standard","meta":{"footnotes":""},"categories":[1586],"tags":[11,1777,674,1779,1011,27,12,25,1778,65981,364],"class_list":{"0":"post-541631","1":"post","2":"type-post","3":"status-publish","4":"format-standard","5":"has-post-thumbnail","7":"category-europe","8":"tag-actualites","9":"tag-eu","10":"tag-europe","11":"tag-european-union","12":"tag-fr","13":"tag-france","14":"tag-news","15":"tag-republique-francaise","16":"tag-ue","17":"tag-ue-legislation-donnees","18":"tag-union-europeenne"},"share_on_mastodon":{"url":"https:\/\/pubeurope.com\/@fr\/115568557973857495","error":""},"_links":{"self":[{"href":"https:\/\/www.europesays.com\/fr\/wp-json\/wp\/v2\/posts\/541631","targetHints":{"allow":["GET"]}}],"collection":[{"href":"https:\/\/www.europesays.com\/fr\/wp-json\/wp\/v2\/posts"}],"about":[{"href":"https:\/\/www.europesays.com\/fr\/wp-json\/wp\/v2\/types\/post"}],"author":[{"embeddable":true,"href":"https:\/\/www.europesays.com\/fr\/wp-json\/wp\/v2\/users\/2"}],"replies":[{"embeddable":true,"href":"https:\/\/www.europesays.com\/fr\/wp-json\/wp\/v2\/comments?post=541631"}],"version-history":[{"count":0,"href":"https:\/\/www.europesays.com\/fr\/wp-json\/wp\/v2\/posts\/541631\/revisions"}],"wp:featuredmedia":[{"embeddable":true,"href":"https:\/\/www.europesays.com\/fr\/wp-json\/wp\/v2\/media\/541632"}],"wp:attachment":[{"href":"https:\/\/www.europesays.com\/fr\/wp-json\/wp\/v2\/media?parent=541631"}],"wp:term":[{"taxonomy":"category","embeddable":true,"href":"https:\/\/www.europesays.com\/fr\/wp-json\/wp\/v2\/categories?post=541631"},{"taxonomy":"post_tag","embeddable":true,"href":"https:\/\/www.europesays.com\/fr\/wp-json\/wp\/v2\/tags?post=541631"}],"curies":[{"name":"wp","href":"https:\/\/api.w.org\/{rel}","templated":true}]}}