{"id":541633,"date":"2025-11-18T03:23:14","date_gmt":"2025-11-18T03:23:14","guid":{"rendered":"https:\/\/www.europesays.com\/fr\/541633\/"},"modified":"2025-11-18T03:23:14","modified_gmt":"2025-11-18T03:23:14","slug":"pour-mettre-fin-au-trafic-de-drogue-donald-trump-declare-quil-naurait-aucun-probleme-avec-des-frappes-americaines-au-mexique","status":"publish","type":"post","link":"https:\/\/www.europesays.com\/fr\/541633\/","title":{"rendered":"Pour mettre fin au trafic de drogue, Donald Trump d\u00e9clare qu&rsquo;il n&rsquo;aurait \u00ab\u00a0aucun probl\u00e8me\u00a0\u00bb avec des frappes am\u00e9ricaines au Mexique"},"content":{"rendered":"\n<p class=\"c-chapo \">\n  \u00ab\u00a0Il y a de gros probl\u00e8mes l\u00e0-bas\u00a0\u00bb, a soulign\u00e9 le dirigeant r\u00e9publicain, sugg\u00e9rant de mener des frappes a\u00e9riennes contre des bateaux suspect\u00e9s de transporter de la drogue.\n<\/p>\n<p>      lire plus tard<\/p>\n<p id=\"dialog__title\" class=\"dialog__title\">Pour sauvegarder cet article, connectez-vous ou cr\u00e9ez un compte franceinfo<\/p>\n<p class=\"dialog__description\">Sans paiement. Sans abonnement.<\/p>\n<p>        Fermer la fen\u00eatre d\u2019activation des notifications France Info<\/p>\n<p>      cr\u00e9er votre compte<\/p>\n<p>      se connecter<\/p>\n<p>        Fermer la fen\u00eatre de pr\u00e9sentation<\/p>\n<p>    <img loading=\"lazy\" decoding=\"async\" class=\"signature__image lazyload\" width=\"100\" height=\"100\" data- alt=\"\" src=\"https:\/\/www.europesays.com\/fr\/wp-content\/uploads\/2025\/05\/64a68815cd1a7_placeholder-36b69ec8.png\"\/><\/p>\n<p>    Publi\u00e9 le 17\/11\/2025 23:05<\/p>\n<p>        Temps de lecture : 1min<\/p>\n<p>    <img decoding=\"async\"  alt=\"Donald Trump dans le bureau Ovale \u00e0 la Maison Blanche, \u00e0 Washington, ole 17 novembre 2025. (WIN MCNAMEE \/ GETTY IMAGES NORTH AMERICA \/ AFP)\" width=\"432\" height=\"243\" src=\"https:\/\/www.europesays.com\/fr\/wp-content\/uploads\/2025\/11\/063-2247182148-691b9bd7a64da723626643.jpg\" fetchpriority=\"high\"\/><\/p>\n<p>      Donald Trump dans le bureau Ovale \u00e0 la Maison Blanche, \u00e0 Washington, ole 17 novembre 2025. (WIN MCNAMEE \/ GETTY IMAGES NORTH AMERICA \/ AFP)<\/p>\n<p>Nouvelle menace brandie par le pr\u00e9sident am\u00e9ricain \u00e0 l&rsquo;encontre d&rsquo;un Etat \u00e9tranger. Donald Trump a affirm\u00e9 qu&rsquo;il n&rsquo;aurait \u00ab\u00a0aucun probl\u00e8me\u00a0\u00bb avec d&rsquo;\u00e9ventuelles frappes am\u00e9ricaines au Mexique <a href=\"https:\/\/www.franceinfo.fr\/monde\/usa\/presidentielle\/donald-trump\/donald-trump-autorise-l-envoi-de-l-armee-pour-lutter-contre-les-cartels-de-la-drogue-etrangers-le-mexique-dement-toute-invasion-americaine_7425292.html\" rel=\"nofollow noopener\" target=\"_blank\">pour lutter contre les cartels de drogue<\/a>, lundi 17 novembre. \u00ab\u00a0Est-ce que je lancerais des frappes au Mexique pour mettre fin au trafic de drogue? \u00c7a ne me pose aucun probl\u00e8me\u00a0\u00bb, a-t-il d\u00e9clar\u00e9 \u00e0 des journalistes, dans le Bureau ovale de la Maison Blanche.<\/p>\n<p>\u00ab\u00a0Il y a de gros probl\u00e8mes l\u00e0-bas\u00a0\u00bb, a poursuivi le dirigeant r\u00e9publicain, sugg\u00e9rant de mener des frappes a\u00e9riennes contre des bateaux suspect\u00e9s de transporter de la drogue \u00e0 l&rsquo;image de ce que fait Washington dans les Cara\u00efbes et le Pacifique. Les Etats-Unis ont men\u00e9 ces derni\u00e8res semaines <a href=\"https:\/\/www.franceinfo.fr\/monde\/venezuela\/l-onu-appelle-les-etats-unis-a-cesser-leurs-frappes-contre-des-narcotrafiquants-presumes-dans-le-pacifique_7587008.html\" rel=\"nofollow noopener\" target=\"_blank\">une vingtaine de frappes contre des embarcations<\/a> qu&rsquo;ils accusent \u2014 sans pr\u00e9senter de preuves \u2014\u00a0de transporter de la drogue, faisant au moins 83 victimes.<\/p>\n<p>Lundi soir, Donald Trump a aussi \u00e9voqu\u00e9 <a href=\"https:\/\/www.franceinfo.fr\/monde\/venezuela\/on-vous-resume-l-escalade-entre-donald-trump-et-nicolas-maduro-le-president-du-venezuela-qui-accuse-les-etats-unis-de-preparer-un-changement-de-regime_7459141.html\" rel=\"nofollow noopener\" target=\"_blank\">les relations avec le Venezuela<\/a>, alors que le d\u00e9ploiement militaire am\u00e9ricain au large du pays sud-am\u00e9ricain fait monter les tensions dans la r\u00e9gion. \u00ab\u00a0A un moment donn\u00e9, je vais parler\u00a0\u00bb au pr\u00e9sident Nicolas Maduro, a d\u00e9clar\u00e9 le dirigeant am\u00e9ricain, ajoutant que son homologue \u00ab\u00a0n&rsquo;a pas \u00e9t\u00e9 bon pour les Etats-Unis\u00a0\u00bb. Interrog\u00e9 pour savoir s&rsquo;il excluait l&rsquo;envoi de troupes am\u00e9ricaines au Venezuela, Donald Trump a r\u00e9pondu : \u00ab\u00a0Non, je n&rsquo;exclus pas cette possibilit\u00e9, je n&rsquo;exclus rien\u00a0\u00bb.<\/p>\n","protected":false},"excerpt":{"rendered":"\u00ab\u00a0Il y a de gros probl\u00e8mes l\u00e0-bas\u00a0\u00bb, a soulign\u00e9 le dirigeant r\u00e9publicain, sugg\u00e9rant de mener des frappes a\u00e9riennes&hellip;\n","protected":false},"author":2,"featured_media":541634,"comment_status":"","ping_status":"","sticky":false,"template":"","format":"standard","meta":{"footnotes":""},"categories":[2],"tags":[11,1011,27,12,25],"class_list":{"0":"post-541633","1":"post","2":"type-post","3":"status-publish","4":"format-standard","5":"has-post-thumbnail","7":"category-actualites","8":"tag-actualites","9":"tag-fr","10":"tag-france","11":"tag-news","12":"tag-republique-francaise"},"share_on_mastodon":{"url":"https:\/\/pubeurope.com\/@fr\/115568561776419968","error":""},"_links":{"self":[{"href":"https:\/\/www.europesays.com\/fr\/wp-json\/wp\/v2\/posts\/541633","targetHints":{"allow":["GET"]}}],"collection":[{"href":"https:\/\/www.europesays.com\/fr\/wp-json\/wp\/v2\/posts"}],"about":[{"href":"https:\/\/www.europesays.com\/fr\/wp-json\/wp\/v2\/types\/post"}],"author":[{"embeddable":true,"href":"https:\/\/www.europesays.com\/fr\/wp-json\/wp\/v2\/users\/2"}],"replies":[{"embeddable":true,"href":"https:\/\/www.europesays.com\/fr\/wp-json\/wp\/v2\/comments?post=541633"}],"version-history":[{"count":0,"href":"https:\/\/www.europesays.com\/fr\/wp-json\/wp\/v2\/posts\/541633\/revisions"}],"wp:featuredmedia":[{"embeddable":true,"href":"https:\/\/www.europesays.com\/fr\/wp-json\/wp\/v2\/media\/541634"}],"wp:attachment":[{"href":"https:\/\/www.europesays.com\/fr\/wp-json\/wp\/v2\/media?parent=541633"}],"wp:term":[{"taxonomy":"category","embeddable":true,"href":"https:\/\/www.europesays.com\/fr\/wp-json\/wp\/v2\/categories?post=541633"},{"taxonomy":"post_tag","embeddable":true,"href":"https:\/\/www.europesays.com\/fr\/wp-json\/wp\/v2\/tags?post=541633"}],"curies":[{"name":"wp","href":"https:\/\/api.w.org\/{rel}","templated":true}]}}