{"id":541635,"date":"2025-11-18T03:24:20","date_gmt":"2025-11-18T03:24:20","guid":{"rendered":"https:\/\/www.europesays.com\/fr\/541635\/"},"modified":"2025-11-18T03:24:20","modified_gmt":"2025-11-18T03:24:20","slug":"affaire-tremege-des-marches-publics-de-la-ville-de-tarbes-un-systeme-en-accusation","status":"publish","type":"post","link":"https:\/\/www.europesays.com\/fr\/541635\/","title":{"rendered":"Affaire Tr\u00e9m\u00e8ge des march\u00e9s publics de la ville de Tarbes\u00a0: Un syst\u00e8me en accusation"},"content":{"rendered":"<p>\n                                                                Jusqu\u2019\u00e0 vendredi, le maire de Tarbes G\u00e9rard Tr\u00e9m\u00e8ge et neuf autres personnes, anciens chefs de service et entrepreneurs, comparaissent devant le tribunal de Pau pour favoritisme lors de l\u2019attribution de march\u00e9s publics et de la vente de biens communaux.\n                            <\/p>\n<p>\u00ab\u00a0Je peux admettre avoir commis des erreurs mais\u00a0je n\u2019ai jamais fait de mal. Il y a peut-\u00eatre des choses que j\u2019ai mal faites, mais pas intentionnellement\u00a0\u00bb se d\u00e9fend G\u00e9rard Tr\u00e9m\u00e8ge \u00e0 la barre du tribunal de Pau, au premier jour du proc\u00e8s des march\u00e9s publics de la ville de Tarbes qui dure jusqu\u2019\u00e0 vendredi.<\/p>\n<p>Mis en examen en 2015, le maire de Tarbes est accus\u00e9 de favoritisme lors de l\u2019attribution de march\u00e9s publics et de la vente de biens de la ville qui auraient profit\u00e9 \u00e0 des proches. En termes juridiques, le maire de Tarbes est renvoy\u00e9 devant la justice pour prise ill\u00e9gale d\u2019int\u00e9r\u00eats et atteinte \u00e0 la libert\u00e9 d\u2019acc\u00e8s ou \u00e0 l\u2019\u00e9galit\u00e9 des candidats lors de l\u2019attribution de march\u00e9s publics.<\/p>\n<p>Neuf autres personnes comparaissent dans cette affaire dans laquelle elles sont impliqu\u00e9es \u00e0 divers degr\u00e9s\u00a0: son ancien directeur g\u00e9n\u00e9ral des services Michel Caillaud, ses chefs de service Jean-Louis Di Vita (urbanisme), Jean-Pierre Ducasse (architecture), Michel Parra (voirie), Ren\u00e9 Romain (espaces verts), l\u2019architecte Joris Ducastaing et trois chefs d\u2019entreprise Serge Sanguinet directeur de la soci\u00e9t\u00e9 de travaux d\u2019\u00e9lagage du m\u00eame nom, Pierre Lafforgue dirigeant de l\u2019entreprise homonyme de mat\u00e9riaux, Pierre Vall\u00e9 directeur de la soci\u00e9t\u00e9 Efficass Metal.<\/p>\n<p>Petits arrangements entre amis\u00a0?<\/p>\n<p>Ces irr\u00e9gularit\u00e9s portent notamment sur le chantier de r\u00e9habilitation du march\u00e9 Brauhauban. Mais ces faits qui se sont d\u00e9roul\u00e9s entre janvier\u00a02009 et mars\u00a02015, concernent aussi les conditions de la vente du b\u00e2timent 204 \u00e0 la SCI (soci\u00e9t\u00e9 civile immobili\u00e8re) dirig\u00e9e par l\u2019architecte Joris Ducastaing et les conditions de la\u00a0cession du b\u00e2timent 108 \u00e0 une SCI cog\u00e9r\u00e9e par Michel Parra. La justice soup\u00e7onne le maire \u00ab\u00a0d\u2019avoir fait plaisir\u00a0\u00bb \u00e0 son ancien chef de service.<\/p>\n<p>Accus\u00e9 d\u2019avoir acquis un bien municipal alors qu\u2019il \u00e9tait encore cadre de la mairie, le chef du service voirie et r\u00e9seaux divers (VRD) est aussi soup\u00e7onn\u00e9 d\u2019avoir \u00ab\u00a0favoris\u00e9 des soci\u00e9t\u00e9s amies de M.Tr\u00e9m\u00e8ge\u00a0\u00bb dont La Routi\u00e8re des Pyr\u00e9n\u00e9es dont il aurait b\u00e9n\u00e9fici\u00e9 de travaux gratuits.<\/p>\n<p>Il aurait r\u00e9dig\u00e9 \u00ab\u00a0un rapport d\u2019analyse erron\u00e9\u00a0\u00bb pour mettre en avant le d\u00e9lai d\u2019intervention plus rapide de l\u2019entreprise que sa concurrente. Michel Parra d\u00e9clare qu\u2019il \u00ab\u00a0n\u2019avait aucun pouvoir de faire travailler qui que ce soit, qu\u2019il n\u2019a re\u00e7u aucune instruction de M.Tr\u00e9m\u00e8ge\u00a0\u00bb et estime \u00ab\u00a0qu\u2019il n\u2019y a rien d\u2019ill\u00e9gal dans ce qu\u2019il a fait\u00a0\u00bb.\u00a0Est jug\u00e9e aussi la tentative ou la volont\u00e9 de rendre un terrain constructible propri\u00e9t\u00e9 de la soci\u00e9t\u00e9 \u00ab\u00a0Tout pour l\u2019eau\u00a0\u00bb, pr\u00e8s de la concession Audi, au b\u00e9n\u00e9fice d\u2019un proche du maire.<\/p>\n<p>Par ailleurs, G\u00e9rard Tr\u00e9m\u00e8ge est soup\u00e7onn\u00e9 notamment d\u2019avoir favoris\u00e9 des entreprises dont il \u00e9tait commissaire aux comptes, bien avant d\u2019\u00eatre maire, comme la SAS Lafforgue qui est poursuivie pour recel de prise ill\u00e9gale d\u2019int\u00e9r\u00eats. En plus d\u2019avoir des liens professionnels, G\u00e9rard Tr\u00e9m\u00e8ge et Pierre Lafforgue entretenaient des relations amicales et partaient en vacances ensemble. Mais pour dissiper tout soup\u00e7on, l\u2019entrepreneur d\u00e9clare que \u00ab\u00a0les frais de ces voyages \u00e9taient partag\u00e9s\u00a0\u00bb, pas plus qu\u2019il n\u2019aurait profit\u00e9 de sa proximit\u00e9 avec le maire pour b\u00e9n\u00e9ficier d\u2019avantages.<\/p>\n<p>Concernant les travaux du march\u00e9 Brauhauban, une des deux expertises judiciaires rel\u00e8ve \u00ab\u00a0un \u00e9norme\u00a0manque de rigueur dans l\u2019analyse des candidatures et des offres\u00a0\u00bb et \u00ab\u00a0un vrai sentiment de malaise dans le classement des offres\u00a0\u00bb.<\/p>\n<p>\u00ab\u00a0Un climat de peur et de pression\u00a0\u00bb<\/p>\n<p>Comme la\u00a0soci\u00e9t\u00e9 de Joris Ducastaing dont \u00ab\u00a0l\u2019offre \u00e9tait incompl\u00e8te de sorte qu\u2019elle aurait d\u00fb \u00eatre rejet\u00e9e\u00a0\u00bb, d\u2019autres entreprises ont \u00e9t\u00e9 retenues, sans avoir fourni, par exemple, de bilans comptables \u00ab\u00a0sur les trois derni\u00e8res ann\u00e9es\u00a0\u00bb.<\/p>\n<p>De la m\u00eame fa\u00e7on, le maire, Michel Caillaud, ancien directeur des services et Jean-Pierre Ducasse, ancien responsable du service architecture, sont accus\u00e9s d\u2019avoir facilit\u00e9 l\u2019obtention de march\u00e9s publics pour Efficass.<\/p>\n<p>La soci\u00e9t\u00e9 qui s\u2019est vue\u00a0attribuer 15 march\u00e9s publics par la ville de Tarbes dont la r\u00e9habilitation de la cuisine centrale, \u00ab\u00a0n\u2019a pas fourni les documents suffisants, comme le m\u00e9moire technique ou les bilans financiers\u00a0\u00bb. Par ailleurs, son dirigeant M.Vall\u00e9 estime \u00ab\u00a0tout \u00e0 fait naturel\u00a0\u00bb d\u2019avoir demand\u00e9 \u00e0 la ville une avance de tr\u00e9sorerie sur un march\u00e9 public dans un contexte o\u00f9 son entreprise \u00e9tait au bord du gouffre financier, et d\u2019avoir \u00e9t\u00e9 inform\u00e9 d\u2019un appel d\u2019offres avant m\u00eame sa publication.<\/p>\n<p>Choisie par la ville, la soci\u00e9t\u00e9 Sanguinet ne pr\u00e9sentait pas non plus certains documents dont la norme r\u00e9glementaire requise.<\/p>\n<p>Accus\u00e9 d\u2019avoir profit\u00e9 des largesses de la collectivit\u00e9, Serge Sanguinet nie \u00eatre intervenu \u00ab\u00a0de fa\u00e7on directe ou indirecte\u00a0\u00bb et plaide une certaine n\u00e9gligence par rapport \u00e0 la proc\u00e9dure. La justice reproche aussi aux responsables de la ville \u00ab\u00a0un d\u00e9ficit de motivation pour l\u2019\u00e9viction des autres soci\u00e9t\u00e9s\u00a0\u00bb.<\/p>\n<p>Existait-il \u00ab\u00a0un syst\u00e8me Tr\u00e9m\u00e8ge\u00a0\u00bb\u00a0?<\/p>\n<p>Les collaborateurs de G\u00e9rard Tr\u00e9m\u00e8ge d\u00e9crivent \u00ab\u00a0un climat de peur et de pression\u00a0\u00bb qui auraient pu \u00eatre \u00e0 l\u2019origine d\u2019un processus d\u00e9cisionnel d\u00e9bouchant sur des irr\u00e9gularit\u00e9s. Il aurait \u00e9t\u00e9 exerc\u00e9 notamment par \u00ab\u00a0un maire tr\u00e8s autoritaire, lunatique, col\u00e9rique, voire manipulateur et despotique\u00a0\u00bb.<\/p>\n<p>\u00c0 commencer par l\u00a0\u00bbun de ses plus proches \u00e9lus, l\u2019ancien adjoint aux travaux Michel Forget qui s\u2019est \u00ab\u00a0senti trahi\u00a0\u00bb par G\u00e9rard Tr\u00e9m\u00e8ge\u00a0: \u00ab\u00a0Le maire se mettait hors de lui quand il d\u00e9couvrait qu\u2019une entreprise moins ou mieux disante, n\u2019\u00e9tait pas de la\u00a0r\u00e9gion. On ouvre les yeux et on prend conscience de beaucoup de choses. C\u2019est un homme qu\u2019on id\u00e9alise et cela fait mal quand on se trompe\u00a0\u00bb.<\/p>\n<p>\u00ab\u00a0Tout ce que j\u2019ai pu dire m\u00e9chamment, je le regrette, se d\u00e9fend le maire de Tarbes. Je reconnais de la col\u00e8re ponctuelle et impulsive qui exprime une insatisfaction sur le manque de rapidit\u00e9 et d\u2019efficacit\u00e9 de l\u2019ex\u00e9cution de certains projets.<\/p>\n<p>Je n\u2019ai jamais donn\u00e9 d\u2019instruction pour que l\u2019on choisisse telle ou telle entreprise. S\u2019il existe un syst\u00e8me Tr\u00e9m\u00e8ge, celui-ci est bas\u00e9 sur la rapidit\u00e9 et l\u2019efficacit\u00e9. Tout ce qui a \u00e9t\u00e9 fait en 25 ans, \u00e9tait dans le seul int\u00e9r\u00eat de la ville, jamais dans mon int\u00e9r\u00eat personnel\u00a0\u00bb.<\/p>\n<p>Pour le\u00a0mlnist\u00e8re public, \u00ab\u00a0on ne peut se d\u00e9fausser sur les services techniques quand on a \u00e9t\u00e9 commissaires aux comptes\u00a0\u00bb&lsquo;. \u00ab\u00a0J\u2019assume ma responsabilit\u00e9, persiste \u00e0 d\u00e9clarer G\u00e9rard Tr\u00e9m\u00e8ge, mais un maire a autre chose \u00e0 faire que de s\u2019occuper des r\u00e8gles des march\u00e9s publics\u00a0\u00bb.<\/p>\n<p>De son c\u00f4t\u00e9, Pierre Vall\u00e9 d\u00e9nonce \u00ab\u00a0des accusations infond\u00e9es et incoh\u00e9rentes aliment\u00e9es par une campagne de d\u00e9nigrement\u00a0\u00bb.<\/p>\n","protected":false},"excerpt":{"rendered":"Jusqu\u2019\u00e0 vendredi, le maire de Tarbes G\u00e9rard Tr\u00e9m\u00e8ge et neuf autres personnes, anciens chefs de service et entrepreneurs,&hellip;\n","protected":false},"author":2,"featured_media":541636,"comment_status":"","ping_status":"","sticky":false,"template":"","format":"standard","meta":{"footnotes":""},"categories":[2],"tags":[11,1011,27,12,25],"class_list":{"0":"post-541635","1":"post","2":"type-post","3":"status-publish","4":"format-standard","5":"has-post-thumbnail","7":"category-actualites","8":"tag-actualites","9":"tag-fr","10":"tag-france","11":"tag-news","12":"tag-republique-francaise"},"share_on_mastodon":{"url":"https:\/\/pubeurope.com\/@fr\/115568565547622950","error":""},"_links":{"self":[{"href":"https:\/\/www.europesays.com\/fr\/wp-json\/wp\/v2\/posts\/541635","targetHints":{"allow":["GET"]}}],"collection":[{"href":"https:\/\/www.europesays.com\/fr\/wp-json\/wp\/v2\/posts"}],"about":[{"href":"https:\/\/www.europesays.com\/fr\/wp-json\/wp\/v2\/types\/post"}],"author":[{"embeddable":true,"href":"https:\/\/www.europesays.com\/fr\/wp-json\/wp\/v2\/users\/2"}],"replies":[{"embeddable":true,"href":"https:\/\/www.europesays.com\/fr\/wp-json\/wp\/v2\/comments?post=541635"}],"version-history":[{"count":0,"href":"https:\/\/www.europesays.com\/fr\/wp-json\/wp\/v2\/posts\/541635\/revisions"}],"wp:featuredmedia":[{"embeddable":true,"href":"https:\/\/www.europesays.com\/fr\/wp-json\/wp\/v2\/media\/541636"}],"wp:attachment":[{"href":"https:\/\/www.europesays.com\/fr\/wp-json\/wp\/v2\/media?parent=541635"}],"wp:term":[{"taxonomy":"category","embeddable":true,"href":"https:\/\/www.europesays.com\/fr\/wp-json\/wp\/v2\/categories?post=541635"},{"taxonomy":"post_tag","embeddable":true,"href":"https:\/\/www.europesays.com\/fr\/wp-json\/wp\/v2\/tags?post=541635"}],"curies":[{"name":"wp","href":"https:\/\/api.w.org\/{rel}","templated":true}]}}