{"id":541639,"date":"2025-11-18T03:28:13","date_gmt":"2025-11-18T03:28:13","guid":{"rendered":"https:\/\/www.europesays.com\/fr\/541639\/"},"modified":"2025-11-18T03:28:13","modified_gmt":"2025-11-18T03:28:13","slug":"vincent-moscato-sagace-contre-le-xv-de-france-je-suis-decu-du-match-de-damian-penaud","status":"publish","type":"post","link":"https:\/\/www.europesays.com\/fr\/541639\/","title":{"rendered":"Vincent Moscato s\u2019agace contre le XV de France : \u00ab Je suis d\u00e9\u00e7u du match de Damian Penaud ! \u00bb"},"content":{"rendered":"<p>La d\u00e9faite du XV de France contre les Boks puis le succ\u00e8s contre les Fidji inqui\u00e8tent Vincent Moscato, ce lundi.<\/p>\n<p>Avant de d\u00e9fier l\u2019Australie, les Bleus semblent \u00eatre au creux de la vague apr\u00e8s un Tournoi 2025 r\u00e9ussi.<\/p>\n<p>Interrog\u00e9 via RMC Sport, Vincent Moscato exprime son inqui\u00e8tude.<\/p>\n<p>Il l\u2019affirme : le XV de France est tr\u00e8s moyen lors de cette Tourn\u00e9e d\u2019automne.<\/p>\n<p><strong>Il se dit tr\u00e8s d\u00e9\u00e7u du match de Damian Penaud qui ne s\u2019est jamais propos\u00e9 en attaque. Extrait:\u00a0<\/strong><\/p>\n<p>\u00ab\u00a0Par rapport \u00e0 l\u2019ann\u00e9e derni\u00e8re, tu stagnes et tu es m\u00eame un peu en-dessous. On compare toujours cette \u00e9quipe avec ce qu\u2019elle a \u00e9t\u00e9 il y a six mois. Mais \u00e7a fait six mois qu\u2019ils n\u2019ont plus jou\u00e9 ensemble. On s\u2019attendait \u00e0 mieux contre les Fidji. C\u2019\u00e9tait un peu de la bouillie avec des fautes, des p\u00e9nalit\u00e9s\u2026 On \u00e9tait dans l\u2019entre deux comme si on avait du mal \u00e0 se motiver contre les Fidji. On sentait une \u00e9quipe un peu repu de match et flingu\u00e9e mentalement par ce premier match contre l\u2019Afrique du Sud. C\u2019\u00e9tait quand m\u00eame une revanche et tu prends la sauc\u00e9e.\u00a0<\/p>\n<p>Tu n\u2019a pas ton \u00e9quipe type, tu te cherches en premi\u00e8re ligne, tu n\u2019es pas tr\u00e8s bon, tu es au creux de la vague, tu batailles, tu n\u2019es pas bon sur tes fondamentaux. En m\u00eal\u00e9e, les Anglais ont tu\u00e9 les Fidjiens et toi non car tu es en demi-teinte, tu es moyen. Ca faisait longtemps qu\u2019on n\u2019avait pas \u00e9t\u00e9 moyens sur notre rugby. Si \u00e7a bataille un peu devant, peut-\u00eatre que nos arri\u00e8res vont prendre le dessus. Mais cette \u00e9quipe n\u2019est pas rassur\u00e9e devant et ils ne sont pas rassurant. Le cinq de devant n\u2019est pas rassurant. On se troue, on n\u2019est pas dominant, on ne rassure personne derri\u00e8re.\u00a0<\/p>\n<p>On n\u2019a pas vu nos arri\u00e8res. Je suis d\u00e9\u00e7u du match de Damian Penaud. Mais tout le monde est en demi-teinte. Les arri\u00e8res ne viennent pas s\u2019int\u00e9resser au jeu d\u2019attaque, les mecs ne bougent pas. Parfois, il faut bouger de son aile ! Il faut provoquer quelque chose et prendre les choses en main car devant il te manque des leaders. On est dans le moyen, dans un rugby \u00e0 peu pr\u00e8s, on n\u2019est pas tr\u00e8s bon, pas tr\u00e8s conqu\u00e9rant ni p\u00e9n\u00e9trant. Si tu n\u2019as pas de chance, tu peux passer \u00e0 la trappe contre les Fidjiens !\u00a0\u00bb<\/p>\n<p><strong>De son c\u00f4t\u00e9, Denis Charvet affirme que les Bleus ont eu tr\u00e8s peur lors de cette rencontre. Extrait:<\/strong><\/p>\n<p>\u00ab\u00a0Je pense que tous les joueurs ont eu peur \u00e0 un moment donn\u00e9. Ils sortent du match, tu gagnes, c\u2019est satisfaisant car si tu perds c\u2019est catastrophique \u00e0 tous les niveaux. Donc tu assures l\u2019essentiel. Il y a une statistique qui est impressionnante : les Fidjiens ont eu 66% de possession. <\/p>\n<p>Donc on revient en arri\u00e8re avec la d\u00e9possession. Il y a eu beaucoup de d\u00e9possession. Est-ce que c\u2019est parce que physiquement on est moins bien ? Les ailiers ont tr\u00e8s peu touch\u00e9 de ballons et c\u2019est incroyable ! Thomas Ramos n\u2019\u00e9tait pas dans son assiette et on n\u2019a pas vu un grand Ramos pour les contre-attaque. Et la statistique de la d\u00e9fense, on a tr\u00e8s mal d\u00e9fendu. On s\u2019est fait transperc\u00e9 tr\u00e8s souvent.\u00a0\u00bb<\/p>\n","protected":false},"excerpt":{"rendered":"La d\u00e9faite du XV de France contre les Boks puis le succ\u00e8s contre les Fidji inqui\u00e8tent Vincent Moscato,&hellip;\n","protected":false},"author":2,"featured_media":513301,"comment_status":"","ping_status":"","sticky":false,"template":"","format":"standard","meta":{"footnotes":""},"categories":[1416],"tags":[1011,27,479,1468,60],"class_list":{"0":"post-541639","1":"post","2":"type-post","3":"status-publish","4":"format-standard","5":"has-post-thumbnail","7":"category-rugby","8":"tag-fr","9":"tag-france","10":"tag-rugby","11":"tag-rugby-football","12":"tag-sports"},"share_on_mastodon":{"url":"https:\/\/pubeurope.com\/@fr\/115568581287501344","error":""},"_links":{"self":[{"href":"https:\/\/www.europesays.com\/fr\/wp-json\/wp\/v2\/posts\/541639","targetHints":{"allow":["GET"]}}],"collection":[{"href":"https:\/\/www.europesays.com\/fr\/wp-json\/wp\/v2\/posts"}],"about":[{"href":"https:\/\/www.europesays.com\/fr\/wp-json\/wp\/v2\/types\/post"}],"author":[{"embeddable":true,"href":"https:\/\/www.europesays.com\/fr\/wp-json\/wp\/v2\/users\/2"}],"replies":[{"embeddable":true,"href":"https:\/\/www.europesays.com\/fr\/wp-json\/wp\/v2\/comments?post=541639"}],"version-history":[{"count":0,"href":"https:\/\/www.europesays.com\/fr\/wp-json\/wp\/v2\/posts\/541639\/revisions"}],"wp:featuredmedia":[{"embeddable":true,"href":"https:\/\/www.europesays.com\/fr\/wp-json\/wp\/v2\/media\/513301"}],"wp:attachment":[{"href":"https:\/\/www.europesays.com\/fr\/wp-json\/wp\/v2\/media?parent=541639"}],"wp:term":[{"taxonomy":"category","embeddable":true,"href":"https:\/\/www.europesays.com\/fr\/wp-json\/wp\/v2\/categories?post=541639"},{"taxonomy":"post_tag","embeddable":true,"href":"https:\/\/www.europesays.com\/fr\/wp-json\/wp\/v2\/tags?post=541639"}],"curies":[{"name":"wp","href":"https:\/\/api.w.org\/{rel}","templated":true}]}}