{"id":541640,"date":"2025-11-18T03:29:25","date_gmt":"2025-11-18T03:29:25","guid":{"rendered":"https:\/\/www.europesays.com\/fr\/541640\/"},"modified":"2025-11-18T03:29:25","modified_gmt":"2025-11-18T03:29:25","slug":"les-joueurs-sy-sont-sentis-tres-a-laise-ferrer-analyse-les-conditions-de-jeu-du-final-8-a-bologne","status":"publish","type":"post","link":"https:\/\/www.europesays.com\/fr\/541640\/","title":{"rendered":"\u00ab Les joueurs s\u2019y sont sentis tr\u00e8s \u00e0 l\u2019aise \u00bb, Ferrer analyse les conditions de jeu du Final 8 \u00e0 Bologne"},"content":{"rendered":"<p>                <img decoding=\"async\" src=\"https:\/\/www.europesays.com\/fr\/wp-content\/uploads\/2025\/11\/Ftmo.jpg\" fetchpriority=\"high\" alt=\"\u00ab Les joueurs s\u2019y sont sentis tr\u00e8s \u00e0 l\u2019aise \u00bb, Ferrer analyse les conditions de jeu du Final 8 \u00e0 Bologne\"\/><\/p>\n<p>David Ferrer, capitaine de l\u2019\u00e9quipe d\u2019Espagne de Coupe Davis, a livr\u00e9 ses impressions sur les conditions de jeu \u00e0 Bologne, lieu o\u00f9 se jouera le Final 8 de la Coupe Davis.<\/p>\n<p>Il d\u00e9clare, dans des propos relay\u00e9s par Punto de Break : \u00ab Nous nous sommes tr\u00e8s bien entra\u00een\u00e9s. Je les ai vus tr\u00e8s motiv\u00e9s et enthousiastes, dans une excellente ambiance. L&rsquo;\u00e9quipe sera donc d\u00e9cid\u00e9e mardi ou mercredi.<\/p>\n<p>Au final, c&rsquo;est comme un tournoi : les joueurs doivent d&rsquo;abord s&rsquo;acclimater, puis encha\u00eener les sets pour \u00eatre pr\u00eats au cas o\u00f9. C&rsquo;est un court tr\u00e8s agr\u00e9able. Il n&rsquo;est pas excessivement rapide, m\u00eame s&rsquo;il s&rsquo;agit d&rsquo;un court couvert, mais je pense que les joueurs s&rsquo;y sont sentis tr\u00e8s \u00e0 l&rsquo;aise. \u00bb<\/p>\n<p>L\u2019Espagne est toujours dans l\u2019attente de Carlos Alcaraz, engag\u00e9 aux ATP Finals o\u00f9 il affrontera Jannik Sinner ce dimanche. Elle affrontera la R\u00e9publique Tch\u00e8que ce jeudi 20 novembre.<\/p>\n","protected":false},"excerpt":{"rendered":"David Ferrer, capitaine de l\u2019\u00e9quipe d\u2019Espagne de Coupe Davis, a livr\u00e9 ses impressions sur les conditions de jeu&hellip;\n","protected":false},"author":2,"featured_media":541641,"comment_status":"","ping_status":"","sticky":false,"template":"","format":"standard","meta":{"footnotes":""},"categories":[1415],"tags":[1011,27,60,1467],"class_list":{"0":"post-541640","1":"post","2":"type-post","3":"status-publish","4":"format-standard","5":"has-post-thumbnail","7":"category-tennis","8":"tag-fr","9":"tag-france","10":"tag-sports","11":"tag-tennis"},"share_on_mastodon":{"url":"https:\/\/pubeurope.com\/@fr\/115568585916656956","error":""},"_links":{"self":[{"href":"https:\/\/www.europesays.com\/fr\/wp-json\/wp\/v2\/posts\/541640","targetHints":{"allow":["GET"]}}],"collection":[{"href":"https:\/\/www.europesays.com\/fr\/wp-json\/wp\/v2\/posts"}],"about":[{"href":"https:\/\/www.europesays.com\/fr\/wp-json\/wp\/v2\/types\/post"}],"author":[{"embeddable":true,"href":"https:\/\/www.europesays.com\/fr\/wp-json\/wp\/v2\/users\/2"}],"replies":[{"embeddable":true,"href":"https:\/\/www.europesays.com\/fr\/wp-json\/wp\/v2\/comments?post=541640"}],"version-history":[{"count":0,"href":"https:\/\/www.europesays.com\/fr\/wp-json\/wp\/v2\/posts\/541640\/revisions"}],"wp:featuredmedia":[{"embeddable":true,"href":"https:\/\/www.europesays.com\/fr\/wp-json\/wp\/v2\/media\/541641"}],"wp:attachment":[{"href":"https:\/\/www.europesays.com\/fr\/wp-json\/wp\/v2\/media?parent=541640"}],"wp:term":[{"taxonomy":"category","embeddable":true,"href":"https:\/\/www.europesays.com\/fr\/wp-json\/wp\/v2\/categories?post=541640"},{"taxonomy":"post_tag","embeddable":true,"href":"https:\/\/www.europesays.com\/fr\/wp-json\/wp\/v2\/tags?post=541640"}],"curies":[{"name":"wp","href":"https:\/\/api.w.org\/{rel}","templated":true}]}}