{"id":541642,"date":"2025-11-18T03:33:16","date_gmt":"2025-11-18T03:33:16","guid":{"rendered":"https:\/\/www.europesays.com\/fr\/541642\/"},"modified":"2025-11-18T03:33:16","modified_gmt":"2025-11-18T03:33:16","slug":"florian-lipowitz-evoque-ses-differences-avec-remco-evenepoel-il-aime-etre-au-centre-de-linteret","status":"publish","type":"post","link":"https:\/\/www.europesays.com\/fr\/541642\/","title":{"rendered":"Florian Lipowitz \u00e9voque ses diff\u00e9rences avec Remco Evenepoel\u00a0: \u00ab\u00a0Il aime \u00eatre au centre de l&rsquo;int\u00e9r\u00eat\u00a0\u00bb"},"content":{"rendered":"<p class=\"ap-StoryElement ap-StoryElement--mb ap-StoryText\">Interrog\u00e9 dans un podcast, Florian Lipowitz a parl\u00e9 de sa future collaboration avec Remco Evenepoel au sein de l&rsquo;\u00e9quipe Red Bull-Bora-Hansgrohe et de leur diff\u00e9rence principale. \u00ab\u00a0Il appr\u00e9cie l&rsquo;attention et le fait d&rsquo;\u00eatre au centre de l&rsquo;int\u00e9r\u00eat. Ce n&rsquo;est pas vraiment mon cas. Peut-\u00eatre que nous nous compl\u00e9tons bien\u00a0\u00bb, a-t-il d\u00e9clar\u00e9, dans des propos relay\u00e9s par <a href=\"https:\/\/www.nieuwsblad.be\/sport\/wielrennen\/einzelganger-florian-lipowitz-ziet-remco-evenepoel-graag-komen-bij-red-bull-bora-hansgrohe-hij-geniet-van-de-aandacht-dat-geldt-niet-echt-voor-mij\/105568280.html?utm_source=hyperlink&amp;utm_medium=referral&amp;utm_campaign=share\" target=\"_blank\" rel=\"noreferrer noopener\">Het Nieuwsblad<\/a>.<\/p>\n<p class=\"ap-StoryElement ap-StoryElement--mb ap-StoryText\">Le troisi\u00e8me du dernier Tour de France a \u00e9galement expliqu\u00e9 vouloir disputer la Grande Boucle en 2026, pr\u00e9cisant que ce ne serait \u00ab\u00a0pas la fin du monde\u00a0\u00bb si ce n&rsquo;\u00e9tait pas le cas.<\/p>\n","protected":false},"excerpt":{"rendered":"Interrog\u00e9 dans un podcast, Florian Lipowitz a parl\u00e9 de sa future collaboration avec Remco Evenepoel au sein de&hellip;\n","protected":false},"author":2,"featured_media":541643,"comment_status":"","ping_status":"","sticky":false,"template":"","format":"standard","meta":{"footnotes":""},"categories":[1411],"tags":[1154,207,1011,27,27884,11697,60,1138,210],"class_list":{"0":"post-541642","1":"post","2":"type-post","3":"status-publish","4":"format-standard","5":"has-post-thumbnail","7":"category-cyclisme","8":"tag-cycling","9":"tag-cyclisme","10":"tag-fr","11":"tag-france","12":"tag-jonas-vingegaard","13":"tag-remco-evenepoel","14":"tag-sports","15":"tag-tadej-pogacar","16":"tag-tour-de-france"},"share_on_mastodon":{"url":"https:\/\/pubeurope.com\/@fr\/115568600957450533","error":""},"_links":{"self":[{"href":"https:\/\/www.europesays.com\/fr\/wp-json\/wp\/v2\/posts\/541642","targetHints":{"allow":["GET"]}}],"collection":[{"href":"https:\/\/www.europesays.com\/fr\/wp-json\/wp\/v2\/posts"}],"about":[{"href":"https:\/\/www.europesays.com\/fr\/wp-json\/wp\/v2\/types\/post"}],"author":[{"embeddable":true,"href":"https:\/\/www.europesays.com\/fr\/wp-json\/wp\/v2\/users\/2"}],"replies":[{"embeddable":true,"href":"https:\/\/www.europesays.com\/fr\/wp-json\/wp\/v2\/comments?post=541642"}],"version-history":[{"count":0,"href":"https:\/\/www.europesays.com\/fr\/wp-json\/wp\/v2\/posts\/541642\/revisions"}],"wp:featuredmedia":[{"embeddable":true,"href":"https:\/\/www.europesays.com\/fr\/wp-json\/wp\/v2\/media\/541643"}],"wp:attachment":[{"href":"https:\/\/www.europesays.com\/fr\/wp-json\/wp\/v2\/media?parent=541642"}],"wp:term":[{"taxonomy":"category","embeddable":true,"href":"https:\/\/www.europesays.com\/fr\/wp-json\/wp\/v2\/categories?post=541642"},{"taxonomy":"post_tag","embeddable":true,"href":"https:\/\/www.europesays.com\/fr\/wp-json\/wp\/v2\/tags?post=541642"}],"curies":[{"name":"wp","href":"https:\/\/api.w.org\/{rel}","templated":true}]}}