{"id":541644,"date":"2025-11-18T03:34:12","date_gmt":"2025-11-18T03:34:12","guid":{"rendered":"https:\/\/www.europesays.com\/fr\/541644\/"},"modified":"2025-11-18T03:34:12","modified_gmt":"2025-11-18T03:34:12","slug":"lom-en-guerre-avec-le-psg-lannonce-inattendue-de-de-zerbi","status":"publish","type":"post","link":"https:\/\/www.europesays.com\/fr\/541644\/","title":{"rendered":"L&rsquo;OM en guerre avec le PSG : L&rsquo;annonce inattendue de De Zerbi !"},"content":{"rendered":"<p class=\"heading\">Apr\u00e8s une premi\u00e8re saison s\u2019ajustement, Roberto De Zerbi semble enfin avoir trouv\u00e9 sa place \u00e0 l\u2019Olympique de Marseille. Et le technicien italien semble d\u00e9sormais d\u00e9cid\u00e9 \u00e0 aller titiller le Paris Saint-Germain, qui est \u00e0 seulement deux points au classement de Ligue 1. <\/p>\n<p>Depuis le d\u00e9but du projet <strong>QSI<\/strong>, jamais l\u2019<strong>OM<\/strong> n\u2019a sembl\u00e9 pouvoir \u00e9branler le <strong>PSG<\/strong>, alors que d\u2019autres clubs y sont parvenus. Mais l\u2019exploit semble d\u00e9sormais possible, surtout depuis la victoire des Marseillais du les grands rivaux parisiens, lors du dernier Classique (1-0). <\/p>\n<p>                                            \u00ab L&rsquo;\u00e9quipe de l\u2019OM est forte, mais&#8230; \u00bb <\/p>\n<p>Pr\u00e9sent en Italie pour la pr\u00e9sentation du livre de <strong>Giorgio Perinetti<\/strong>, Quello che non ho visto arrivare, <strong>Roberto De Zerbi <\/strong>a envoy\u00e9 un message clair au <strong>PSG<\/strong>. \u00ab L&rsquo;\u00e9quipe de l\u2019OM est forte, mais comme beaucoup d&rsquo;autres, nous sommes confront\u00e9s \u00e0 de nombreuses blessures \u00bb a expliqu\u00e9 le coach de l\u2019<strong>OM<\/strong>.  <\/p>\n<p>                                            \u00ab Le PSG est plus fort que tout le monde \u00bb <\/p>\n<p>\u00ab Le calendrier est infernal, avec un nombre impressionnant de matchs programm\u00e9s. C&rsquo;est le football d&rsquo;aujourd&rsquo;hui, il faut aller de l&rsquo;avant \u00bb a poursuivi <a href=\"https:\/\/le10sport.com\/football\/mercato\/de-zerbi-il-annonce-la-fin-a-lom-765156\" target=\"_blank\" rel=\"noopener\">Roberto De Zerbi<\/a>, dans des propos rapport\u00e9s par TMW. \u00ab Le PSG est plus fort que tout le monde, mais on essaie de se faire une place, un peu plus grande que la saison derni\u00e8re \u00bb. <\/p>\n","protected":false},"excerpt":{"rendered":"Apr\u00e8s une premi\u00e8re saison s\u2019ajustement, Roberto De Zerbi semble enfin avoir trouv\u00e9 sa place \u00e0 l\u2019Olympique de Marseille.&hellip;\n","protected":false},"author":2,"featured_media":541645,"comment_status":"","ping_status":"","sticky":false,"template":"","format":"standard","meta":{"footnotes":""},"categories":[1410],"tags":[63,1011,27,60],"class_list":{"0":"post-541644","1":"post","2":"type-post","3":"status-publish","4":"format-standard","5":"has-post-thumbnail","7":"category-football","8":"tag-football","9":"tag-fr","10":"tag-france","11":"tag-sports"},"share_on_mastodon":{"url":"https:\/\/pubeurope.com\/@fr\/115568604906414105","error":""},"_links":{"self":[{"href":"https:\/\/www.europesays.com\/fr\/wp-json\/wp\/v2\/posts\/541644","targetHints":{"allow":["GET"]}}],"collection":[{"href":"https:\/\/www.europesays.com\/fr\/wp-json\/wp\/v2\/posts"}],"about":[{"href":"https:\/\/www.europesays.com\/fr\/wp-json\/wp\/v2\/types\/post"}],"author":[{"embeddable":true,"href":"https:\/\/www.europesays.com\/fr\/wp-json\/wp\/v2\/users\/2"}],"replies":[{"embeddable":true,"href":"https:\/\/www.europesays.com\/fr\/wp-json\/wp\/v2\/comments?post=541644"}],"version-history":[{"count":0,"href":"https:\/\/www.europesays.com\/fr\/wp-json\/wp\/v2\/posts\/541644\/revisions"}],"wp:featuredmedia":[{"embeddable":true,"href":"https:\/\/www.europesays.com\/fr\/wp-json\/wp\/v2\/media\/541645"}],"wp:attachment":[{"href":"https:\/\/www.europesays.com\/fr\/wp-json\/wp\/v2\/media?parent=541644"}],"wp:term":[{"taxonomy":"category","embeddable":true,"href":"https:\/\/www.europesays.com\/fr\/wp-json\/wp\/v2\/categories?post=541644"},{"taxonomy":"post_tag","embeddable":true,"href":"https:\/\/www.europesays.com\/fr\/wp-json\/wp\/v2\/tags?post=541644"}],"curies":[{"name":"wp","href":"https:\/\/api.w.org\/{rel}","templated":true}]}}