{"id":541646,"date":"2025-11-18T03:35:15","date_gmt":"2025-11-18T03:35:15","guid":{"rendered":"https:\/\/www.europesays.com\/fr\/541646\/"},"modified":"2025-11-18T03:35:15","modified_gmt":"2025-11-18T03:35:15","slug":"il-cultive-une-herbe-tres-consommee-au-mexique-et-embarque-sa-pretendante-il-faut-se-reinventer","status":"publish","type":"post","link":"https:\/\/www.europesays.com\/fr\/541646\/","title":{"rendered":"il cultive une herbe tr\u00e8s consomm\u00e9e au Mexique et embarque sa pr\u00e9tendante, \u201cil faut se r\u00e9inventer\u00a0\u00bb"},"content":{"rendered":"<p>Les \u00e9missions de t\u00e9l\u00e9r\u00e9alit\u00e9 agricole r\u00e9servent parfois des<br \/>\nsurprises inattendues aux t\u00e9l\u00e9spectateurs les plus fid\u00e8les. Entre<br \/>\nc\u0153urs bris\u00e9s et espoirs d\u00e9\u00e7us, certains candidats trouvent<br \/>\nn\u00e9anmoins leur voie apr\u00e8s les cam\u00e9ras. D\u00a0\u00bbailleurs, le parcours de<br \/>\n<strong>ce candidat de L&rsquo;amour est dans le pr\u00e9<\/strong> illustre<br \/>\nparfaitement cette r\u00e9silience face aux al\u00e9as sentimentaux et<br \/>\nprofessionnels.<\/p>\n<p>Par cons\u00e9quent, l&rsquo;ancien pr\u00e9tendant a su rebondir apr\u00e8s des<br \/>\n\u00e9preuves difficiles travers\u00e9es ces derniers mois. Son histoire m\u00eale<br \/>\nhabilement <strong>rupture m\u00e9diatique<\/strong>, catastrophe<br \/>\nnaturelle et reconversion audacieuse vers une <strong>culture<br \/>\nmexicaine<\/strong> prometteuse.<\/p>\n<p>Une rupture m\u00e9diatique suivie d&rsquo;un nouveau d\u00e9part amoureux<\/p>\n<p>La saison 19 de <strong>L&rsquo;amour est dans le pr\u00e9<\/strong> a<br \/>\nlaiss\u00e9 <a href=\"https:\/\/www.melty.fr\/tele\/lamour-est-dans-le-pre-melanie-separee-de-ludovic-elle-laccuse-dinfidelite-2200866.html\" rel=\"nofollow noopener\" target=\"_blank\"><br \/>\ndes traces dans le c\u0153ur du viticulteur<\/a>. Effectivement, M\u00e9lanie<br \/>\net <strong>Ludovic<\/strong> ont v\u00e9cu une s\u00e9paration tumultueuse qui<br \/>\na fait couler beaucoup d&rsquo;encre. L&rsquo;ancienne pr\u00e9tendante a d&rsquo;ailleurs<br \/>\nexprim\u00e9 ses doutes sur la sinc\u00e9rit\u00e9 de son ex-compagnon lors de<br \/>\nleur aventure. Toutefois, elle a choisi la sagesse en d\u00e9clarant<br \/>\nqu&rsquo;elle lit \u00ab tous vos messages bienveillants, et \u00e7a me fait<br \/>\nchaud au c\u0153ur \u00bb.<\/p>\n<p>N\u00e9anmoins, le jeune agriculteur a rapidement tourn\u00e9 la page en<br \/>\nrencontrant Julia, une ancienne comptable. \u00ab Elle est comme<br \/>\nmoi, elle fait de grandes d\u00e9clarations \u00bb, a confi\u00e9<br \/>\n<strong>Ludovic<\/strong> lors du bilan officiel. Cette romance<br \/>\nfulgurante a m\u00eame pouss\u00e9 Julia \u00e0 d\u00e9m\u00e9nager pour rejoindre son<br \/>\nnouveau compagnon audois. <strong>Karine Le Marchand<\/strong>,<br \/>\nanimatrice embl\u00e9matique de <strong>L&rsquo;amour est dans le<br \/>\npr\u00e9<\/strong>, a n\u00e9anmoins \u00e9mis des r\u00e9serves prudentes. \u00ab<br \/>\nJ&rsquo;esp\u00e8re que tu ne t&#8217;emballes pas trop vite&#8230; \u00bb, a-t-elle<br \/>\nlanc\u00e9 avec une pointe d&rsquo;inqui\u00e9tude maternelle.<\/p>\n<p>Quand les flammes d\u00e9vorent des hectares et an\u00e9antissent des<br \/>\nr\u00eaves<\/p>\n<p>En ao\u00fbt dernier, un incendie d\u00e9vastateur a frapp\u00e9 la r\u00e9gion<br \/>\naudoise avec une violence inou\u00efe. Des milliers d&rsquo;hectares de<br \/>\nv\u00e9g\u00e9tation ont disparu sous les flammes, laissant derri\u00e8re eux<br \/>\nd\u00e9solation et cendres. <strong>Ludovic<\/strong> <a href=\"https:\/\/www.melty.fr\/people\/on-a-tout-perdu-ludovic-lamour-est-dans-le-pre-lance-un-appel-apres-les-incendies-devastateurs-dans-laude-2256077.html\" rel=\"nofollow noopener\" target=\"_blank\"><br \/>\na document\u00e9 cette catastrophe sur Instagram<\/a>, r\u00e9v\u00e9lant l&rsquo;ampleur<br \/>\ndes d\u00e9g\u00e2ts subis par les agriculteurs locaux. \u00ab Il nous manque<br \/>\nde l&rsquo;eau qui pourrait nous faire du bien et pourrait aussi aider<br \/>\nles v\u00e9g\u00e9tations \u00bb, a d\u00e9plor\u00e9 l&rsquo;ancien candidat.<\/p>\n<p>En outre, le jeune homme a salu\u00e9 le courage des pompiers et<br \/>\nb\u00e9n\u00e9voles mobilis\u00e9s contre le brasier. \u00ab Hier soir, je me suis<br \/>\nrendu sur mes terres\u2026 Cela est catastrophique \u00bb, a-t-il confi\u00e9<br \/>\navec \u00e9motion. L&rsquo;agriculteur de <strong>L&rsquo;amour est dans le<br \/>\npr\u00e9<\/strong> a \u00e9galement lanc\u00e9 un appel pressant aux autorit\u00e9s<br \/>\nr\u00e9gionales. \u00ab Ce qu&rsquo;on demande, c&rsquo;est de l&rsquo;eau et de<br \/>\nl&rsquo;irrigation. On fera ce que l&rsquo;on peut mais sans eau, c&rsquo;est tr\u00e8s<br \/>\ncompliqu\u00e9 \u00bb, a martel\u00e9 <strong>Ludovic<\/strong> face \u00e0<br \/>\nl&rsquo;urgence climatique. Cette \u00e9preuve douloureuse a renforc\u00e9 sa<br \/>\nd\u00e9termination \u00e0 trouver des solutions agricoles durables.<\/p>\n<p>Une r\u00e9ponse innovante aux d\u00e9fis<br \/>\nclimatiques contemporains<\/p>\n<p>Fort de cette exp\u00e9rience traumatisante, <strong>Ludovic<\/strong><br \/>\na d\u00e9cid\u00e9 de diversifier ses activit\u00e9s avec audace et pragmatisme.<br \/>\nAvec <strong>Julia Boureau<\/strong>, il exploite d\u00e9sormais 35<br \/>\nhectares de vignes dans la commune de Fabrezan. Cependant, le<br \/>\nd\u00e9r\u00e8glement climatique menace constamment ses r\u00e9coltes<br \/>\ntraditionnelles et bouleverse les \u00e9quilibres agricoles ancestraux.<br \/>\n\u00ab Il faut se r\u00e9inventer pour faire durer ses savoir-faire<br \/>\nagricoles \u00bb, a affirm\u00e9 le paysagiste de formation.<\/p>\n<p>Apr\u00e8s quatre ann\u00e9es d&rsquo;\u00e9tudes approfondies et de voyages<br \/>\nenrichissants, le couple a choisi le <strong>nopal<\/strong> comme<br \/>\nculture. Ce <strong>cactus mexicain<\/strong>, \u00e9galement appel\u00e9<br \/>\nfiguier de Barbarie, r\u00e9siste remarquablement aux conditions arides<br \/>\net extr\u00eames. <strong>Julia<\/strong>, issue d&rsquo;une famille de<br \/>\nviticulteurs, partage cette vision entrepreneuriale avec son<br \/>\ncompagnon trentenaire de <strong>L&rsquo;amour est dans le pr\u00e9<\/strong>.<br \/>\nEnsemble, ils cultivent cette plante d&rsquo;avenir sur les terres<br \/>\naudoises, combinant tradition viticole et innovation \u00e9cologique.<br \/>\nCette reconversion audacieuse t\u00e9moigne d&rsquo;une volont\u00e9 farouche de<br \/>\ns&rsquo;adapter aux mutations climatiques tout en pr\u00e9servant l&rsquo;h\u00e9ritage<br \/>\nagricole.<\/p>\n","protected":false},"excerpt":{"rendered":"Les \u00e9missions de t\u00e9l\u00e9r\u00e9alit\u00e9 agricole r\u00e9servent parfois des surprises inattendues aux t\u00e9l\u00e9spectateurs les plus fid\u00e8les. Entre c\u0153urs bris\u00e9s&hellip;\n","protected":false},"author":2,"featured_media":541647,"comment_status":"","ping_status":"","sticky":false,"template":"","format":"standard","meta":{"footnotes":""},"categories":[1359],"tags":[58,59,1011,27,9307,973],"class_list":{"0":"post-541646","1":"post","2":"type-post","3":"status-publish","4":"format-standard","5":"has-post-thumbnail","7":"category-people","8":"tag-divertissement","9":"tag-entertainment","10":"tag-fr","11":"tag-france","12":"tag-lamour-est-dans-le-pre","13":"tag-people"},"share_on_mastodon":{"url":"https:\/\/pubeurope.com\/@fr\/115568608860129002","error":""},"_links":{"self":[{"href":"https:\/\/www.europesays.com\/fr\/wp-json\/wp\/v2\/posts\/541646","targetHints":{"allow":["GET"]}}],"collection":[{"href":"https:\/\/www.europesays.com\/fr\/wp-json\/wp\/v2\/posts"}],"about":[{"href":"https:\/\/www.europesays.com\/fr\/wp-json\/wp\/v2\/types\/post"}],"author":[{"embeddable":true,"href":"https:\/\/www.europesays.com\/fr\/wp-json\/wp\/v2\/users\/2"}],"replies":[{"embeddable":true,"href":"https:\/\/www.europesays.com\/fr\/wp-json\/wp\/v2\/comments?post=541646"}],"version-history":[{"count":0,"href":"https:\/\/www.europesays.com\/fr\/wp-json\/wp\/v2\/posts\/541646\/revisions"}],"wp:featuredmedia":[{"embeddable":true,"href":"https:\/\/www.europesays.com\/fr\/wp-json\/wp\/v2\/media\/541647"}],"wp:attachment":[{"href":"https:\/\/www.europesays.com\/fr\/wp-json\/wp\/v2\/media?parent=541646"}],"wp:term":[{"taxonomy":"category","embeddable":true,"href":"https:\/\/www.europesays.com\/fr\/wp-json\/wp\/v2\/categories?post=541646"},{"taxonomy":"post_tag","embeddable":true,"href":"https:\/\/www.europesays.com\/fr\/wp-json\/wp\/v2\/tags?post=541646"}],"curies":[{"name":"wp","href":"https:\/\/api.w.org\/{rel}","templated":true}]}}