{"id":541648,"date":"2025-11-18T03:36:20","date_gmt":"2025-11-18T03:36:20","guid":{"rendered":"https:\/\/www.europesays.com\/fr\/541648\/"},"modified":"2025-11-18T03:36:20","modified_gmt":"2025-11-18T03:36:20","slug":"de-fabuleux-souvenirs-un-peu-kitsch-la-photo-de-classe-a-toujours-autant-la-cote","status":"publish","type":"post","link":"https:\/\/www.europesays.com\/fr\/541648\/","title":{"rendered":"\u00ab\u00a0De fabuleux souvenirs\u00a0\u00bb, \u00ab\u00a0un peu kitsch\u00a0\u00bb : la photo de classe a toujours autant la cote"},"content":{"rendered":"<p>C&rsquo;est un rendez-vous incontournable pour tous les \u00e9l\u00e8ves\u00a0: la photo de classe. \u00c0 Beauzelle, au nord de Toulouse (Haute-Garonne), \u00ab\u00a0Comme une image\u00a0\u00bb est sp\u00e9cialis\u00e9e dans la photographie scolaire depuis 30 ans. L\u2019entreprise nous a ouvert ses portes et d\u00e9voil\u00e9 les coulisses de ces fameuses photos.<\/p>\n<p>C\u2019est un petit local o\u00f9 s\u2019affairent une vingtaine de personnes\u00a0: des photographes, des retoucheurs, des employ\u00e9s charg\u00e9s de la mise sous pochette des photos et des envois. Une ruche qui est en pleine effervescence depuis d\u00e9but septembre, p\u00e9riode qui marque le d\u00e9but de la saison des photos de classe. L\u2019homme-orchestre qui dirige tout ce petit monde s\u2019appelle Fran\u00e7ois Miquel. Ce s\u00e9millant photographe a fond\u00e9 Comme un image il y a 30 ans. Une entreprise de photographie scolaire qui r\u00e9alise les photos d&rsquo;environ 25% des cr\u00e8ches et des \u00e9tablissements scolaires de la Haute-Garonne.<\/p>\n<p>Des enfants tir\u00e9s aux quatre \u00e9pingles<\/p>\n<p>Ici, on fait tout de A \u00e0 Z\u00a0: la prise de vue dans les \u00e9coles, le tirage des photos et la mise sous pochette des commandes. En cette mi-novembre, le laboratoire est en plein pic d\u2019activit\u00e9\u00a0: \u00ab\u00a0On fait quasiment les 3&#215;8 !\u00a0\u00bb, s\u2019exclame le patron. Le grand rush des photos de classe dure trois mois\u00a0: \u00ab\u00a0Les f\u00eates de No\u00ebl arrivent, les familles aiment bien envoyer des photos aux papis et aux mamies pour leur souhaiter les meilleurs v\u0153ux.\u00a0\u00bb Des photos de classe sur lesquelles les enfants sont parfois tr\u00e8s appr\u00eat\u00e9s\u00a0: \u00ab\u00a0On a des \u00e9coles o\u00f9 c&rsquo;est vraiment le grand jour\u00a0! Les enfants ont des petits noeuds, certains ont m\u00eame des petites cravates, c&rsquo;est trop mignon\u00a0!\u00a0\u00bb\u00a0sourit Fran\u00e7ois Miquel.<\/p>\n<p>En revanche, les photos prises dans les cr\u00e8ches ont tendance \u00e0 \u00eatre beaucoup moins parfaites, au grand dam des parents\u00a0: \u00ab\u00a0Ils nous disent souvent que leur enfant a le t-shirt tach\u00e9 ou a un peu de morve qui lui tombe du nez\u2026 Mais nous, on ne peut pas moucher les enfants, si le personnel de la cr\u00e8che est occup\u00e9 avec d\u2019autres enfants, on fait avec\u00a0!\u00a0\u00bb<\/p>\n<p>Des photos de classe dont le style est parfois un peu surann\u00e9. Et c&rsquo;est pr\u00e9cis\u00e9ment ce qui fait leur charme pour Fran\u00e7ois Miquel , \u00ab\u00a0oui, \u00e7a a parfois un c\u00f4t\u00e9 un peu kitsch. Par exemple, on fait des photos en situation\u00a0: les enfants sont sur un petit bureau en bois, avec un crayon en train de faire un semblant d&rsquo;\u00e9crire. Mais ce genre de poses pla\u00eet toujours et c&rsquo;est rigolo\u00a0!\u00a0\u00bb<\/p>\n<p>\u00ab\u00a0Merci Photoshop\u00a0!\u00a0\u00bb<\/p>\n<p>Comme une image propose donc aux familles des portraits de leurs enfants, mais aussi les traditionnelles photos de groupe. Des clich\u00e9s qui sont \u00ab\u00a0\u00e0 70\u00a0% retouch\u00e9s\u00a0\u00bb, affirme Fran\u00e7ois Miquel\u00a0: \u00ab\u00a0Sur une photo de groupe, vous pouvez \u00eatre s\u00fbr qu&rsquo;il y a au moins deux enfants qui ferment les yeux. Donc, on fait quatre ou cinq prises de vues et on change les t\u00eates de ceux qui ont les yeux ferm\u00e9s de mani\u00e8re \u00e0 faire un groupe parfait. Merci Photoshop\u00a0!\u00a0\u00bb<\/p>\n<p>Des retouches qui sont notamment effectu\u00e9es par Julie, une des retoucheuses qui \u0153uvre avec une dext\u00e9rit\u00e9 impressionnante\u00a0: \u00ab\u00a0Je s\u00e9lectionne la t\u00eate que je souhaite int\u00e9grer \u00e0 la photo de groupe puis je la colle sur l\u2019image de base. L\u00e0, par exemple, je retravaille la zone de la bretelle de cette petite fille pour que le raccord soit bon. Et je replace correctement ses cheveux\u00a0: il faut qu&rsquo;elle soit parfaite et que la retouche soit invisible.\u00a0\u00bb<\/p>\n<p>Il y a aussi les petits plaisantins qui n&rsquo;\u00e9chappent pas au regard de Dominica, une autre retoucheuse\u00a0: \u00ab\u00a0Sur cette photo, j&rsquo;ai un gar\u00e7on qui a un majeur sur la joue. Je vais donc retoucher sa main pour ajouter un doigt sur son visage.\u00a0\u00bb\u00a0Intentionnel ou pas, pas question de laisser passer un geste \u00e9quivoque.<\/p>\n<p> <img decoding=\"async\" src=\"https:\/\/www.europesays.com\/fr\/wp-content\/uploads\/2025\/11\/1763436980_202_1280\" alt=\"illustration agrandir l'image\" style=\"--_image-preview:url('data:image\/jpeg;base64,\/9j\/2wBDACgcHiMeGSgjISMtKygwPGRBPDc3PHtYXUlkkYCZlo+AjIqgtObDoKrarYqMyP\/L2u71\/\/\/\/m8H\/\/\/\/6\/+b9\/\/j\/2wBDASstLTw1PHZBQXb4pYyl+Pj4+Pj4+Pj4+Pj4+Pj4+Pj4+Pj4+Pj4+Pj4+Pj4+Pj4+Pj4+Pj4+Pj4+Pj4+Pj4+Pj\/wAARCAAhACoDASIAAhEBAxEB\/8QAGAAAAwEBAAAAAAAAAAAAAAAAAAECAwT\/xAAXEAEBAQEAAAAAAAAAAAAAAAAAAREC\/8QAFQEBAQAAAAAAAAAAAAAAAAAAAAH\/xAAUEQEAAAAAAAAAAAAAAAAAAAAA\/9oADAMBAAIRAxEAPwDqtRaV6RekF2lqNGiqBaNEFRa16jOxROnpYSCtPUaNB09M6AoipoCBEAD\/2Q==');\" loading=\"lazy\" fetchpriority=\"low\" class=\"svelte-1pnmlwx rounded\" onload=\"this.__e=event\" onerror=\"this.__e=event\"\/> Fran\u00e7ois Miquel et une partie de son \u00e9quipe \u00a9 Radio France &#8211; Claudia Calmel  Les adolescents parfois r\u00e9calcitrants<\/p>\n<p>Globalement, les enfants rencontr\u00e9s par les photographes de Comme une image qui se laissent facilement tirer le portrait. Sauf, peut-\u00eatre, certains coll\u00e9giens, s\u2019amuse Fran\u00e7ois Miquel\u00a0: \u00ab\u00a0Les rebelles, ce sont plut\u00f4t les 3e\u00a0: ils jouent un peu aux grands, ils ne veulent pas \u00eatre photographi\u00e9s sous tel ou tel angle\u2026 et puis, c&rsquo;est l&rsquo;\u00e2ge ingrat. Ils sont parfois un peu p\u00e9nibles, mais on arrive \u00e0 en rire avec eux.\u00a0\u00bb<\/p>\n<p>La photo de classe a toujours autant de succ\u00e8s<\/p>\n<p>Mais qu&rsquo;est-ce qui fait l&rsquo;inalt\u00e9rable succ\u00e8s Des photos de classe\u00a0? Au fil de ses ann\u00e9es d\u2019exp\u00e9rience, Fran\u00e7ois Miquel a analys\u00e9 cet attachement\u00a0: \u00ab\u00a0C&rsquo;est sont de fabuleux souvenirs\u00a0: on ne garde pas les photos d&rsquo;identit\u00e9 parce qu&rsquo;on a une sale t\u00eate dessus, mais on garde les photos de classe. C&rsquo;est rigolo, m\u00eame si on a une mauvaise t\u00eate, ou m\u00e8me si on est en train de faire le zouave. C\u2019est une routine qui est ancr\u00e9e. Et m\u00eame si on a 10.000 photos de nos enfants sur nos t\u00e9l\u00e9phones, la photographie scolaire, c&rsquo;est diff\u00e9rent. \u00c7a vient de l&rsquo;\u00e9cole, \u00e7a marque une ann\u00e9e\u00a0: un CP m\u00e9morable, une 3e qui s&rsquo;est mal pass\u00e9e, une entr\u00e9e dans le grand lyc\u00e9e.\u00a0\u00bb<\/p>\n<p>Fran\u00e7ois Miquel voit aussi des raisons \u00e9conomiques au succ\u00e8s des photos de classe\u00a0: \u00ab\u00a0Il y a tr\u00e8s peu de personnes qui vont aller chez le photographe et qui vont pouvoir s&rsquo;acheter 200 ou 300\u00a0euros de portraits. Je ne dirais pas que c\u2019est l&rsquo;\u00e9quivalent, ce n\u2019est pas de la photo de studio. Mais les gens ont quand m\u00eame de jolis portraits pour 18\u00a0ou 20 euros.\u00a0\u00bb<\/p>\n<p>En France, les familles d\u00e9pensent en moyenne 21\u00a0euros par an pour les photos de classe. En g\u00e9n\u00e9ral, 30% de cette somme revient \u00e0 l&rsquo;\u00e9tablissement scolaire, le reste est revers\u00e9 aux photographes.<\/p>\n","protected":false},"excerpt":{"rendered":"C&rsquo;est un rendez-vous incontournable pour tous les \u00e9l\u00e8ves\u00a0: la photo de classe. \u00c0 Beauzelle, au nord de Toulouse&hellip;\n","protected":false},"author":2,"featured_media":541649,"comment_status":"","ping_status":"","sticky":false,"template":"","format":"standard","meta":{"footnotes":""},"categories":[1358],"tags":[1348,1384,1385,1386,58,59,1011,27],"class_list":{"0":"post-541648","1":"post","2":"type-post","3":"status-publish","4":"format-standard","5":"has-post-thumbnail","7":"category-arts-et-design","8":"tag-arts","9":"tag-arts-and-design","10":"tag-arts-et-design","11":"tag-design","12":"tag-divertissement","13":"tag-entertainment","14":"tag-fr","15":"tag-france"},"share_on_mastodon":{"url":"https:\/\/pubeurope.com\/@fr\/115568613182663275","error":""},"_links":{"self":[{"href":"https:\/\/www.europesays.com\/fr\/wp-json\/wp\/v2\/posts\/541648","targetHints":{"allow":["GET"]}}],"collection":[{"href":"https:\/\/www.europesays.com\/fr\/wp-json\/wp\/v2\/posts"}],"about":[{"href":"https:\/\/www.europesays.com\/fr\/wp-json\/wp\/v2\/types\/post"}],"author":[{"embeddable":true,"href":"https:\/\/www.europesays.com\/fr\/wp-json\/wp\/v2\/users\/2"}],"replies":[{"embeddable":true,"href":"https:\/\/www.europesays.com\/fr\/wp-json\/wp\/v2\/comments?post=541648"}],"version-history":[{"count":0,"href":"https:\/\/www.europesays.com\/fr\/wp-json\/wp\/v2\/posts\/541648\/revisions"}],"wp:featuredmedia":[{"embeddable":true,"href":"https:\/\/www.europesays.com\/fr\/wp-json\/wp\/v2\/media\/541649"}],"wp:attachment":[{"href":"https:\/\/www.europesays.com\/fr\/wp-json\/wp\/v2\/media?parent=541648"}],"wp:term":[{"taxonomy":"category","embeddable":true,"href":"https:\/\/www.europesays.com\/fr\/wp-json\/wp\/v2\/categories?post=541648"},{"taxonomy":"post_tag","embeddable":true,"href":"https:\/\/www.europesays.com\/fr\/wp-json\/wp\/v2\/tags?post=541648"}],"curies":[{"name":"wp","href":"https:\/\/api.w.org\/{rel}","templated":true}]}}