{"id":54165,"date":"2025-04-26T10:35:09","date_gmt":"2025-04-26T10:35:09","guid":{"rendered":"https:\/\/www.europesays.com\/fr\/54165\/"},"modified":"2025-04-26T10:35:09","modified_gmt":"2025-04-26T10:35:09","slug":"la-loire-dans-le-retro-il-y-a-50-ans-saint-etienne-rigolait-avec-coluche","status":"publish","type":"post","link":"https:\/\/www.europesays.com\/fr\/54165\/","title":{"rendered":"La Loire dans le r\u00e9tro. Il y a 50 ans, Saint-\u00c9tienne rigolait avec Coluche"},"content":{"rendered":"<p>\u00ab\u00a0C&rsquo;est l&rsquo;histoire d&rsquo;un mec&#8230;\u00a0\u00bb D\u00e9but 1975, Coluche vient de jouer son spectacle, Mes Adieux au music-hall, \u00e0 l&rsquo;Olympia et se lance dans une grande tourn\u00e9e, \u00e0 travers une France qui pleure de rire en \u00e9coutant le sketch du schmilblick. Le 28 avril 1975, Coluche s&rsquo;arr\u00eate \u00e0 Saint-\u00c9tienne, sur la sc\u00e8ne de la Maison de la culture, dans le quartier de Villeb\u0153uf. La r\u00e9daction du Progr\u00e8s a fouill\u00e9 dans ses archives pour retrouver les images de cette soir\u00e9e.\u00a0<\/p>\n","protected":false},"excerpt":{"rendered":"\u00ab\u00a0C&rsquo;est l&rsquo;histoire d&rsquo;un mec&#8230;\u00a0\u00bb D\u00e9but 1975, Coluche vient de jouer son spectacle, Mes Adieux au music-hall, \u00e0 l&rsquo;Olympia&hellip;\n","protected":false},"author":2,"featured_media":54166,"comment_status":"","ping_status":"","sticky":false,"template":"","format":"standard","meta":{"footnotes":""},"categories":[9653],"tags":[1111,11,2430,1687,11986,7539,1777,674,1011,27,2798,3367,12,25,11985,4001,10806,3140],"class_list":{"0":"post-54165","1":"post","2":"type-post","3":"status-publish","4":"format-standard","5":"has-post-thumbnail","7":"category-saint-etienne","8":"tag-actu","9":"tag-actualites","10":"tag-auvergne-rhone-alpes","11":"tag-culture-loisirs","12":"tag-doc-photo","13":"tag-edition-loire-sud","14":"tag-eu","15":"tag-europe","16":"tag-fr","17":"tag-france","18":"tag-galerie-photo","19":"tag-loire","20":"tag-news","21":"tag-republique-francaise","22":"tag-retro","23":"tag-saint-etienne","24":"tag-selection-de-la-redaction-42","25":"tag-spectacle"},"share_on_mastodon":{"url":"https:\/\/pubeurope.com\/@fr\/114403824313625739","error":""},"_links":{"self":[{"href":"https:\/\/www.europesays.com\/fr\/wp-json\/wp\/v2\/posts\/54165","targetHints":{"allow":["GET"]}}],"collection":[{"href":"https:\/\/www.europesays.com\/fr\/wp-json\/wp\/v2\/posts"}],"about":[{"href":"https:\/\/www.europesays.com\/fr\/wp-json\/wp\/v2\/types\/post"}],"author":[{"embeddable":true,"href":"https:\/\/www.europesays.com\/fr\/wp-json\/wp\/v2\/users\/2"}],"replies":[{"embeddable":true,"href":"https:\/\/www.europesays.com\/fr\/wp-json\/wp\/v2\/comments?post=54165"}],"version-history":[{"count":0,"href":"https:\/\/www.europesays.com\/fr\/wp-json\/wp\/v2\/posts\/54165\/revisions"}],"wp:featuredmedia":[{"embeddable":true,"href":"https:\/\/www.europesays.com\/fr\/wp-json\/wp\/v2\/media\/54166"}],"wp:attachment":[{"href":"https:\/\/www.europesays.com\/fr\/wp-json\/wp\/v2\/media?parent=54165"}],"wp:term":[{"taxonomy":"category","embeddable":true,"href":"https:\/\/www.europesays.com\/fr\/wp-json\/wp\/v2\/categories?post=54165"},{"taxonomy":"post_tag","embeddable":true,"href":"https:\/\/www.europesays.com\/fr\/wp-json\/wp\/v2\/tags?post=54165"}],"curies":[{"name":"wp","href":"https:\/\/api.w.org\/{rel}","templated":true}]}}