{"id":541650,"date":"2025-11-18T03:38:15","date_gmt":"2025-11-18T03:38:15","guid":{"rendered":"https:\/\/www.europesays.com\/fr\/541650\/"},"modified":"2025-11-18T03:38:15","modified_gmt":"2025-11-18T03:38:15","slug":"narcotrafic-la-france-a-t-elle-perdu-la-guerre-en-replay-c-ce-soir","status":"publish","type":"post","link":"https:\/\/www.europesays.com\/fr\/541650\/","title":{"rendered":"Narcotrafic : La France a-t-elle perdu la guerre ? en replay &#8211; C ce soir"},"content":{"rendered":"<p class=\"kPgwkc gYsEFt\"><b style=\"font-weight:normal\" id=\"docs-internal-guid-6fd596e8-7fff-2ec5-86ff-96a331b080dd\">C&rsquo;est une famille une nouvelle fois bris\u00e9e par la violence du narcotrafic \u00e0 Marseille. Un jeune homme de 20 ans assassin\u00e9 par balles en pleine rue et en plein apr\u00e8s-midi\u2026 Ce jeune homme, c\u2019\u00e9tait le fr\u00e8re d\u2019Amine Kessaci, un enfant des quartiers Nord devenu lanceur d\u2019alerte apr\u00e8s l\u2019assassinat de son autre fr\u00e8re dans un r\u00e8glement de comptes. Aujourd\u2019hui, le parquet privil\u00e9gie la piste d\u2019un avertissement, d\u2019un meurtre destin\u00e9 \u00e0 le d\u00e9courager dans son combat contre les trafiquants. Ces derni\u00e8res ann\u00e9es, \u00e0 Marseille comme dans le reste de la France, le narcotrafic ne cesse de prendre de l\u2019ampleur : des milliards d\u2019euros de chiffre d&rsquo;affaires, des policiers corrompus, des intimidations visant les magistrats, les journalistes, les surveillants p\u00e9nitentiaires\u2026 Cet assassinat est-il un \u201cpoint de bascule\u201d pour reprendre les mots du ministre de la Justice ? Nous allons en d\u00e9battre avec nos invit\u00e9s :\u00a0<br \/><\/b><\/p>\n<p class=\"kPgwkc gYsEFt\">&#8211; Anouck FOURMIGU\u00c9 Secr\u00e9taire g\u00e9n\u00e9rale du syndicat des commissaires de la Police nationale<\/p>\n<p class=\"kPgwkc gYsEFt\">&#8211; Eric DUPOND-MORETTI Avocat p\u00e9naliste, ancien Ministre de la Justice, auteur de \u00ab Jur\u00e9 crach\u00e9 \u00bb aux \u00e9ditions Michel Lafon (25.09.25)<\/p>\n<p class=\"kPgwkc gYsEFt\">&#8211; Fr\u00e9d\u00e9ric PLOQUIN Journaliste ind\u00e9pendant sp\u00e9cialiste de la criminalit\u00e9 organis\u00e9e, co-auteur de \u00ab Braqueur, mercenaire, aventurier De l&rsquo;OAS au grand banditisme \u00bb aux \u00e9ditions Nouveau Monde (03.25) et auteur de \u00ab Les Narcos fran\u00e7ais brisent l&rsquo;omerta \u00bb aux \u00e9ditions Albin Michel (03.02.21)<\/p>\n<p class=\"kPgwkc gYsEFt\">&#8211; Fabrice RIZZOLI Enseignant \u00e0 Sciences Po et \u00e0 l\u2019HEIP, sp\u00e9cialiste de la grande criminalit\u00e9 et des mafias, fondateur et pr\u00e9sident de l\u2019association Crim\u2019HALT<\/p>\n<p class=\"kPgwkc gYsEFt\">&#8211; Clarisse Serre, Avocate, autrice de \u00ab L&rsquo;Avocate et le Repenti \u00bb aux \u00e9ditions Sonatine (23.01.25)<\/p>\n<p><br class=\"Apple-interchange-newline\"\/><\/p>\n","protected":false},"excerpt":{"rendered":"C&rsquo;est une famille une nouvelle fois bris\u00e9e par la violence du narcotrafic \u00e0 Marseille. Un jeune homme de&hellip;\n","protected":false},"author":2,"featured_media":541651,"comment_status":"","ping_status":"","sticky":false,"template":"","format":"standard","meta":{"footnotes":""},"categories":[1356],"tags":[58,59,1011,27,252,1364],"class_list":{"0":"post-541650","1":"post","2":"type-post","3":"status-publish","4":"format-standard","5":"has-post-thumbnail","7":"category-television","8":"tag-divertissement","9":"tag-entertainment","10":"tag-fr","11":"tag-france","12":"tag-television","13":"tag-tv"},"share_on_mastodon":{"url":"https:\/\/pubeurope.com\/@fr\/115568620732817318","error":""},"_links":{"self":[{"href":"https:\/\/www.europesays.com\/fr\/wp-json\/wp\/v2\/posts\/541650","targetHints":{"allow":["GET"]}}],"collection":[{"href":"https:\/\/www.europesays.com\/fr\/wp-json\/wp\/v2\/posts"}],"about":[{"href":"https:\/\/www.europesays.com\/fr\/wp-json\/wp\/v2\/types\/post"}],"author":[{"embeddable":true,"href":"https:\/\/www.europesays.com\/fr\/wp-json\/wp\/v2\/users\/2"}],"replies":[{"embeddable":true,"href":"https:\/\/www.europesays.com\/fr\/wp-json\/wp\/v2\/comments?post=541650"}],"version-history":[{"count":0,"href":"https:\/\/www.europesays.com\/fr\/wp-json\/wp\/v2\/posts\/541650\/revisions"}],"wp:featuredmedia":[{"embeddable":true,"href":"https:\/\/www.europesays.com\/fr\/wp-json\/wp\/v2\/media\/541651"}],"wp:attachment":[{"href":"https:\/\/www.europesays.com\/fr\/wp-json\/wp\/v2\/media?parent=541650"}],"wp:term":[{"taxonomy":"category","embeddable":true,"href":"https:\/\/www.europesays.com\/fr\/wp-json\/wp\/v2\/categories?post=541650"},{"taxonomy":"post_tag","embeddable":true,"href":"https:\/\/www.europesays.com\/fr\/wp-json\/wp\/v2\/tags?post=541650"}],"curies":[{"name":"wp","href":"https:\/\/api.w.org\/{rel}","templated":true}]}}