{"id":541652,"date":"2025-11-18T03:39:12","date_gmt":"2025-11-18T03:39:12","guid":{"rendered":"https:\/\/www.europesays.com\/fr\/541652\/"},"modified":"2025-11-18T03:39:12","modified_gmt":"2025-11-18T03:39:12","slug":"lors-dun-concert-a-lyon-vitaa-fait-une-annonce-inattendue-sur-sa-carriere","status":"publish","type":"post","link":"https:\/\/www.europesays.com\/fr\/541652\/","title":{"rendered":"lors d&rsquo;un concert \u00e0 Lyon, Vitaa fait une annonce inattendue sur sa carri\u00e8re"},"content":{"rendered":"<p>                    Par<br \/>\n        <strong><br \/>\n            <a href=\"https:\/\/actu.fr\/auteur\/nicolas-zaugra\" title=\"Consulter tous les articles de Nicolas Zaugra\" rel=\"nofollow noopener\" target=\"_blank\">Nicolas Zaugra<\/a><br \/>\n                    <\/strong><\/p>\n<p>        Publi\u00e9 le<\/p>\n<p>            17 nov. 2025 \u00e0 16h42        <\/p>\n<p>La chanteuse <a href=\"https:\/\/actu.fr\/provence-alpes-cote-d-azur\/marseille_13055\/un-echec-cuisant-le-concert-de-vitaa-n-attire-pas-les-foules-au-dome-de-marseille-les-prix-brades_63345965.html\" rel=\"nofollow noopener\" target=\"_blank\">Vitaa<\/a> va-t-elle mettre sa carri\u00e8re sur pause ? C\u2019est l\u2019annonce que la chanteuse a faite ce week-end dans sa ville natale, <a href=\"https:\/\/actu.fr\/auvergne-rhone-alpes\/lyon_69123\" rel=\"nofollow noopener\" target=\"_blank\">Lyon<\/a>, lors d\u2019un concert \u00e0 la <a href=\"https:\/\/actu.fr\/auvergne-rhone-alpes\/lyon_69123\/lyon-indochine-retourne-la-ldlc-arena-on-a-vu-l-un-des-concerts-a-guichets-fermes_63301449.html\" rel=\"nofollow noopener\" target=\"_blank\">LDLC Arena<\/a> samedi 15 novembre. Lors de sa date lyonnaise, dont les <a href=\"https:\/\/actu.fr\/auvergne-rhone-alpes\/lyon_69123\/les-concerts-de-vitaa-ne-se-vendent-pas-billets-brades-a-moitie-prix-un-enorme-bide_63332647.html\" rel=\"nofollow noopener\" target=\"_blank\">billets ont \u00e9t\u00e9 brad\u00e9s \u00e0 moiti\u00e9 prix<\/a> par la chanteuse comme pour l\u2019ensemble de ses concerts, Vitaa a annonc\u00e9 qu\u2019elle comptait faire une pause apr\u00e8s sa tourn\u00e9e en cours.\u00a0<\/p>\n<p class=\" wall-content\">\u00ab\u00a0Merci pour tous les messages que je re\u00e7ois depuis des ann\u00e9es maintenant. Merci pour tous les cadeaux que vous me faites, je lis tout, je vois tout. Je prends tout, je vous aime. Je ne sais pas combien de temps \u00e7a va durer encore, c\u2019est bient\u00f4t la fin\u00a0\u00bb, a-t-elle lanc\u00e9 au public de l\u2019Arena.<\/p>\n<p>\u00ab\u00a0Je vais repartir dans l\u2019ombre\u00a0\u00bb<\/p>\n<p class=\" wall-content\">L\u2019artiste a assur\u00e9 qu\u2019elle allait faire un \u00ab\u00a0break\u00a0\u00bb. \u00ab\u00a0C\u2019est vrai que je vais repartir dans l\u2019ombre, c\u2019est bien aussi de faire un break, c\u2019est bien de dispara\u00eetre aussi\u00a0\u00bb, a-t-elle ajout\u00e9. \u00ab\u00a0M\u00eame si je suis moins pr\u00e9sente, vous \u00eates dans mon c\u0153ur et je ne vous oublie pas\u00a0\u00bb, a affirm\u00e9 Vitaa \u00e0 Lyon.<\/p>\n<p class=\" wall-content\">\u00ab\u00a0Mais dans ces moments-l\u00e0 moi je suis nostalgique, je regarde beaucoup les photos, vid\u00e9os, lettres que l\u2019on m\u2019\u00e9crit.\u00a0\u00bb<\/p>\n<blockquote class=\"tiktok-embed\" cite=\"https:\/\/www.tiktok.com\/@lesconcertsdalex\/video\/7573114412672781590\" data-video-id=\"7573114412672781590\" data-embed-from=\"oembed\" style=\"max-width:605px; min-width:325px;\"><p>\n<a target=\"_blank\" title=\"@lesconcertsdalex\" href=\"https:\/\/www.tiktok.com\/@lesconcertsdalex?refer=embed\" rel=\"nofollow noopener\">@lesconcertsdalex<\/a> <\/p>\n<p>L\u2019annonce de Vitaa \u00e0 la fin de concert \u00e0 Lyon  <a title=\"vitaa\" target=\"_blank\" href=\"https:\/\/www.tiktok.com\/tag\/vitaa?refer=embed\" rel=\"nofollow noopener\">#vitaa<\/a> <a title=\"lyon\" target=\"_blank\" href=\"https:\/\/www.tiktok.com\/tag\/lyon?refer=embed\" rel=\"nofollow noopener\">#lyon<\/a> <a title=\"carriere\" target=\"_blank\" href=\"https:\/\/www.tiktok.com\/tag\/carriere?refer=embed\" rel=\"nofollow noopener\">#carriere<\/a> <a title=\"concert\" target=\"_blank\" href=\"https:\/\/www.tiktok.com\/tag\/concert?refer=embed\" rel=\"nofollow noopener\">#concert<\/a> <\/p>\n<p> <a target=\"_blank\" title=\"\u266c son original - Les concerts d\u2019Alex\" href=\"https:\/\/www.tiktok.com\/music\/son-original-7573114430696459030?refer=embed\" rel=\"nofollow noopener\">\u266c son original \u2013 Les concerts d\u2019Alex<\/a> <\/p>\n<\/blockquote>\n<p class=\" wall-content\">La chanteuse doit encore donner des concerts \u00e0 Paris \u00e0 la Seine Musicale les 28, 29 et 30 novembre prochains pour la fin de sa tourn\u00e9e \u00ab\u00a0Charlotte\u00a0\u00bb. On ne sait donc pas quand on reverra la Lyonnaise sur sc\u00e8ne, elle qui a s\u2019est aussi essay\u00e9e au tournage de s\u00e9rie (Tout pour la lumi\u00e8re) ou \u00e0 une collaboration sur l\u2019album d\u2019Amel Bent.\u00a0<\/p>\n<p class=\" wall-content\">Personnalisez votre actualit\u00e9 en ajoutant vos villes et m\u00e9dias en favori avec <a href=\"https:\/\/moncompte.actu.fr\" title=\"D\u00e9couvez Mon Actu\" rel=\"nofollow noopener\" data-trk=\"{&quot;cta&quot;:{&quot;action&quot;:&quot;https:\\\/\\\/moncompte.actu.fr&quot;,&quot;category&quot;:&quot;mon compte&quot;,&quot;from&quot;:&quot;article footer&quot;,&quot;name&quot;:&quot;Mon actu&quot;,&quot;type&quot;:&quot;cta&quot;}}\" target=\"_blank\">Mon Actu<\/a>.<\/p>\n<p>                    <script async src=\"\/\/www.tiktok.com\/embed.js\"><\/script><\/p>\n","protected":false},"excerpt":{"rendered":"Par Nicolas Zaugra Publi\u00e9 le 17 nov. 2025 \u00e0 16h42 La chanteuse Vitaa va-t-elle mettre sa carri\u00e8re sur&hellip;\n","protected":false},"author":2,"featured_media":541653,"comment_status":"","ping_status":"","sticky":false,"template":"","format":"standard","meta":{"footnotes":""},"categories":[1355],"tags":[58,59,1011,27,7602,1652,1361,873,52893],"class_list":{"0":"post-541652","1":"post","2":"type-post","3":"status-publish","4":"format-standard","5":"has-post-thumbnail","7":"category-musique","8":"tag-divertissement","9":"tag-entertainment","10":"tag-fr","11":"tag-france","12":"tag-ldlc-arena","13":"tag-loisirs-culture","14":"tag-music","15":"tag-musique","16":"tag-vitaa-et-slimane"},"share_on_mastodon":{"url":"https:\/\/pubeurope.com\/@fr\/115568624648936552","error":""},"_links":{"self":[{"href":"https:\/\/www.europesays.com\/fr\/wp-json\/wp\/v2\/posts\/541652","targetHints":{"allow":["GET"]}}],"collection":[{"href":"https:\/\/www.europesays.com\/fr\/wp-json\/wp\/v2\/posts"}],"about":[{"href":"https:\/\/www.europesays.com\/fr\/wp-json\/wp\/v2\/types\/post"}],"author":[{"embeddable":true,"href":"https:\/\/www.europesays.com\/fr\/wp-json\/wp\/v2\/users\/2"}],"replies":[{"embeddable":true,"href":"https:\/\/www.europesays.com\/fr\/wp-json\/wp\/v2\/comments?post=541652"}],"version-history":[{"count":0,"href":"https:\/\/www.europesays.com\/fr\/wp-json\/wp\/v2\/posts\/541652\/revisions"}],"wp:featuredmedia":[{"embeddable":true,"href":"https:\/\/www.europesays.com\/fr\/wp-json\/wp\/v2\/media\/541653"}],"wp:attachment":[{"href":"https:\/\/www.europesays.com\/fr\/wp-json\/wp\/v2\/media?parent=541652"}],"wp:term":[{"taxonomy":"category","embeddable":true,"href":"https:\/\/www.europesays.com\/fr\/wp-json\/wp\/v2\/categories?post=541652"},{"taxonomy":"post_tag","embeddable":true,"href":"https:\/\/www.europesays.com\/fr\/wp-json\/wp\/v2\/tags?post=541652"}],"curies":[{"name":"wp","href":"https:\/\/api.w.org\/{rel}","templated":true}]}}