{"id":541662,"date":"2025-11-18T03:44:20","date_gmt":"2025-11-18T03:44:20","guid":{"rendered":"https:\/\/www.europesays.com\/fr\/541662\/"},"modified":"2025-11-18T03:44:20","modified_gmt":"2025-11-18T03:44:20","slug":"la-chute-dicare-lepoustouflante-photo-dun-homme-en-chute-libre-devant-le-soleil-fait-le-tour-des-reseaux-sociaux","status":"publish","type":"post","link":"https:\/\/www.europesays.com\/fr\/541662\/","title":{"rendered":"\u00ab\u00a0La Chute d\u2019Icare\u00a0\u00bb : l\u2019\u00e9poustouflante photo d\u2019un homme en chute libre devant le Soleil fait le tour des r\u00e9seaux sociaux"},"content":{"rendered":"<p class=\"mb-4 text-lg md:leading-8 break-words\">\u00ab\u00a0La chute d\u2019Icare\u00a0\u00bb, c\u2019est ainsi que l\u2019astrophotographe Andrew McCarthy a appel\u00e9 sa stup\u00e9fiante photo, prise le 8 novembre dernier. On y voit son ami parachutiste Gabriel C. Brown tombant en chute libre devant le Soleil, parfaitement align\u00e9 avec celui-ci. Gabriel Brown a ainsi saut\u00e9 d&rsquo;un petit engin \u00e0 h\u00e9lice \u00e0 une altitude d&rsquo;environ 1 070 m\u00e8tres, en \u00e9tant lui-m\u00eame situ\u00e9 \u00e0 environ 2 500 m\u00e8tres de l&rsquo;appareil photo de McCarthy.<\/p>\n<p class=\"mb-4 text-lg md:leading-8 break-words\">Depuis, le clich\u00e9 a \u00e9t\u00e9 partag\u00e9 des millions de fois sur Instagram, X et Facebook. \u00ab\u00a0Je n&rsquo;arrive toujours pas \u00e0 croire qu&rsquo;on ait r\u00e9ussi \u00e7a\u00a0\u00bb, s\u2019\u00e9tonne Andrew McCarthy qui f\u00e9licite son acolyte d\u2019avoir \u00e9t\u00e9 aussi \u00ab\u00a0t\u00eatu\u00a0\u00bb et d\u00e9termin\u00e9 que lui \u00e0 r\u00e9aliser une telle photo.<\/p>\n<p><strong>Une installation tr\u00e8s d\u00e9licate avec plusieurs cam\u00e9ras<\/strong><\/p>\n<p class=\"mb-4 text-lg md:leading-8 break-words\">La silhouette sombre du parachutiste se d\u00e9tache nettement sur la surface bouillonnante du Soleil. La photo a \u00e9t\u00e9 captur\u00e9e en lumi\u00e8re H-alpha, une longueur d&rsquo;onde sp\u00e9cifique qui r\u00e9v\u00e8le la couche d&rsquo;hydrog\u00e8ne situ\u00e9e juste au-dessus de la surface brillante du Soleil.<\/p>\n<blockquote class=\"mb-4 border-l-2 pl-5 italic text-tertiary\">\n<p class=\"mb-4 text-lg md:leading-8 break-words\">\u00ab\u00a0Nous avons d\u00fb trouver le bon endroit, le moment, l&rsquo;avion et la bonne distance pour avoir le clich\u00e9 le plus clair possible, tout en tenant compte de la descente de l&rsquo;avion pour avoir un angle de soleil optimal et une altitude de sortie s\u00fbre\u00a0\u00bb ,r\u00e9sume le photographe.<\/p>\n<\/blockquote>\n<blockquote class=\"mb-4 border-l-2 pl-5 italic text-tertiary\">\n<p class=\"mb-4 text-lg md:leading-8 break-words\">\u00ab\u00a0Gabriel et moi nous sommes retrouv\u00e9s il y a quelques mois pour faire du parachutisme, puis nous avons pris un petit-d\u00e9jeuner et discut\u00e9 de la fa\u00e7on dont nous pourrions int\u00e9grer le parachutisme \u00e0 l&rsquo;astrophotographie. L&rsquo;id\u00e9e a germ\u00e9 petit \u00e0 petit : prendre un paramoteur en altitude et le faire sauter pendant que je prenais la photo\u00a0\u00bb, a expliqu\u00e9 Andrew McCarthy \u00e0 <a data-i13n=\"cpos:1;pos:1\" href=\"https:\/\/www.iflscience.com\/the-fall-of-icarus-you-have-never-seen-an-astrophotography-picture-like-this-81570\" rel=\"nofollow noopener\" target=\"_blank\" data-ylk=\"slk:IFLScience.;cpos:1;pos:1;elm:context_link;itc:0;sec:content-canvas\" class=\"link \">IFLScience.<\/a><\/p>\n<\/blockquote>\n<p class=\"mb-4 text-lg md:leading-8 break-words\">Andrew McCarthy, Gabriel Brown et le pilote de paramoteur Jim Hamberlin communiquaient constamment pour s&rsquo;assurer que tout soit parfaitement align\u00e9.<\/p>\n<p class=\"mb-4 text-lg md:leading-8 break-words\">\u00ab\u00a0C&rsquo;\u00e9tait assez d\u00e9licat ! J&rsquo;ai install\u00e9 plusieurs cam\u00e9ras et j&rsquo;ai \u00e9tabli une communication \u00e0 trois avec le pilote et Gabe. Le pilote observait son ombre pendant qu&rsquo;il montait dans l&rsquo;avion, et lorsqu\u2019elle co\u00efncidait avec l&rsquo;endroit o\u00f9 j&rsquo;\u00e9tais positionn\u00e9, il r\u00e9duisait les gaz et planait devant le Soleil, tandis que je lui donnais les instructions de pilotage, une fois sa silhouette visible\u00a0\u00bb, poursuit le photographe.<\/p>\n<p class=\"mb-4 text-lg md:leading-8 break-words\">Apr\u00e8s une s\u00e9rie de dysfonctionnements, les deux Am\u00e9ricains r\u00e9ussissent \u00e0 capturer l\u2019instant \u00ab\u00a0au sixi\u00e8me essai\u00a0\u00bb avant que le photographe n\u2019arrive \u00e0 aligner le parachutiste avec les taches solaires. \u00ab\u00a0Puis j&rsquo;ai donn\u00e9 l&rsquo;ordre de sauter\u00a0\u00bb. L&rsquo;image a toutefois \u00e9t\u00e9 prise lors du premier et unique saut de la journ\u00e9e, a ajout\u00e9 McCarthy. Ainsi est n\u00e9 \u00ab\u00a0The fall of Icarus\u00a0\u00bb, qui devrait \u00eatre tir\u00e9e en \u00e9dition limit\u00e9e.<\/p>\n","protected":false},"excerpt":{"rendered":"\u00ab\u00a0La chute d\u2019Icare\u00a0\u00bb, c\u2019est ainsi que l\u2019astrophotographe Andrew McCarthy a appel\u00e9 sa stup\u00e9fiante photo, prise le 8 novembre&hellip;\n","protected":false},"author":2,"featured_media":541663,"comment_status":"","ping_status":"","sticky":false,"template":"","format":"standard","meta":{"footnotes":""},"categories":[7],"tags":[65982,1011,27,65983,65984,54336,2745,43,40,41,39,42,44],"class_list":{"0":"post-541662","1":"post","2":"type-post","3":"status-publish","4":"format-standard","5":"has-post-thumbnail","7":"category-sciences-et-technologies","8":"tag-andrew-mccarthy","9":"tag-fr","10":"tag-france","11":"tag-gabriel-brown","12":"tag-la-photo","13":"tag-le-pilote","14":"tag-photo","15":"tag-science","16":"tag-science-and-technology","17":"tag-sciences","18":"tag-sciences-et-technologies","19":"tag-technologies","20":"tag-technology"},"share_on_mastodon":{"url":"https:\/\/pubeurope.com\/@fr\/115568644268856518","error":""},"_links":{"self":[{"href":"https:\/\/www.europesays.com\/fr\/wp-json\/wp\/v2\/posts\/541662","targetHints":{"allow":["GET"]}}],"collection":[{"href":"https:\/\/www.europesays.com\/fr\/wp-json\/wp\/v2\/posts"}],"about":[{"href":"https:\/\/www.europesays.com\/fr\/wp-json\/wp\/v2\/types\/post"}],"author":[{"embeddable":true,"href":"https:\/\/www.europesays.com\/fr\/wp-json\/wp\/v2\/users\/2"}],"replies":[{"embeddable":true,"href":"https:\/\/www.europesays.com\/fr\/wp-json\/wp\/v2\/comments?post=541662"}],"version-history":[{"count":0,"href":"https:\/\/www.europesays.com\/fr\/wp-json\/wp\/v2\/posts\/541662\/revisions"}],"wp:featuredmedia":[{"embeddable":true,"href":"https:\/\/www.europesays.com\/fr\/wp-json\/wp\/v2\/media\/541663"}],"wp:attachment":[{"href":"https:\/\/www.europesays.com\/fr\/wp-json\/wp\/v2\/media?parent=541662"}],"wp:term":[{"taxonomy":"category","embeddable":true,"href":"https:\/\/www.europesays.com\/fr\/wp-json\/wp\/v2\/categories?post=541662"},{"taxonomy":"post_tag","embeddable":true,"href":"https:\/\/www.europesays.com\/fr\/wp-json\/wp\/v2\/tags?post=541662"}],"curies":[{"name":"wp","href":"https:\/\/api.w.org\/{rel}","templated":true}]}}