{"id":541664,"date":"2025-11-18T03:45:13","date_gmt":"2025-11-18T03:45:13","guid":{"rendered":"https:\/\/www.europesays.com\/fr\/541664\/"},"modified":"2025-11-18T03:45:13","modified_gmt":"2025-11-18T03:45:13","slug":"le-pari-qui-motive-daniel-kretinsky-a-devenir-lun-des-principaux-actionnaires-de-totalenergies-les-echos","status":"publish","type":"post","link":"https:\/\/www.europesays.com\/fr\/541664\/","title":{"rendered":"Le pari qui motive Daniel Kretinsky \u00e0 devenir l&#039;un des principaux actionnaires de TotalEnergies &#8211; Les Echos"},"content":{"rendered":"<ol>\n<li><a href=\"https:\/\/news.google.com\/rss\/articles\/CBMi-wFBVV95cUxPMkozZmZaVkQwT1ZDejlObzhubXJLakNzdzJYYmNYQmhJOFR4WDhqaFV1SndYWTM5TWNZdTNXMHVrOTktM1VSb3g4Yll5R3k3aGppcTVNdkNsSVpoRXF4RDRjbU9hcG9GNkRmUGJPMDk2LWtUZ1YxQmtKUmUxTnczYzRzZTJxTHpneUZ6cXBseEx2UmNxWWhLVTUwTmNEUm10NmN5N0MtZFpwaG1qV2FmaHR0dGpmdEtLYjNOOU1lcmdDUEFQSGVrNU5NMGdRdzRDeXhQZmx6clFOdElnNWo3QmhxVlczbEMwd1F0TTZOb1ZfejY5cGZGQkxsZw?oc=5\" target=\"_blank\" rel=\"nofollow noopener\">Le pari qui motive Daniel Kretinsky \u00e0 devenir l&rsquo;un des principaux actionnaires de TotalEnergies<\/a>&nbsp;&nbsp;Les Echos<\/li>\n<li><a href=\"https:\/\/news.google.com\/rss\/articles\/CBMi4AFBVV95cUxPaGdPRXlnWnZZenRVM3RwQVQ4dmlDZjAtSGxDMDZUMnBDUWdkVVBNOEQ1SjZ5TDRIUGdDdzljWXkzWVdfYXY2a0JfMXdUdVJzNm5xUVRkaHJ2ZWd2OUw1UmY3bDRLNVlEblJnbFlQZjRZT2NScm9RVDFJWEJhalhlWG1lbHc4NUwxSWpabWF1SkJSMHI5ZWl2RlZ5dzZQc3JnenhyVFplNHNuSzY0QlVBRWJoVlhGWDU5MjFWYjlLWExCcUI4YWg0RWVxVVFPa01RTDhWZW1XaFpSOEZpMmZFNA?oc=5\" target=\"_blank\" rel=\"nofollow noopener\">TotalEnergies renforce son activit\u00e9 gazi\u00e8re en s\u2019alliant avec Daniel Kretinsky<\/a>&nbsp;&nbsp;Le Monde.fr<\/li>\n<li><a href=\"https:\/\/news.google.com\/rss\/articles\/CBMiwAFBVV95cUxQTTg2c2tRNFlOWGRiLXdVVWNmZzNyLXNvaGhWdi03dEdZSG9oeUpxRWxGNjlDRXd6SHBkMl80V2k2TEFjVDVkU19CZ3pHM19rT3M1bFQ4RkwwTUZaRklodEk3TzYzZ0t6RzJxOFB2aFVmMXhaUnZ1TWp5cGNVRWZyUzdJR2xPQTJWeDBfaTVXUEs3QloxZ1FfSHhtUDh0R3ZXTWdJel94QTh5TmtuSmNLVUNLYnUyMEdKQ2haQkI0d1U?oc=5\" target=\"_blank\" rel=\"nofollow noopener\">TotalEnergies acc\u00e9l\u00e8re sa strat\u00e9gie d\u2019int\u00e9gration gaz-\u00e9lectricit\u00e9 en Europe en acqu\u00e9rant 50 % d\u2019un portefeuille d\u2019actifs flexibles de production d\u2019\u00e9lectricit\u00e9 d\u2019EPH<\/a>&nbsp;&nbsp;TotalEnergies.com<\/li>\n<li><a href=\"https:\/\/news.google.com\/rss\/articles\/CBMi4wFBVV95cUxNVDFnckRCNlFPT1FpaGhVeE1VOEVMdUNhQ1kzZmlINkprbFB0dWpZMkhKQ3FOOHVQZm00b1JZMVJDZVhNUWVRNnNzM1BWaGkzaEpPaklucFNETldscEc0aTJtUG5Tb2gwMjhPOXoza1dqVC1aTEJwdXBzOUdWaEFickxKLVVpNHFJeUpsMWs5NnE3Z3RZeWg1VmRlS2NwTHRtSUY0YVNtRVhMUjJuU2JrSHVZLW1KMDF4aERBTG5mNWctbU9fQ2M2U1hpTEJ5WkN6WEtRNWplTUk1VG83M2xocGhzcw?oc=5\" target=\"_blank\" rel=\"nofollow noopener\">Daniel Kretinsky renforce son empire en multipliant les investissements<\/a>&nbsp;&nbsp;20 Minutes<\/li>\n<li><a href=\"https:\/\/news.google.com\/rss\/articles\/CBMiuAFBVV95cUxPSC1BS0s4LWpORlpadWtWVDY5OERhNXdJNDUzWmV1VFlCX05KSmp0cDlCZm9USnBkLUJtTGU3eFBWblkxVmZMZ3ZWR004RkpFT2VkNUIwbnZLMU9ybHc5QzVMNkllQmlyVDI5ei1yTFM5bjI4c3NXOXJKdm9Pb0VueGlUVGNWRGNnUDIydlRPdU5yTUNDVWlqSkZFTjJDdzFxcUx2Ny1aS0FnM3VQQWlncWpnc3QxRS1n?oc=5\" target=\"_blank\" rel=\"nofollow noopener\">\u00c9nergie : les dessous de l\u2019alliance entre Daniel Kretinsky et TotalEnergies<\/a>&nbsp;&nbsp;Le Figaro<\/li>\n<\/ol>\n","protected":false},"excerpt":{"rendered":"Le pari qui motive Daniel Kretinsky \u00e0 devenir l&rsquo;un des principaux actionnaires de TotalEnergies&nbsp;&nbsp;Les Echos TotalEnergies renforce son&hellip;\n","protected":false},"author":2,"featured_media":395849,"comment_status":"","ping_status":"","sticky":false,"template":"","format":"standard","meta":{"footnotes":""},"categories":[6],"tags":[35,33,34,1011,27],"class_list":{"0":"post-541664","1":"post","2":"type-post","3":"status-publish","4":"format-standard","5":"has-post-thumbnail","7":"category-economie","8":"tag-business","9":"tag-economie","10":"tag-economy","11":"tag-fr","12":"tag-france"},"share_on_mastodon":{"url":"https:\/\/pubeurope.com\/@fr\/115568648207504198","error":""},"_links":{"self":[{"href":"https:\/\/www.europesays.com\/fr\/wp-json\/wp\/v2\/posts\/541664","targetHints":{"allow":["GET"]}}],"collection":[{"href":"https:\/\/www.europesays.com\/fr\/wp-json\/wp\/v2\/posts"}],"about":[{"href":"https:\/\/www.europesays.com\/fr\/wp-json\/wp\/v2\/types\/post"}],"author":[{"embeddable":true,"href":"https:\/\/www.europesays.com\/fr\/wp-json\/wp\/v2\/users\/2"}],"replies":[{"embeddable":true,"href":"https:\/\/www.europesays.com\/fr\/wp-json\/wp\/v2\/comments?post=541664"}],"version-history":[{"count":0,"href":"https:\/\/www.europesays.com\/fr\/wp-json\/wp\/v2\/posts\/541664\/revisions"}],"wp:featuredmedia":[{"embeddable":true,"href":"https:\/\/www.europesays.com\/fr\/wp-json\/wp\/v2\/media\/395849"}],"wp:attachment":[{"href":"https:\/\/www.europesays.com\/fr\/wp-json\/wp\/v2\/media?parent=541664"}],"wp:term":[{"taxonomy":"category","embeddable":true,"href":"https:\/\/www.europesays.com\/fr\/wp-json\/wp\/v2\/categories?post=541664"},{"taxonomy":"post_tag","embeddable":true,"href":"https:\/\/www.europesays.com\/fr\/wp-json\/wp\/v2\/tags?post=541664"}],"curies":[{"name":"wp","href":"https:\/\/api.w.org\/{rel}","templated":true}]}}