{"id":541669,"date":"2025-11-18T03:48:27","date_gmt":"2025-11-18T03:48:27","guid":{"rendered":"https:\/\/www.europesays.com\/fr\/541669\/"},"modified":"2025-11-18T03:48:27","modified_gmt":"2025-11-18T03:48:27","slug":"un-homme-retrouve-mort-le-visage-devore-par-son-chien-a-auxerre","status":"publish","type":"post","link":"https:\/\/www.europesays.com\/fr\/541669\/","title":{"rendered":"Un homme retrouv\u00e9 mort, le visage d\u00e9vor\u00e9 par son chien \u00e0 Auxerre"},"content":{"rendered":"<p class=\"paragraph text_align_left lp-f-body-02\">La sc\u00e8ne d\u00e9couverte par les policiers, ce dimanche 16 novembre, est macabre. Apr\u00e8s la mort d\u2019un homme, \u00e0 son domicile d\u2019Auxerre (<a href=\"https:\/\/www.leparisien.fr\/yonne-89\/\" target=\"_blank\" rel=\"noreferrer nofollow noopener\">Yonne<\/a>), son chien, probablement affam\u00e9, lui a d\u00e9vor\u00e9 le visage, a appris Le Parisien de source polici\u00e8re, confirmant une information de nos confr\u00e8res d\u2019<a href=\"https:\/\/www.francebleu.fr\/infos\/faits-divers-justice\/un-chien-devore-le-visage-de-son-maitre-a-auxerre-8182291\" target=\"_blank\" rel=\"noreferrer nofollow noopener\">ICI Auxerre<\/a>.<\/p>\n<p class=\"paragraph text_align_left lp-f-body-02\">Le corps de l\u2019homme a \u00e9t\u00e9 retrouv\u00e9, ce dimanche, \u00e0 l\u2019int\u00e9rieur de son appartement de la rue des Rouges-Gorges, situ\u00e9e dans le quartier de Laborde. C\u2019est le coursier d\u2019une entreprise de livraison de repas \u00e0 domicile, d\u00e9j\u00e0 venu quinze jours avant, qui a contact\u00e9 les policiers, apr\u00e8s avoir constat\u00e9 que l\u2019homme ne r\u00e9pondait pas.<\/p>\n<p>\u00ab \u00c7a arrive r\u00e9guli\u00e8rement quand il y a des d\u00e9c\u00e8s en pr\u00e9sence d\u2019animaux \u00bb<\/p>\n<p class=\"paragraph text_align_left lp-f-body-02\">Selon nos confr\u00e8res d\u2019ICI Auxerre, le visage de la victime, qui a \u00e9t\u00e9 retrouv\u00e9e allong\u00e9e au sol, a \u00e9t\u00e9 d\u00e9vor\u00e9 <a href=\"https:\/\/www.leparisien.fr\/val-de-marne-94\/mon-yorkshire-est-mort-et-mon-doigt-aussi-le-traumatisme-de-marie-attaquee-par-un-chien-05-08-2025-LGIGQZOXGRGO5OFHVOE67DCYLI.php\" target=\"_blank\" rel=\"noreferrer nofollow noopener\">par son animal de compagnie<\/a>. \u00ab Il ne lui restait que les os de son cr\u00e2ne \u00bb, affirment nos confr\u00e8res.<\/p>\n<p class=\"paragraph text_align_left lp-f-body-02\">Une enqu\u00eate a \u00e9t\u00e9 ouverte pour d\u00e9terminer les circonstances exactes du d\u00e9c\u00e8s de la victime, qui n\u2019a pas pu \u00eatre identifi\u00e9e formellement sur place. N\u00e9anmoins, selon les premiers \u00e9l\u00e9ments de l\u2019enqu\u00eate, la piste criminelle n\u2019est pas privil\u00e9gi\u00e9e, affirme une source polici\u00e8re au Parisien.<\/p>\n<p class=\"lp-card-podcast-highlighting__title  lp-f-subtitle-05\">[2\/2] Mus\u00e9e Marmottan\u00a0: le vol spectaculaire d\u2019un chef-d\u2019\u0153uvre de Monet<\/p>\n<p class=\"lp-card-podcast-highlighting__description lp-f-ui-05\">Crime story raconte chaque semaine les grandes affaires criminelles.<\/p>\n<p><a class=\"lp-card-podcast-highlighting__call-to-action\" data-page-type=\"HP\" data-block-name=\"podcast-highlight\">\u00c9couter<\/a><\/p>\n<p class=\"paragraph text_align_left lp-f-body-02\">\u00ab \u00c7a peut para\u00eetre tr\u00e8s choquant, mais \u00e7a arrive r\u00e9guli\u00e8rement quand il y a des d\u00e9c\u00e8s en pr\u00e9sence d\u2019animaux domestiques \u00bb, explique cette source, qui pr\u00e9cise qu\u2019une autopsie va \u00eatre r\u00e9alis\u00e9e.<\/p>\n","protected":false},"excerpt":{"rendered":"La sc\u00e8ne d\u00e9couverte par les policiers, ce dimanche 16 novembre, est macabre. Apr\u00e8s la mort d\u2019un homme, \u00e0&hellip;\n","protected":false},"author":2,"featured_media":541670,"comment_status":"","ping_status":"","sticky":false,"template":"","format":"standard","meta":{"footnotes":""},"categories":[2],"tags":[11,459,118,1011,27,12],"class_list":{"0":"post-541669","1":"post","2":"type-post","3":"status-publish","4":"format-standard","5":"has-post-thumbnail","7":"category-actualites","8":"tag-actualites","9":"tag-departements-horsidfo","10":"tag-faits-divers","11":"tag-fr","12":"tag-france","13":"tag-news"},"share_on_mastodon":{"url":"https:\/\/pubeurope.com\/@fr\/115568659857870424","error":""},"_links":{"self":[{"href":"https:\/\/www.europesays.com\/fr\/wp-json\/wp\/v2\/posts\/541669","targetHints":{"allow":["GET"]}}],"collection":[{"href":"https:\/\/www.europesays.com\/fr\/wp-json\/wp\/v2\/posts"}],"about":[{"href":"https:\/\/www.europesays.com\/fr\/wp-json\/wp\/v2\/types\/post"}],"author":[{"embeddable":true,"href":"https:\/\/www.europesays.com\/fr\/wp-json\/wp\/v2\/users\/2"}],"replies":[{"embeddable":true,"href":"https:\/\/www.europesays.com\/fr\/wp-json\/wp\/v2\/comments?post=541669"}],"version-history":[{"count":0,"href":"https:\/\/www.europesays.com\/fr\/wp-json\/wp\/v2\/posts\/541669\/revisions"}],"wp:featuredmedia":[{"embeddable":true,"href":"https:\/\/www.europesays.com\/fr\/wp-json\/wp\/v2\/media\/541670"}],"wp:attachment":[{"href":"https:\/\/www.europesays.com\/fr\/wp-json\/wp\/v2\/media?parent=541669"}],"wp:term":[{"taxonomy":"category","embeddable":true,"href":"https:\/\/www.europesays.com\/fr\/wp-json\/wp\/v2\/categories?post=541669"},{"taxonomy":"post_tag","embeddable":true,"href":"https:\/\/www.europesays.com\/fr\/wp-json\/wp\/v2\/tags?post=541669"}],"curies":[{"name":"wp","href":"https:\/\/api.w.org\/{rel}","templated":true}]}}