{"id":541671,"date":"2025-11-18T03:50:26","date_gmt":"2025-11-18T03:50:26","guid":{"rendered":"https:\/\/www.europesays.com\/fr\/541671\/"},"modified":"2025-11-18T03:50:26","modified_gmt":"2025-11-18T03:50:26","slug":"novasco-pas-de-reprise-pour-le-site-de-saint-etienne-les-emplois-plus-que-jamais-menaces","status":"publish","type":"post","link":"https:\/\/www.europesays.com\/fr\/541671\/","title":{"rendered":"Novasco : pas de reprise pour le site de Saint-\u00c9tienne, les emplois plus que jamais menac\u00e9s"},"content":{"rendered":"<p>Le tribunal judiciaire de Strasbourg a rendu une d\u00e9cision lourde de sens pour Novasco (ex-Ascometal) : seule l&rsquo;aci\u00e9rie de Leffrinckoucke, dans le nord de la France, pourrait \u00eatre sauv\u00e9e, au d\u00e9triment de trois autres sites, dont celui de Saint-\u00c9tienne.<\/p>\n<p>Nouveau tournant dans le dossier <b>Novasco<\/b>, anciennement Ascometa, une entreprise qui fabrique des aciers sp\u00e9ciaux. Le tribunal judiciaire de <b>Strasbourg<\/b> a confirm\u00e9 ce lundi 17 novembre <b>la cession partielle<\/b> de l&rsquo;entreprise en difficult\u00e9.<\/p>\n<p>Cette derni\u00e8re sera c\u00e9d\u00e9e partiellement au profit d&rsquo;un consortium d&rsquo;investisseurs men\u00e9s par Julien Baillon, dirigeant de la PME ardennaise M\u00e9tal Blanc.<\/p>\n<p>Cette d\u00e9cision concerne uniquement <b>l&rsquo;usine de Leffrinckoucke<\/b>, pr\u00e8s de Dunkerque, qui emploie <b>144 salari\u00e9s<\/b>.<\/p>\n<p>Le site Novasco \u00e0 Saint-\u00c9tienne en danger<\/p>\n<p>L&rsquo;offre retenue ne pr\u00e9voit pas la poursuite d&rsquo;activit\u00e9 sur les trois autres sites de l&rsquo;entreprise, dont <b>celui de Saint-\u00c9tienne<\/b> (Custines en Meurthe-et-Moselle et Hagondange en Moselle sont aussi concern\u00e9s.).<\/p>\n<p>Cons\u00e9quence directe : ces unit\u00e9s se dirigent vers une liquidation, avec environ 500 licenciements \u00e0 la cl\u00e9.<\/p>\n<p>En parall\u00e8le, l&rsquo;\u00c9tat a annonc\u00e9 sa volont\u00e9 de poursuivre en justice <b>Greybull<\/b>. Ce fonds d&rsquo;investissement britannique est consid\u00e9r\u00e9 comme responsable de la faillite de Novasco. Il aurait inject\u00e9 1,5 million d&rsquo;euros, au lieu de 90 millions.<\/p>\n<p>La reprise devrait prendre effet <b>\u00e0 partir du 1er d\u00e9cembre 2025<\/b>.<\/p>\n<p><img loading=\"lazy\" decoding=\"async\" src=\"https:\/\/www.europesays.com\/fr\/wp-content\/uploads\/2025\/11\/1763437826_139_img\" width=\"350\" height=\"200\" border=\"0\" title=\"Le maire de Saint-\u00c3\u0089tienne, Ga\u00c3\u00abl Perdriau\"\/><\/p>\n<p>\u25baPolice &#8211; Justice<\/p>\n<p style=\"font-size: 22px;\"><b>Saint-\u00c9tienne : Ga\u00ebl Perdriau contre-attaque et porte plainte<\/b><\/p>\n<p>Le maire de Saint-\u00c9tienne annonce que ses avocats&#8230;<\/p>\n<p><\/p>\n","protected":false},"excerpt":{"rendered":"Le tribunal judiciaire de Strasbourg a rendu une d\u00e9cision lourde de sens pour Novasco (ex-Ascometal) : seule l&rsquo;aci\u00e9rie&hellip;\n","protected":false},"author":2,"featured_media":311597,"comment_status":"","ping_status":"","sticky":false,"template":"","format":"standard","meta":{"footnotes":""},"categories":[9653],"tags":[1111,11,2430,2303,1777,674,1011,27,13225,12,40881,9834,25,9920,4001,16777],"class_list":{"0":"post-541671","1":"post","2":"type-post","3":"status-publish","4":"format-standard","5":"has-post-thumbnail","7":"category-saint-etienne","8":"tag-actu","9":"tag-actualites","10":"tag-auvergne-rhone-alpes","11":"tag-emplois","12":"tag-eu","13":"tag-europe","14":"tag-fr","15":"tag-france","16":"tag-liquidation","17":"tag-news","18":"tag-novasco","19":"tag-reprise","20":"tag-republique-francaise","21":"tag-saint-tienne","22":"tag-saint-etienne","23":"tag-salaris"},"share_on_mastodon":{"url":"https:\/\/pubeurope.com\/@fr\/115568668995065612","error":""},"_links":{"self":[{"href":"https:\/\/www.europesays.com\/fr\/wp-json\/wp\/v2\/posts\/541671","targetHints":{"allow":["GET"]}}],"collection":[{"href":"https:\/\/www.europesays.com\/fr\/wp-json\/wp\/v2\/posts"}],"about":[{"href":"https:\/\/www.europesays.com\/fr\/wp-json\/wp\/v2\/types\/post"}],"author":[{"embeddable":true,"href":"https:\/\/www.europesays.com\/fr\/wp-json\/wp\/v2\/users\/2"}],"replies":[{"embeddable":true,"href":"https:\/\/www.europesays.com\/fr\/wp-json\/wp\/v2\/comments?post=541671"}],"version-history":[{"count":0,"href":"https:\/\/www.europesays.com\/fr\/wp-json\/wp\/v2\/posts\/541671\/revisions"}],"wp:featuredmedia":[{"embeddable":true,"href":"https:\/\/www.europesays.com\/fr\/wp-json\/wp\/v2\/media\/311597"}],"wp:attachment":[{"href":"https:\/\/www.europesays.com\/fr\/wp-json\/wp\/v2\/media?parent=541671"}],"wp:term":[{"taxonomy":"category","embeddable":true,"href":"https:\/\/www.europesays.com\/fr\/wp-json\/wp\/v2\/categories?post=541671"},{"taxonomy":"post_tag","embeddable":true,"href":"https:\/\/www.europesays.com\/fr\/wp-json\/wp\/v2\/tags?post=541671"}],"curies":[{"name":"wp","href":"https:\/\/api.w.org\/{rel}","templated":true}]}}