{"id":541684,"date":"2025-11-18T04:02:14","date_gmt":"2025-11-18T04:02:14","guid":{"rendered":"https:\/\/www.europesays.com\/fr\/541684\/"},"modified":"2025-11-18T04:02:14","modified_gmt":"2025-11-18T04:02:14","slug":"cirque-medrano-a-rouen-2025","status":"publish","type":"post","link":"https:\/\/www.europesays.com\/fr\/541684\/","title":{"rendered":"Cirque Medrano \u00e0 Rouen 2025"},"content":{"rendered":"<p class=\"intro\">Le c\u00e9l\u00e8bre Cirque Medrano investit l&rsquo;Esplanade St Gervais &#8211; Hangar 23 \u00e0 Rouen avec son nouveau spectacle\u00a0\u00ab\u00a0Les Jeux de la Piste\u00a0\u00bb. Du 3 au 23 d\u00e9cembre 2025, cette troupe l\u00e9gendaire propose un spectacle familial m\u00ealant acrobaties, jonglerie et num\u00e9ros comiques dans l&rsquo;univers des Jeux Olympiques de la piste. Une exp\u00e9rience circassienne unique de 1h45 avec entracte, accessible d\u00e8s 2 ans. R\u00e9servez d\u00e8s maintenant vos billets pour d\u00e9couvrir cette comp\u00e9tition artistique exceptionnelle sous le chapiteau.<\/p>\n<p>Rouen accueille le Cirque Medrano et ses\u00a0\u00ab\u00a0Jeux de la Piste\u00a0\u00bb au Hangar 23<\/p>\n<p>Ce <strong>nouveau spectacle du Cirque Medrano<\/strong> transforme l&rsquo;Esplanade St Gervais en v\u00e9ritable ar\u00e8ne olympique circassienne. Les artistes rivalisent d&rsquo;excellence avec des <strong>acrobaties \u00e9poustouflantes<\/strong>, des num\u00e9ros de BMX acrobatique, de la jonglerie freestyle et des performances d&rsquo;homme fort. Cette comp\u00e9tition artistique de la piste m\u00e9lange \u00e9motion, performance et rire pour cr\u00e9er un moment magique sous le grand chapiteau.<\/p>\n<p><img decoding=\"async\" loading=\"lazy\" src=\"https:\/\/www.europesays.com\/fr\/wp-content\/uploads\/2025\/11\/medrano-tickets_468094_3750558_222x222.jpg\" alt=\"Cirque Medrano - le Grand Cirque sur Glace - Rouen\" class=\"border\"\/><\/p>\n<p>En Seine-Maritime, ce spectacle familial de <strong>1h45 avec entracte<\/strong> promet un moment de convivialit\u00e9 et d&rsquo;\u00e9merveillement. Chaque num\u00e9ro contribue \u00e0 cette atmosph\u00e8re unique o\u00f9 les artistes se disputent la m\u00e9daille d&rsquo;or des jeux de la piste. Les amateurs de <a href=\"https:\/\/www.jds.fr\/rouen\/agenda\/sorties-culturelles-spectacles-expositions-cinema-470_B\" rel=\"nofollow noopener\" target=\"_blank\">spectacles \u00e0 Rouen<\/a> d\u00e9couvriront un univers fantastique alliant tradition circassienne et innovation artistique.<\/p>\n<p>Billetterie pour le Cirque Medrano \u00e0 l&rsquo;Esplanade St Gervais &#8211; Hangar 23<\/p>\n<p><a class=\"btn btn-lg shadow-lg btn-primary rounded-pill fnac_link\" data-fnac=\"in_article\" href=\"https:\/\/www.awin1.com\/pclick.php?p=43175587250&amp;a=634278&amp;m=12494&amp;clickref=in_article-A-desktop\" target=\"_blank\" rel=\"nofollow noopener\"> Acheter des billets<\/a><\/p>\n<p>\u00c0 l&rsquo;Esplanade St Gervais &#8211; Hangar 23, les <strong>billets<\/strong> sont propos\u00e9s de <strong>19\u00a0\u20ac \u00e0 35\u00a0\u20ac<\/strong> selon les s\u00e9ances. Face \u00e0 la popularit\u00e9 du Cirque Medrano et ses multiples repr\u00e9sentations en d\u00e9cembre, il est recommand\u00e9 de r\u00e9server rapidement ses places. Les <strong>prix<\/strong> attractifs permettent \u00e0 toute la famille de profiter de ce spectacle exceptionnel. N&rsquo;attendez plus pour acheter vos billets et garantir votre place sous le chapiteau.<\/p>\n<p>Comment aller \u00e0 l&rsquo;Esplanade St Gervais &#8211; Hangar 23 \u00e0 Rouen\u00a0?<\/p>\n<p>En <strong>voiture<\/strong>, l&rsquo;acc\u00e8s se fait via l&rsquo;A13 sortie 23\u00a0\u00ab\u00a0Rouen Centre\u00a0\u00bb ou l&rsquo;A28\/A150 direction Rouen Centre. Le <strong>parking Hangar 23<\/strong> est accessible 24h\/24 avec des tarifs d\u00e9gressifs \u00e0 partir de 1\u20ac\/heure. Deux <strong>parkings gratuits<\/strong> sont disponibles en bout d&rsquo;esplanade avec navettes gratuites, ainsi que du stationnement en voirie Boulevard \u00c9mile Duchemin.<\/p>\n<p>Les <strong>transports en commun<\/strong> desservent efficacement l&rsquo;<a href=\"https:\/\/www.jds.fr\/rouen\/salles-spectacle\/esplanade-st-gervais-hangar-23-21741_L\" rel=\"nofollow noopener\" target=\"_blank\">Esplanade St Gervais &#8211; Hangar 23<\/a> via l&rsquo;arr\u00eat Mont-Riboudet Kindarena. Les lignes <strong>T1, T2, T13, 16, 26, 29 et 30<\/strong> s&rsquo;arr\u00eatent \u00e0 5 minutes de marche du lieu. Le site est enti\u00e8rement <strong>accessible PMR<\/strong> avec des infrastructures adapt\u00e9es et des transports en commun \u00e9quip\u00e9s pour l&rsquo;accessibilit\u00e9.<\/p>\n<p class=\"mise_en_avant\">Notre conseil\u00a0: privil\u00e9giez les transports en commun pour \u00e9viter les difficult\u00e9s de stationnement lors des repr\u00e9sentations en soir\u00e9e.<\/p>\n","protected":false},"excerpt":{"rendered":"Le c\u00e9l\u00e8bre Cirque Medrano investit l&rsquo;Esplanade St Gervais &#8211; Hangar 23 \u00e0 Rouen avec son nouveau spectacle\u00a0\u00ab\u00a0Les Jeux&hellip;\n","protected":false},"author":2,"featured_media":541685,"comment_status":"","ping_status":"","sticky":false,"template":"","format":"standard","meta":{"footnotes":""},"categories":[9587],"tags":[1111,11,1777,674,1011,27,12,5161,25,9590],"class_list":{"0":"post-541684","1":"post","2":"type-post","3":"status-publish","4":"format-standard","5":"has-post-thumbnail","7":"category-rouen","8":"tag-actu","9":"tag-actualites","10":"tag-eu","11":"tag-europe","12":"tag-fr","13":"tag-france","14":"tag-news","15":"tag-normandie","16":"tag-republique-francaise","17":"tag-rouen"},"share_on_mastodon":{"url":"https:\/\/pubeurope.com\/@fr\/115568715659654960","error":""},"_links":{"self":[{"href":"https:\/\/www.europesays.com\/fr\/wp-json\/wp\/v2\/posts\/541684","targetHints":{"allow":["GET"]}}],"collection":[{"href":"https:\/\/www.europesays.com\/fr\/wp-json\/wp\/v2\/posts"}],"about":[{"href":"https:\/\/www.europesays.com\/fr\/wp-json\/wp\/v2\/types\/post"}],"author":[{"embeddable":true,"href":"https:\/\/www.europesays.com\/fr\/wp-json\/wp\/v2\/users\/2"}],"replies":[{"embeddable":true,"href":"https:\/\/www.europesays.com\/fr\/wp-json\/wp\/v2\/comments?post=541684"}],"version-history":[{"count":0,"href":"https:\/\/www.europesays.com\/fr\/wp-json\/wp\/v2\/posts\/541684\/revisions"}],"wp:featuredmedia":[{"embeddable":true,"href":"https:\/\/www.europesays.com\/fr\/wp-json\/wp\/v2\/media\/541685"}],"wp:attachment":[{"href":"https:\/\/www.europesays.com\/fr\/wp-json\/wp\/v2\/media?parent=541684"}],"wp:term":[{"taxonomy":"category","embeddable":true,"href":"https:\/\/www.europesays.com\/fr\/wp-json\/wp\/v2\/categories?post=541684"},{"taxonomy":"post_tag","embeddable":true,"href":"https:\/\/www.europesays.com\/fr\/wp-json\/wp\/v2\/tags?post=541684"}],"curies":[{"name":"wp","href":"https:\/\/api.w.org\/{rel}","templated":true}]}}