{"id":541688,"date":"2025-11-18T04:06:33","date_gmt":"2025-11-18T04:06:33","guid":{"rendered":"https:\/\/www.europesays.com\/fr\/541688\/"},"modified":"2025-11-18T04:06:33","modified_gmt":"2025-11-18T04:06:33","slug":"montgermont-un-spectacle-dansant-et-participatif-sur-le-bienfait-des-livres","status":"publish","type":"post","link":"https:\/\/www.europesays.com\/fr\/541688\/","title":{"rendered":"Montgermont. Un spectacle dansant et participatif sur le bienfait des livres"},"content":{"rendered":"<p>Dans le cadre de la saison culturelle, un spectacle familial va \u00eatre donn\u00e9 \u00e0 l\u2019Espace \u00c9vasion\u00a0: L\u00e9o et le cartable magique. Jean-Yves Qu\u00e9lennec, adjoint \u00e0 la culture, explique\u00a0: <strong>\u00ab\u00a0Qui n\u2019a jamais r\u00eav\u00e9 de rencontrer de grandes personnalit\u00e9s de notre Histoire\u00a0? Jean de La Fontaine, Marie Curie, Frida Khalo\u2026 La pi\u00e8ce met en sc\u00e8ne des personnages aussi loufoques qu\u2019attachants.\u00a0\u00bb<\/strong><\/p>\n<p>Un voyage musical et dans\u00e9 o\u00f9 la magie des livres va reprendre ses droits. Dans une \u00e9poque o\u00f9 le virtuel et les \u00e9crans se peuvent rois, L\u00e9o va d\u00e9couvrir que les livres ont un pouvoir bien plus grand que \u00e7a. Le spectacle est dansant et participatif.<\/p>\n<p>Dimanche 23\u00a0novembre, \u00e0 17\u00a0h. Salle Yves-Montand. Tarifs\u00a0: 9\u00a0\u20ac. R\u00e9duit\u00a0: 6\u00a0\u20ac et Sortir\u00a0: 3\u00a0\u20ac. Gratuit pour les moins de 12\u00a0ans. Tout public. R\u00e9servations\u00a0: resa@ville-montgermont.fr<\/p>\n<p>\u00a0<\/p>\n","protected":false},"excerpt":{"rendered":"Dans le cadre de la saison culturelle, un spectacle familial va \u00eatre donn\u00e9 \u00e0 l\u2019Espace \u00c9vasion\u00a0: L\u00e9o et&hellip;\n","protected":false},"author":2,"featured_media":541689,"comment_status":"","ping_status":"","sticky":false,"template":"","format":"standard","meta":{"footnotes":""},"categories":[2821],"tags":[1111,11,65985,829,55454,1777,674,1011,27,1380,9088,12,6794,584,25,3140],"class_list":{"0":"post-541688","1":"post","2":"type-post","3":"status-publish","4":"format-standard","5":"has-post-thumbnail","7":"category-rennes","8":"tag-actu","9":"tag-actualites","10":"tag-bienfait","11":"tag-bretagne","12":"tag-dansant","13":"tag-eu","14":"tag-europe","15":"tag-fr","16":"tag-france","17":"tag-livres","18":"tag-montgermont","19":"tag-news","20":"tag-participatif","21":"tag-rennes","22":"tag-republique-francaise","23":"tag-spectacle"},"share_on_mastodon":{"url":"https:\/\/pubeurope.com\/@fr\/115568730671567752","error":""},"_links":{"self":[{"href":"https:\/\/www.europesays.com\/fr\/wp-json\/wp\/v2\/posts\/541688","targetHints":{"allow":["GET"]}}],"collection":[{"href":"https:\/\/www.europesays.com\/fr\/wp-json\/wp\/v2\/posts"}],"about":[{"href":"https:\/\/www.europesays.com\/fr\/wp-json\/wp\/v2\/types\/post"}],"author":[{"embeddable":true,"href":"https:\/\/www.europesays.com\/fr\/wp-json\/wp\/v2\/users\/2"}],"replies":[{"embeddable":true,"href":"https:\/\/www.europesays.com\/fr\/wp-json\/wp\/v2\/comments?post=541688"}],"version-history":[{"count":0,"href":"https:\/\/www.europesays.com\/fr\/wp-json\/wp\/v2\/posts\/541688\/revisions"}],"wp:featuredmedia":[{"embeddable":true,"href":"https:\/\/www.europesays.com\/fr\/wp-json\/wp\/v2\/media\/541689"}],"wp:attachment":[{"href":"https:\/\/www.europesays.com\/fr\/wp-json\/wp\/v2\/media?parent=541688"}],"wp:term":[{"taxonomy":"category","embeddable":true,"href":"https:\/\/www.europesays.com\/fr\/wp-json\/wp\/v2\/categories?post=541688"},{"taxonomy":"post_tag","embeddable":true,"href":"https:\/\/www.europesays.com\/fr\/wp-json\/wp\/v2\/tags?post=541688"}],"curies":[{"name":"wp","href":"https:\/\/api.w.org\/{rel}","templated":true}]}}