{"id":541692,"date":"2025-11-18T04:08:17","date_gmt":"2025-11-18T04:08:17","guid":{"rendered":"https:\/\/www.europesays.com\/fr\/541692\/"},"modified":"2025-11-18T04:08:17","modified_gmt":"2025-11-18T04:08:17","slug":"une-grosse-boutique-de-createurs-vient-douvrir-dans-lancien-tiger-a-strasbourg","status":"publish","type":"post","link":"https:\/\/www.europesays.com\/fr\/541692\/","title":{"rendered":"une grosse boutique de cr\u00e9ateurs vient d&rsquo;ouvrir dans l&rsquo;ancien Tiger \u00e0 Strasbourg"},"content":{"rendered":"<p>                    Par<br \/>\n        <strong><br \/>\n            <a href=\"https:\/\/actu.fr\/auteur\/ivan-capecchi\" title=\"Consulter tous les articles de Ivan CAPECCHI\" target=\"_blank\" rel=\"noopener\">Ivan CAPECCHI<\/a><br \/>\n                    <\/strong><\/p>\n<p>        Publi\u00e9 le<\/p>\n<p>            17 nov. 2025 \u00e0 17h35        <\/p>\n<p>C\u2019\u00e9tait une grosse cellule vide de l\u2019hypercentre, elle est d\u00e9sormais (bien) remplie. Une boutique \u00e9ph\u00e9m\u00e8re, id\u00e9ale pour trouver un <strong>cadeau de No\u00ebl original et local<\/strong>, vient d\u2019ouvrir en lieu et place de l\u2019enseigne <strong>Tiger<\/strong>, 15 rue des Francs-Bourgeois \u00e0 <strong>Strasbourg<\/strong>, non loin de la <a href=\"https:\/\/actu.fr\/grand-est\/strasbourg_67482\/l-une-des-plus-grandes-librairies-de-france-va-demenager-a-strasbourg-voici-les-coulisses-d-un-defi-xxl_63403639.html\" target=\"_blank\" rel=\"noopener\">librairie Kl\u00e9ber<\/a>.<\/p>\n<p>Les produits d\u2019une quarantaine d\u2019artisans alsaciens repr\u00e9sent\u00e9s<\/p>\n<p class=\" wall-content\">\u00c0 l\u2019int\u00e9rieur, on retrouve les produits d\u2019une <strong>petite quarantaine d\u2019artisans alsaciens<\/strong>. \u00ab\u00a0Cela va du <strong>textile<\/strong> aux <strong>bijoux<\/strong>, en passant par des <strong>bougies<\/strong>\u00ab\u00a0, glisse Gabriel, responsable du magasin. \u00ab\u00a0<strong>Il y en a pour tout le monde<\/strong>, petits et grands\u00a0\u00bb, ajoute-t-il.<\/p>\n<p class=\" wall-content\">Ici, pas de moule \u00e0 kouglof en terre cuite, l\u2019id\u00e9e est de pr\u00e9senter une <strong>vision contemporaine de l\u2019artisanat<\/strong>, comme avec ce tissu Kelsch revisit\u00e9.\u00a0<\/p>\n<p>    <img   decoding=\"async\" loading=\"lazy\" src=\"https:\/\/www.europesays.com\/fr\/wp-content\/uploads\/2025\/11\/boutique-createurs-strasbourg-7-960x640.jpg\" alt=\"La boutique de cr\u00e9ateurs a ouvert en lieu et place de l'ancien Tiger \u00e0 Strasbourg.\" width=\"960\" height=\"640\"\/><br \/>\n    Le Kelsch, tissu traditionnel alsacien, est ici remis au go\u00fbt du jour. (\u00a9Ivan Capecchi \/ Actu Strasbourg)10 ans de boutiques \u00e9ph\u00e9m\u00e8res \u00e0 Strasbourg<\/p>\n<p class=\" wall-content\">\u00ab\u00a0Cela fait dix ans qu\u2019on propose chaque ann\u00e9e une <strong>boutique \u00e9ph\u00e9m\u00e8re \u00e0 Strasbourg<\/strong>\u00ab\u00a0, explique Gabriel.<\/p>\n<p>Votre r\u00e9gion, votre actu !<\/p>\n<p>Recevez chaque jour les infos qui comptent pour vous.<\/p>\n<p>\t<a href=\"https:\/\/actu.fr\/newsletter\" class=\"ac-btn ac-btn--corner ac-btn--medium ac-btn--blue800\" target=\"_blank\" rel=\"noopener\">S&rsquo;incrire<\/a><\/p>\n<p class=\" wall-content\">L\u2019an dernier, l\u2019\u00e9quipe \u00e9tait install\u00e9e dans l\u2019ancienne <a href=\"https:\/\/actu.fr\/grand-est\/strasbourg_67482\/frick-lutz-ferme-sa-boucherie-rue-d-austerlitz-l-enseigne-historique-disparait-definitivement-de-strasbourg_61097762.html\" target=\"_blank\" rel=\"noopener\">boucherie Frick Lutz<\/a> de la rue des Orf\u00e8vres, <a href=\"https:\/\/actu.fr\/grand-est\/strasbourg_67482\/strasbourg-une-institution-du-carre-d-or-ferme-definitivement-ses-portes-ce-samedi_60113682.html\" target=\"_blank\" rel=\"noopener\">institution du \u00ab\u00a0carr\u00e9 d\u2019or\u00a0\u00bb qui a ferm\u00e9 en 2023<\/a>.<\/p>\n<p class=\" wall-content\">Personnalisez votre actualit\u00e9 en ajoutant vos villes et m\u00e9dias en favori avec <a href=\"https:\/\/moncompte.actu.fr\" title=\"D\u00e9couvez Mon Actu\" rel=\"nofollow noopener\" data-trk=\"{&quot;cta&quot;:{&quot;action&quot;:&quot;https:\\\/\\\/moncompte.actu.fr&quot;,&quot;category&quot;:&quot;mon compte&quot;,&quot;from&quot;:&quot;article footer&quot;,&quot;name&quot;:&quot;Mon actu&quot;,&quot;type&quot;:&quot;cta&quot;}}\" target=\"_blank\">Mon Actu<\/a>.<\/p>\n","protected":false},"excerpt":{"rendered":"Par Ivan CAPECCHI Publi\u00e9 le 17 nov. 2025 \u00e0 17h35 C\u2019\u00e9tait une grosse cellule vide de l\u2019hypercentre, elle&hellip;\n","protected":false},"author":2,"featured_media":541693,"comment_status":"","ping_status":"","sticky":false,"template":"","format":"standard","meta":{"footnotes":""},"categories":[2820],"tags":[1111,11,1777,674,1011,27,775,12,15830,25,104,640],"class_list":{"0":"post-541692","1":"post","2":"type-post","3":"status-publish","4":"format-standard","5":"has-post-thumbnail","7":"category-strasbourg","8":"tag-actu","9":"tag-actualites","10":"tag-eu","11":"tag-europe","12":"tag-fr","13":"tag-france","14":"tag-grand-est","15":"tag-news","16":"tag-noel","17":"tag-republique-francaise","18":"tag-societe","19":"tag-strasbourg"},"share_on_mastodon":{"url":"https:\/\/pubeurope.com\/@fr\/115568739195714925","error":""},"_links":{"self":[{"href":"https:\/\/www.europesays.com\/fr\/wp-json\/wp\/v2\/posts\/541692","targetHints":{"allow":["GET"]}}],"collection":[{"href":"https:\/\/www.europesays.com\/fr\/wp-json\/wp\/v2\/posts"}],"about":[{"href":"https:\/\/www.europesays.com\/fr\/wp-json\/wp\/v2\/types\/post"}],"author":[{"embeddable":true,"href":"https:\/\/www.europesays.com\/fr\/wp-json\/wp\/v2\/users\/2"}],"replies":[{"embeddable":true,"href":"https:\/\/www.europesays.com\/fr\/wp-json\/wp\/v2\/comments?post=541692"}],"version-history":[{"count":0,"href":"https:\/\/www.europesays.com\/fr\/wp-json\/wp\/v2\/posts\/541692\/revisions"}],"wp:featuredmedia":[{"embeddable":true,"href":"https:\/\/www.europesays.com\/fr\/wp-json\/wp\/v2\/media\/541693"}],"wp:attachment":[{"href":"https:\/\/www.europesays.com\/fr\/wp-json\/wp\/v2\/media?parent=541692"}],"wp:term":[{"taxonomy":"category","embeddable":true,"href":"https:\/\/www.europesays.com\/fr\/wp-json\/wp\/v2\/categories?post=541692"},{"taxonomy":"post_tag","embeddable":true,"href":"https:\/\/www.europesays.com\/fr\/wp-json\/wp\/v2\/tags?post=541692"}],"curies":[{"name":"wp","href":"https:\/\/api.w.org\/{rel}","templated":true}]}}