{"id":541694,"date":"2025-11-18T04:09:29","date_gmt":"2025-11-18T04:09:29","guid":{"rendered":"https:\/\/www.europesays.com\/fr\/541694\/"},"modified":"2025-11-18T04:09:29","modified_gmt":"2025-11-18T04:09:29","slug":"les-plus-beaux-en-france-et-en-europe","status":"publish","type":"post","link":"https:\/\/www.europesays.com\/fr\/541694\/","title":{"rendered":"les plus beaux en France et en Europe"},"content":{"rendered":"<p class=\"post-excerpt\">L&rsquo;Europe s&rsquo;illumine en 2025 avec ses<br \/>\nmarch\u00e9s de No\u00ebl enchanteurs. De Nuremberg \u00e0 Paris, d\u00e9couvrez les<br \/>\ndestinations incontournables pour vivre la magie des f\u00eates.<\/p>\n<p>Temp\u00e9ratures en baisse, journ\u00e9es courtes, <a href=\"https:\/\/www.aufeminin.com\/societe\/sante-femme-societe\/la-pluie-et-la-neige-sont-de-retour-en-france-vais-je-tomber-malade-a-cause-du-froid-jimmy-mohammed-est-categorique-2676058.html\" target=\"_blank\" rel=\"noopener\"><br \/>\nneige qui apparait m\u00eame en plaine<\/a> et pourtant l\u2019Europe<br \/>\ns\u2019illumine. Chalets en bois, odeur de vin chaud, ch\u0153urs et<br \/>\nartisanat r\u00e9chauffent les places historiques. N\u00e9s dans l\u2019Allemagne<br \/>\nm\u00e9di\u00e9vale et diffus\u00e9s \u00e0 grande \u00e9chelle depuis les ann\u00e9es 1990, les<br \/>\nmarch\u00e9s de Noel sont devenus des rendez-vous incontournables de fin<br \/>\nd\u2019ann\u00e9e. Pour s\u2019y retrouver, cap sur les <strong>plus beaux march\u00e9s<br \/>\nde No\u00ebl en Europe<\/strong>, l\u00e0 o\u00f9 la tradition rencontre la<br \/>\nf\u00eate.<\/p>\n<p>La saison 2025 s\u2019annonce g\u00e9n\u00e9reuse, des villages alsaciens aux<br \/>\ncapitales nordiques, avec des ambiances qui alternent entre<br \/>\nconvivialit\u00e9 familiale en journ\u00e9e et soir\u00e9es plus festives. Entre<br \/>\nd\u00e9cors f\u00e9eriques, sp\u00e9cialit\u00e9s r\u00e9gionales et patinoires, un trio se<br \/>\nd\u00e9tache et une mosa\u00efque de destinations compl\u00e8te le tableau. La<br \/>\nmagie op\u00e8re d\u00e9j\u00e0.<\/p>\n<p>Les plus beaux march\u00e9s de No\u00ebl 2025 en Europe<\/p>\n<p>En 2025, <strong>Nuremberg<\/strong> s\u2019impose comme r\u00e9f\u00e9rence. Du<br \/>\n28 novembre au 24 d\u00e9cembre, la Hauptmarkt se m\u00e9tamorphose :<br \/>\n\u00e9choppes de bois, guirlandes suspendues, bratwurst et mugs fumants<br \/>\nde gl\u00fchwein. L\u2019ambiance est familiale le jour, plus festive le<br \/>\nsoir, avec en toile de fond le Christkindlesmarkt historique.<br \/>\nDerri\u00e8re, <strong>Manchester<\/strong> s\u00e9duit par l\u2019\u00e9nergie de son<br \/>\ncentre et ses all\u00e9es d\u00e9cor\u00e9es \u00e0 l\u2019ambiance bon enfant, symbole du<br \/>\nregain touristique de la m\u00e9tropole. <strong>Paris<\/strong> compl\u00e8te<br \/>\nle trio, avec une douzaine de march\u00e9s chaque hiver, du parvis de<br \/>\nNotre\u2011Dame \u00e0 La D\u00e9fense. Son rendez-vous le plus embl\u00e9matique reste<br \/>\ncelui des Tuileries, c\u00f4t\u00e9 nord du jardin, entre la rue des<br \/>\nPyramides et la place de la Concorde, o\u00f9 artisans, sp\u00e9cialit\u00e9s<br \/>\nr\u00e9gionales et attractions se c\u00f4toient.<\/p>\n<p>Le panorama s\u2019\u00e9tend largement : <strong>Budapest<\/strong>,<br \/>\n<strong>Vienne<\/strong>, <strong>Vilnius<\/strong>,<br \/>\n<strong>Londres<\/strong>, <strong>Lucerne<\/strong>,<br \/>\n<strong>Tallinn<\/strong>, <strong>Copenhague<\/strong>,<br \/>\n<strong>\u00c9dimbourg<\/strong>, Aix la Chapelle, G\u00f6teborg, Cracovie,<br \/>\n<strong>Colmar<\/strong>, <strong>Bruges<\/strong>, D\u00fcsseldorf,<br \/>\nS\u00e9ville, Venise et Funchal. Chacun a sa signature, de la tradition<br \/>\ncentre\u2011europ\u00e9enne aux parcs d\u2019attractions illumin\u00e9s. \u00c0 Londres, le<br \/>\nWinter Wonderland de Hyde Park d\u00e9ploie man\u00e8ges, patinoire et<br \/>\nspectacles ; \u00e0 Copenhague, Tivoli scintille \u00e0 perte de vue ; \u00e0<br \/>\nTallinn, la place de l\u2019H\u00f4tel de Ville et les ruelles pav\u00e9es offrent<br \/>\nun \u00e9crin m\u00e9di\u00e9val unique.<\/p>\n<p><img loading=\"lazy\" decoding=\"async\" aria-describedby=\"caption-attachment-2004274\" itemprop=\"thumbnailUrl\" class=\"size-large wp-image-2004274 img-responsive pinit-here\" src=\"https:\/\/www.europesays.com\/fr\/wp-content\/uploads\/2025\/11\/phalbm25274945-1024x683.jpg\" alt=\"\" width=\"1024\" height=\"683\" data-pin-media=\"https:\/\/sf2.afcdn.com\/wp-content\/uploads\/aufeminin\/2025\/03\/phalbm25274945-736x491.jpg\"\/><br \/>\n\u00a9<br \/>\nIstock<\/p>\n<p id=\"caption-attachment-2004274\" class=\"wp-caption-text\">Le<br \/>\nMarch\u00e9 de No\u00ebl de Colmar est l<strong>\u00ab\u00a0un des plus r\u00e9put\u00e9<br \/>\nd&rsquo;Alsace<\/strong>, autant pour la qualit\u00e9 des produits expos\u00e9s que<br \/>\npour la beaut\u00e9 de ses d\u00e9corations. <strong>Toute la ville se met en<br \/>\nvaleur \u00e0 cette occasion !<\/strong><\/p>\n<p>Calendrier 2025 des March\u00e9s de No\u00ebl<\/p>\n<p>C\u00f4t\u00e9 calendrier, plusieurs grands rendez-vous sont d\u00e9j\u00e0 pos\u00e9s. \u00c0<br \/>\n<strong>Strasbourg<\/strong>, surnomm\u00e9e la \u00ab\u00a0Capitale de No\u00ebl\u00a0\u00bb, le<br \/>\nmarch\u00e9 s\u2019\u00e9tend du 26 novembre au 24 d\u00e9cembre 2025, avec son<br \/>\ngigantesque sapin et ses places anim\u00e9es. \u00c0 <strong>Vienne<\/strong>,<br \/>\nles march\u00e9s rayonnent autour de la Rathausplatz du 15 novembre au<br \/>\n23 d\u00e9cembre 2025 selon les sites, entre fa\u00e7ades baroques et<br \/>\nconcerts de musique. <strong>Prague<\/strong> installe ses chalets<br \/>\nsur la place de la Vieille Ville du 29 novembre 2025 au 6 janvier<br \/>\n2026 : d\u00e9cor soign\u00e9, grand sapin, et trdeln\u00edk \u00e0 la cannelle. \u00c0<br \/>\n<strong>Bruxelles<\/strong>, Plaisirs d\u2019Hiver se tient du 28<br \/>\nnovembre 2025 au 4 janvier 2026 avec patinoire, grande roue et<br \/>\nfa\u00e7ades illumin\u00e9es de la Grand\u2011Place, sans oublier gaufres,<br \/>\nchocolat et bi\u00e8res locales.<\/p>\n<p>En Allemagne, <strong>Cologne<\/strong> d\u00e9ploie ses march\u00e9s au<br \/>\npied de la cath\u00e9drale du 22 novembre au 23 d\u00e9cembre 2025 : gl\u00fchwein<br \/>\n\u00e9pic\u00e9 et artisanat au rendez-vous. En Hongrie,<br \/>\n<strong>Budapest<\/strong> anime la place V\u00f6r\u00f6smarty du 15 novembre<br \/>\nau 31 d\u00e9cembre 2025, r\u00e9put\u00e9e pour ses produits faits main et le<br \/>\nk\u00fcrt\u0151skal\u00e1cs dor\u00e9 au feu. Pour une atmosph\u00e8re scandinave,<br \/>\n<strong>Copenhague<\/strong> enchante les Jardins de Tivoli avec ses<br \/>\nlumi\u00e8res et ses chalets, tandis que <strong>Tallinn<\/strong><br \/>\ncapitalise sur son d\u00e9cor m\u00e9di\u00e9val et sa place centrale. En Alsace,<br \/>\n<strong>Colmar<\/strong> diffuse une ambiance de conte, maisons \u00e0<br \/>\ncolombages et march\u00e9s diss\u00e9min\u00e9s dans la vieille ville. Et \u00e0<br \/>\n<strong>Londres<\/strong>, Hyde Park reste l\u2019un des plus vastes<br \/>\nrendez-vous hivernaux, entre attractions et stands d\u2019artisanat.<\/p>\n","protected":false},"excerpt":{"rendered":"L&rsquo;Europe s&rsquo;illumine en 2025 avec ses march\u00e9s de No\u00ebl enchanteurs. De Nuremberg \u00e0 Paris, d\u00e9couvrez les destinations incontournables&hellip;\n","protected":false},"author":2,"featured_media":541695,"comment_status":"","ping_status":"","sticky":false,"template":"","format":"standard","meta":{"footnotes":""},"categories":[2820],"tags":[1111,11,7214,1777,674,51543,1011,27,775,4534,12,15830,11789,25,640,1584],"class_list":{"0":"post-541694","1":"post","2":"type-post","3":"status-publish","4":"format-standard","5":"has-post-thumbnail","7":"category-strasbourg","8":"tag-actu","9":"tag-actualites","10":"tag-bonus","11":"tag-eu","12":"tag-europe","13":"tag-fetes-de-fin-dannee","14":"tag-fr","15":"tag-france","16":"tag-grand-est","17":"tag-londres","18":"tag-news","19":"tag-noel","20":"tag-prague","21":"tag-republique-francaise","22":"tag-strasbourg","23":"tag-vienne"},"share_on_mastodon":{"url":"https:\/\/pubeurope.com\/@fr\/115568743023646192","error":""},"_links":{"self":[{"href":"https:\/\/www.europesays.com\/fr\/wp-json\/wp\/v2\/posts\/541694","targetHints":{"allow":["GET"]}}],"collection":[{"href":"https:\/\/www.europesays.com\/fr\/wp-json\/wp\/v2\/posts"}],"about":[{"href":"https:\/\/www.europesays.com\/fr\/wp-json\/wp\/v2\/types\/post"}],"author":[{"embeddable":true,"href":"https:\/\/www.europesays.com\/fr\/wp-json\/wp\/v2\/users\/2"}],"replies":[{"embeddable":true,"href":"https:\/\/www.europesays.com\/fr\/wp-json\/wp\/v2\/comments?post=541694"}],"version-history":[{"count":0,"href":"https:\/\/www.europesays.com\/fr\/wp-json\/wp\/v2\/posts\/541694\/revisions"}],"wp:featuredmedia":[{"embeddable":true,"href":"https:\/\/www.europesays.com\/fr\/wp-json\/wp\/v2\/media\/541695"}],"wp:attachment":[{"href":"https:\/\/www.europesays.com\/fr\/wp-json\/wp\/v2\/media?parent=541694"}],"wp:term":[{"taxonomy":"category","embeddable":true,"href":"https:\/\/www.europesays.com\/fr\/wp-json\/wp\/v2\/categories?post=541694"},{"taxonomy":"post_tag","embeddable":true,"href":"https:\/\/www.europesays.com\/fr\/wp-json\/wp\/v2\/tags?post=541694"}],"curies":[{"name":"wp","href":"https:\/\/api.w.org\/{rel}","templated":true}]}}