{"id":541696,"date":"2025-11-18T04:10:15","date_gmt":"2025-11-18T04:10:15","guid":{"rendered":"https:\/\/www.europesays.com\/fr\/541696\/"},"modified":"2025-11-18T04:10:15","modified_gmt":"2025-11-18T04:10:15","slug":"saint-raphael-salon-du-palais-gourmand","status":"publish","type":"post","link":"https:\/\/www.europesays.com\/fr\/541696\/","title":{"rendered":"Saint-Rapha\u00ebl : Salon du Palais Gourmand"},"content":{"rendered":"<p>        <a href=\"https:\/\/www.europesays.com\/fr\/wp-content\/uploads\/2025\/11\/csm_Palais_Gourmand_2025_559ec1869c.jpg\" data-caption=\"\"><img loading=\"lazy\" decoding=\"async\" width=\"480\" height=\"320\" class=\"entry-thumb td-modal-image\" src=\"https:\/\/www.europesays.com\/fr\/wp-content\/uploads\/2025\/11\/csm_Palais_Gourmand_2025_559ec1869c.jpg\"   alt=\"\" title=\"csm_Palais_Gourmand_2025_559ec1869c\"\/><\/a><\/p>\n<p>Le salon qui met l\u2019eau \u00e0 la bouche \u2013 31e \u00e9dition<\/p>\n<p><strong>Vendredi 28, Samedi 29 &amp; dimanche 30 novembre<\/strong><br \/>de 10h00 \u00e0 19h00<br \/>Palais des Congr\u00e8s<br \/>101 Quai Commandant le Prieur<br \/>83700 Saint-Rapha\u00ebl<\/p>\n<p>Le rendez-vous gourmand incontournable au c\u0153ur de la C\u00f4te d\u2019Azur !<\/p>\n<p>Organis\u00e9 par Ware Organisation, venez d\u00e9couvrir et d\u00e9guster des produits artisanaux \u2013 fromages, charcuteries, chocolats, vins et spiritueux* \u2013 tout en rencontrant les producteurs et en assistant \u00e0 des d\u00e9monstrations culinaires.<\/p>\n<p>Une exp\u00e9rience festive et conviviale pour tous les amateurs de gastronomie.<\/p>\n<p>*L\u2019abus d\u2019alcool est dangereux pour la sant\u00e9, \u00e0 consommer avec mod\u00e9ration.<br \/>Informations pratiques :<\/p>\n<p>Parking gratuit<br \/>Restauration sur place<\/p>\n<p><a href=\"https:\/\/www.restosducoeur.org\/associations-departementales\/les-restos-du-coeur-du-var\/\" rel=\"nofollow noopener\" target=\"_blank\"><img decoding=\"async\" style=\"height:70px;width:140px\" src=\"https:\/\/www.europesays.com\/fr\/wp-content\/uploads\/2025\/04\/restos-du-coeur.jpg\"\/><\/a>        <\/p>\n","protected":false},"excerpt":{"rendered":"Le salon qui met l\u2019eau \u00e0 la bouche \u2013 31e \u00e9dition Vendredi 28, Samedi 29 &amp; dimanche 30&hellip;\n","protected":false},"author":2,"featured_media":541697,"comment_status":"","ping_status":"","sticky":false,"template":"","format":"standard","meta":{"footnotes":""},"categories":[2819],"tags":[1111,11,1777,674,1011,27,12,2401,882,25],"class_list":{"0":"post-541696","1":"post","2":"type-post","3":"status-publish","4":"format-standard","5":"has-post-thumbnail","7":"category-nice","8":"tag-actu","9":"tag-actualites","10":"tag-eu","11":"tag-europe","12":"tag-fr","13":"tag-france","14":"tag-news","15":"tag-nice","16":"tag-provence-alpes-cote-dazur","17":"tag-republique-francaise"},"share_on_mastodon":{"url":"https:\/\/pubeurope.com\/@fr\/115568746919141910","error":""},"_links":{"self":[{"href":"https:\/\/www.europesays.com\/fr\/wp-json\/wp\/v2\/posts\/541696","targetHints":{"allow":["GET"]}}],"collection":[{"href":"https:\/\/www.europesays.com\/fr\/wp-json\/wp\/v2\/posts"}],"about":[{"href":"https:\/\/www.europesays.com\/fr\/wp-json\/wp\/v2\/types\/post"}],"author":[{"embeddable":true,"href":"https:\/\/www.europesays.com\/fr\/wp-json\/wp\/v2\/users\/2"}],"replies":[{"embeddable":true,"href":"https:\/\/www.europesays.com\/fr\/wp-json\/wp\/v2\/comments?post=541696"}],"version-history":[{"count":0,"href":"https:\/\/www.europesays.com\/fr\/wp-json\/wp\/v2\/posts\/541696\/revisions"}],"wp:featuredmedia":[{"embeddable":true,"href":"https:\/\/www.europesays.com\/fr\/wp-json\/wp\/v2\/media\/541697"}],"wp:attachment":[{"href":"https:\/\/www.europesays.com\/fr\/wp-json\/wp\/v2\/media?parent=541696"}],"wp:term":[{"taxonomy":"category","embeddable":true,"href":"https:\/\/www.europesays.com\/fr\/wp-json\/wp\/v2\/categories?post=541696"},{"taxonomy":"post_tag","embeddable":true,"href":"https:\/\/www.europesays.com\/fr\/wp-json\/wp\/v2\/tags?post=541696"}],"curies":[{"name":"wp","href":"https:\/\/api.w.org\/{rel}","templated":true}]}}