{"id":541698,"date":"2025-11-18T04:11:11","date_gmt":"2025-11-18T04:11:11","guid":{"rendered":"https:\/\/www.europesays.com\/fr\/541698\/"},"modified":"2025-11-18T04:11:11","modified_gmt":"2025-11-18T04:11:11","slug":"la-future-patinoire-de-nice-fait-toujours-grincer-lopposition","status":"publish","type":"post","link":"https:\/\/www.europesays.com\/fr\/541698\/","title":{"rendered":"la future patinoire de Nice fait toujours grincer l\u2019opposition"},"content":{"rendered":"<p class=\"fs-5 \">On risque d\u2019en entendre parler encore beaucoup.<\/p>\n<p class=\"fs-5 \">Si le sujet de la d\u00e9molition d\u2019Acropolis a anim\u00e9 les d\u00e9bats du conseil municipal pendant des ann\u00e9es, le nouveau th\u00e8me de discussion semble \u00eatre celui de la construction de la patinoire pour les Jeux olympiques et paralympiques d\u2019hiver de 2030.<\/p>\n<p class=\"fs-5 \">Le co\u00fbt, de 138 millions d\u2019euros, fait bondir les \u00e9cologistes. Seule une partie reste \u00e0 la charge de la Ville, r\u00e9torque la majorit\u00e9.<\/p>\n<p class=\"fs-5 \">\u00ab Pendant que les Ni\u00e7oises et les Ni\u00e7ois peinent \u00e0 payer leurs loyers, leurs imp\u00f4ts locaux et leurs factures, vous engagez 138 millions d\u2019euros pour une patinoire olympique et 80 millions d\u2019euros pour l\u2019am\u00e9nagement du stade Allianz Riviera, tout cela pour deux semaines d\u2019\u00e9v\u00e9nements en 2030 \u00bb, fulmine Juliette Chesnel-Le Roux, la cheffe du groupe d\u2019opposition.<\/p>\n<p class=\"fs-5 \">Elle juge ce co\u00fbt \u00ab tout simplement inacceptable \u00bb. \u00ab Ce conseil municipal a sign\u00e9 un ch\u00e8que en blanc pour ces Jeux olympiques, sans jamais r\u00e9pondre \u00e0 la question la plus simple : combien cela va-t-il r\u00e9ellement co\u00fbter ? \u00bb<\/p>\n<p class=\"fs-5 \">Tandis qu\u2019elle d\u00e9plore \u00ab l\u2019opacit\u00e9 \u00bb face \u00e0 ses interrogations, elle estime que \u00ab pendant ce temps, nos infrastructures sportives du quotidien tombent en ruine. Des vestiaires sans eau chaude, des toilettes qui ne fonctionnent pas, des pr\u00e9fabriqu\u00e9s fissur\u00e9s, des gymnases et des stades envahis par la moisissure. \u00bb <\/p>\n<p class=\"fs-5 \">Et de conclure que \u00ab ce n\u2019est pas qu\u2019un probl\u00e8me de sport, c\u2019est une question de priorit\u00e9s politiques \u00bb.<\/p>\n<p>                                                                                20 % des 138 millions \u00e0 la charge de la Ville<\/p>\n<p class=\"fs-5 \">Forc\u00e9ment, l\u2019attaque a fait bondir la majorit\u00e9. Le maire a contr\u00e9 en commen\u00e7ant par&#8230; le calendrier et en demandant \u00e0 l\u2019\u00e9lue combien de temps elle pensait que duraient les jeux olympiques et paralympiques &#8211; bien plus que quinze jours.<\/p>\n<p class=\"fs-5 \">Christian Estrosi a tenu \u00e0 clarifier l\u2019aspect financier : \u00ab Seulement 20 % du co\u00fbt de la construction restera \u00e0 la charge de la Ville \u00bb. Soit environ 28 millions d\u2019euros si l\u2019enveloppe de 138 millions annonc\u00e9e ne bouge pas.<\/p>\n<p class=\"fs-5 \">Il a brocard\u00e9 \u00ab le d\u00e9put\u00e9 communiste <a href=\"https:\/\/www.nicematin.com\/sports\/des-zones-d-ombre-sur-l-utilisation-des-deniers-publics-la-future-patinoire-olympique-a-138-millions-d-euros-jette-un-froid-a-nice-10655733\" rel=\"nofollow noopener\" target=\"_blank\"> [Fr\u00e9d\u00e9ric Maillot] \u00e9lu \u00e0 Saint-Denis \u00bb<\/a> qui a port\u00e9 l\u2019histoire \u00e0 l\u2019Assembl\u00e9e nationale.<\/p>\n<p class=\"fs-5 \">Et a justifi\u00e9 l\u2019int\u00e9r\u00eat, pour la collectivit\u00e9, de poursuivre ce projet de nouvel \u00e9quipement : \u00ab \u00c0 terme, Nice disposera d\u2019une patinoire olympique s\u00e9par\u00e9e en trois espaces : pour la comp\u00e9tition, pour le public et un espace multisports. (&#8230;) Car aujourd\u2019hui, l\u2019entretien de Jean-Bouin co\u00fbte 1,2 million d\u2019euros par an et malgr\u00e9 son ouverture de 7 heures \u00e0 23 heures, on peine \u00e0 trouver quelques cr\u00e9neaux pour le public [car les professionnels et clubs l\u2019utilisent] et seulement sept heures par semaine pour les \u00e9coles.\u00a0\u00bb<\/p>\n<p class=\"fs-5 \">Il poursuit : \u00ab Il y a manifestement une forte demande \u00e0 Nice pour pratiquer les sports de glace. Or ce projet nous permettra d\u2019avoir \u00e0 la rentr\u00e9e de septembre 2029 une v\u00e9ritable offre. Ensuite la toiture de Jean-Bouin sera r\u00e9nov\u00e9e pour le transformer en grand centre nautique tandis que la requalification de la <a href=\"https:\/\/www.nicematin.com\/sports\/natation\/nice-va-se-doter-d-une-seconde-piscine-olympique-d-ici-2027-les-six-choses-a-savoir-sur-ce-projet-979784\" rel=\"nofollow noopener\" target=\"_blank\">piscine Camille-Muffat<\/a> a \u00e9t\u00e9 lanc\u00e9e et qu\u2019un second bassin sera construit juste \u00e0 c\u00f4t\u00e9. \u00bb<\/p>\n<p class=\"fs-5 \">\u00c0 l\u2019Ouest, ces deux derniers \u00e9quipements seront op\u00e9rationnels \u00e0 la fin 2027.<\/p>\n","protected":false},"excerpt":{"rendered":"On risque d\u2019en entendre parler encore beaucoup. Si le sujet de la d\u00e9molition d\u2019Acropolis a anim\u00e9 les d\u00e9bats&hellip;\n","protected":false},"author":2,"featured_media":541699,"comment_status":"","ping_status":"","sticky":false,"template":"","format":"standard","meta":{"footnotes":""},"categories":[2819],"tags":[1111,11,1777,674,1011,27,12,2401,882,25],"class_list":{"0":"post-541698","1":"post","2":"type-post","3":"status-publish","4":"format-standard","5":"has-post-thumbnail","7":"category-nice","8":"tag-actu","9":"tag-actualites","10":"tag-eu","11":"tag-europe","12":"tag-fr","13":"tag-france","14":"tag-news","15":"tag-nice","16":"tag-provence-alpes-cote-dazur","17":"tag-republique-francaise"},"share_on_mastodon":{"url":"https:\/\/pubeurope.com\/@fr\/115568750377130434","error":""},"_links":{"self":[{"href":"https:\/\/www.europesays.com\/fr\/wp-json\/wp\/v2\/posts\/541698","targetHints":{"allow":["GET"]}}],"collection":[{"href":"https:\/\/www.europesays.com\/fr\/wp-json\/wp\/v2\/posts"}],"about":[{"href":"https:\/\/www.europesays.com\/fr\/wp-json\/wp\/v2\/types\/post"}],"author":[{"embeddable":true,"href":"https:\/\/www.europesays.com\/fr\/wp-json\/wp\/v2\/users\/2"}],"replies":[{"embeddable":true,"href":"https:\/\/www.europesays.com\/fr\/wp-json\/wp\/v2\/comments?post=541698"}],"version-history":[{"count":0,"href":"https:\/\/www.europesays.com\/fr\/wp-json\/wp\/v2\/posts\/541698\/revisions"}],"wp:featuredmedia":[{"embeddable":true,"href":"https:\/\/www.europesays.com\/fr\/wp-json\/wp\/v2\/media\/541699"}],"wp:attachment":[{"href":"https:\/\/www.europesays.com\/fr\/wp-json\/wp\/v2\/media?parent=541698"}],"wp:term":[{"taxonomy":"category","embeddable":true,"href":"https:\/\/www.europesays.com\/fr\/wp-json\/wp\/v2\/categories?post=541698"},{"taxonomy":"post_tag","embeddable":true,"href":"https:\/\/www.europesays.com\/fr\/wp-json\/wp\/v2\/tags?post=541698"}],"curies":[{"name":"wp","href":"https:\/\/api.w.org\/{rel}","templated":true}]}}