{"id":541701,"date":"2025-11-18T04:13:23","date_gmt":"2025-11-18T04:13:23","guid":{"rendered":"https:\/\/www.europesays.com\/fr\/541701\/"},"modified":"2025-11-18T04:13:23","modified_gmt":"2025-11-18T04:13:23","slug":"a-nantes-le-pont-anne-de-bretagne-ferme-a-la-circulation-deux-demi-journees-en-novembre","status":"publish","type":"post","link":"https:\/\/www.europesays.com\/fr\/541701\/","title":{"rendered":"\u00c0 Nantes, le pont Anne-de-Bretagne ferm\u00e9 \u00e0 la circulation deux demi-journ\u00e9es en novembre"},"content":{"rendered":"<p>Le pont Anne-de-Bretagne va de nouveau \u00eatre ferm\u00e9 \u00e0 la circulation, \u00e0 Nantes (Loire-Atlantique). Mais seulement pour deux demi-journ\u00e9es, les 19 et 27\u00a0novembre\u00a0: de 9\u00a0h\u00a030 \u00e0 12\u00a0h\u00a030, mercredi 19\u00a0novembre, et de 9\u00a0h\u00a030 \u00e0 14\u00a0h\u00a030, jeudi 27\u00a0novembre.<\/p>\n<p><a href=\"https:\/\/nantes.maville.com\/actu\/actudet_-sur-la-loire-un-pont-large-comme-un-terrain-de-foot-a-nantes-_8-6904027_actu.Htm\" target=\"_self\" rel=\"noopener\">Dans la perspective de l\u2019arriv\u00e9e prochaine du tablier du futur pont<\/a>, des op\u00e9rations de grutage visant \u00e0 finaliser les \u00e9l\u00e9ments d\u2019appuis du tablier sur les piles vont \u00eatre men\u00e9es. Et pour cela, pas de voitures sur le pont. Les cheminements pi\u00e9tons et v\u00e9los resteront, eux, possibles durant l\u2019intervention.<\/p>\n<p>La mise en place du tablier m\u00e9tallique, de 2\u00a0000\u00a0tonnes, doit avoir lieu d\u2019ici samedi 21\u00a0d\u00e9cembre. <a href=\"https:\/\/nantes.maville.com\/actu\/actudet_-pont-anne-de-bretagne.-la-future-charpente-est-partie-d-italie-direction-nantes-_52716-7039959_actu.Htm\" target=\"_self\" rel=\"noopener\">Fabriqu\u00e9 en Italie, il est achemin\u00e9 par bateau.<\/a><\/p>\n<p>\u00a0<\/p>\n","protected":false},"excerpt":{"rendered":"Le pont Anne-de-Bretagne va de nouveau \u00eatre ferm\u00e9 \u00e0 la circulation, \u00e0 Nantes (Loire-Atlantique). Mais seulement pour deux&hellip;\n","protected":false},"author":2,"featured_media":541702,"comment_status":"","ping_status":"","sticky":false,"template":"","format":"standard","meta":{"footnotes":""},"categories":[2818],"tags":[1111,11,36993,3542,65986,1777,674,9095,1011,27,766,12,24649,2636,5604,25],"class_list":{"0":"post-541701","1":"post","2":"type-post","3":"status-publish","4":"format-standard","5":"has-post-thumbnail","7":"category-nantes","8":"tag-actu","9":"tag-actualites","10":"tag-anne-de-bretagne","11":"tag-circulation","12":"tag-demi-journees","13":"tag-eu","14":"tag-europe","15":"tag-ferme","16":"tag-fr","17":"tag-france","18":"tag-nantes","19":"tag-news","20":"tag-novembre","21":"tag-pays-de-la-loire","22":"tag-pont","23":"tag-republique-francaise"},"share_on_mastodon":{"url":"https:\/\/pubeurope.com\/@fr\/115568758257161887","error":""},"_links":{"self":[{"href":"https:\/\/www.europesays.com\/fr\/wp-json\/wp\/v2\/posts\/541701","targetHints":{"allow":["GET"]}}],"collection":[{"href":"https:\/\/www.europesays.com\/fr\/wp-json\/wp\/v2\/posts"}],"about":[{"href":"https:\/\/www.europesays.com\/fr\/wp-json\/wp\/v2\/types\/post"}],"author":[{"embeddable":true,"href":"https:\/\/www.europesays.com\/fr\/wp-json\/wp\/v2\/users\/2"}],"replies":[{"embeddable":true,"href":"https:\/\/www.europesays.com\/fr\/wp-json\/wp\/v2\/comments?post=541701"}],"version-history":[{"count":0,"href":"https:\/\/www.europesays.com\/fr\/wp-json\/wp\/v2\/posts\/541701\/revisions"}],"wp:featuredmedia":[{"embeddable":true,"href":"https:\/\/www.europesays.com\/fr\/wp-json\/wp\/v2\/media\/541702"}],"wp:attachment":[{"href":"https:\/\/www.europesays.com\/fr\/wp-json\/wp\/v2\/media?parent=541701"}],"wp:term":[{"taxonomy":"category","embeddable":true,"href":"https:\/\/www.europesays.com\/fr\/wp-json\/wp\/v2\/categories?post=541701"},{"taxonomy":"post_tag","embeddable":true,"href":"https:\/\/www.europesays.com\/fr\/wp-json\/wp\/v2\/tags?post=541701"}],"curies":[{"name":"wp","href":"https:\/\/api.w.org\/{rel}","templated":true}]}}