{"id":541703,"date":"2025-11-18T04:14:17","date_gmt":"2025-11-18T04:14:17","guid":{"rendered":"https:\/\/www.europesays.com\/fr\/541703\/"},"modified":"2025-11-18T04:14:17","modified_gmt":"2025-11-18T04:14:17","slug":"qualite-de-lair-a-proximite-de-la-zone-industrialo-portuaire-de-bassens-des-resultats-rassurants-novembre-2025-communiques-de-presse-2025-communiques-de-presse-actualites","status":"publish","type":"post","link":"https:\/\/www.europesays.com\/fr\/541703\/","title":{"rendered":"Qualit\u00e9 de l\u2019air \u00e0 proximit\u00e9 de la zone industrialo-portuaire de Bassens : des r\u00e9sultats rassurants &#8211; Novembre 2025 &#8211; Communiqu\u00e9s de presse 2025 &#8211; Communiqu\u00e9s de presse &#8211; Actualit\u00e9s"},"content":{"rendered":"<p>\n            Mis \u00e0 jour le\u00a017\/11\/2025\n        <\/p>\n<p>                                                                                                    <img decoding=\"async\" class=\"fr-responsive-img\" src=\"https:\/\/www.europesays.com\/fr\/wp-content\/uploads\/2025\/11\/Qualite-de-l-air-a-proximite-de-la-zone-industrialo-portuaire-de-Bassens-des-resultats-rassurants_la.png\" alt=\"\" style=\"aspect-ratio: 1.6010638297872;\"\/><\/p>\n<p>\u00a0\u00a0\u00a0\u00a0\u00a0\u00a0\u00a0\u00a0\u00a0\u00a0\u00a0\u00a0\u00a0\u00a0\u00a0\u00a0\u00a0\u00a0\u00a0\u00a0\u00a0\u00a0<\/p>\n<p>Sous l\u2019impulsion de l\u2019\u00c9tat (DREAL Nouvelle-Aquitaine) et en partenariat avec le Secr\u00e9tariat Permanent pour la Pr\u00e9vention des Pollutions et des risques Industriels (SPPPI) de la Presqu\u2019\u00eele d\u2019Amb\u00e8s, Atmo Nouvelle-Aquitaine a men\u00e9, d\u2019avril 2024 \u00e0 mars 2025, une campagne de mesure de la qualit\u00e9 de l\u2019air autour de la zone industrialoportuaire de Bassens (33). L\u2019objectif \u00e9tait de mieux conna\u00eetre les substances pr\u00e9sentes dans l\u2019air, identifier leurs origines (sources industrielles ou autres) et d\u2019\u00e9valuer leur niveau de concentration par rapport aux valeurs de r\u00e9f\u00e9rence disponibles.<\/p>\n<p>Cette campagne s\u2019est appuy\u00e9e sur un \u00e9quipement innovant, le PTR-MS (spectrom\u00e8tre de masse par r\u00e9action de transfert de proton), permettant d\u2019analyser en continu et avec une grande pr\u00e9cision la composition des substances gazeuses pr\u00e9sentes dans l\u2019air. 24 compos\u00e9s gazeux ont \u00e9t\u00e9 suivis, dont 13 pr\u00e9dominants \u00e0 proximit\u00e9 de la zone industrialo-portuaire.<\/p>\n<p>Les r\u00e9sultats montrent que l\u2019activit\u00e9 de la zone a localement une influence sur la qualit\u00e9 de l\u2019air mais qu\u2019elle n\u2019en constitue pas la seule source d\u2019\u00e9mission des substances : le trafic routier, le chauffage au bois ou encore certaines \u00e9missions naturelles contribuent \u00e9galement aux concentrations observ\u00e9es. Les niveaux mesur\u00e9s demeurent en dessous des valeurs de r\u00e9f\u00e9rence reconnues pour pr\u00e9senter un risque sanitaire, tant pour des expositions de courte que de moyenne dur\u00e9e. Aucun d\u00e9passement de normes r\u00e9glementaires n\u2019a \u00e9t\u00e9 constat\u00e9.<\/p>\n<p>La DREAL poursuivra son action de surveillance des \u00e9missions industrielles, en lien \u00e9troit avec les industriels. Les actions et les investissements destin\u00e9s \u00e0 r\u00e9duire les \u00e9missions industrielles, notamment par le recours aux meilleures technologies disponibles, seront maintenus et renforc\u00e9s afin de continuer \u00e0 am\u00e9liorer la qualit\u00e9 de l\u2019air au b\u00e9n\u00e9fice des populations riveraines.<\/p>\n<p>Les donn\u00e9es issues de cette campagne constituent une base de connaissance riche. Elles permettront d\u2019alimenter de nouveaux travaux, sous l\u2019\u00e9gide du SPPPI de la Presqu\u2019\u00eele d\u2019Amb\u00e8s, visant \u00e0 approfondir l\u2019\u00e9valuation des risques sanitaires pour les populations, \u00e0 court comme \u00e0 long terme.<\/p>\n<p>Le pr\u00e9fet de la Gironde salue la qualit\u00e9 du travail men\u00e9 par Atmo Nouvelle-Aquitaine et l\u2019engagement de l\u2019ensemble des acteurs de la zone industrialo-portuaire de Bassens : les industriels, la ville de Bassens, les associations et les services de l\u2019\u00c9tat. Ces r\u00e9sultats rassurants confirment la pertinence des actions d\u00e9j\u00e0 engag\u00e9es pour ma\u00eetriser les \u00e9missions industrielles et am\u00e9liorer durablement la qualit\u00e9 de l\u2019air. Ils encouragent \u00e0 poursuivre, dans cet esprit de transparence et de concertation, les efforts collectifs en faveur d\u2019un environnement plus sain pour tous.<\/p>\n<p>Le rapport complet et sa synth\u00e8se sont disponibles sur le site d\u2019Atmo Nouvelle-Aquitaine :\u00a0    <a href=\"https:\/\/www.atmo-nouvelleaquitaine.org\/sites\/nouvelleaquitaine\/files\/medias\/documents\/2025-11\/SyntheseAtmoNA_IND_EXT_23_065_PTRMS_Bassens_2024_VF_20251110.pdf\" id=\"eeffcd2098a0f603c33a9b0212f5be6e\" target=\"_self\" class=\"fr-link\" rel=\"nofollow noopener\">https:\/\/www.atmo-nouvelleaquitaine.org\/sites\/nouvelleaquitaine\/files\/medias\/documents\/2025-11\/SyntheseAtmoNA_IND_EXT_23_065_PTRMS_Bassens_2024_VF_20251110.pdf<\/a><\/p>\n","protected":false},"excerpt":{"rendered":"Mis \u00e0 jour le\u00a017\/11\/2025 \u00a0\u00a0\u00a0\u00a0\u00a0\u00a0\u00a0\u00a0\u00a0\u00a0\u00a0\u00a0\u00a0\u00a0\u00a0\u00a0\u00a0\u00a0\u00a0\u00a0\u00a0\u00a0 Sous l\u2019impulsion de l\u2019\u00c9tat (DREAL Nouvelle-Aquitaine) et en partenariat avec le Secr\u00e9tariat Permanent&hellip;\n","protected":false},"author":2,"featured_media":541704,"comment_status":"","ping_status":"","sticky":false,"template":"","format":"standard","meta":{"footnotes":""},"categories":[2817],"tags":[1111,11,1997,1777,674,1011,27,12,2219,25],"class_list":{"0":"post-541703","1":"post","2":"type-post","3":"status-publish","4":"format-standard","5":"has-post-thumbnail","7":"category-bordeaux","8":"tag-actu","9":"tag-actualites","10":"tag-bordeaux","11":"tag-eu","12":"tag-europe","13":"tag-fr","14":"tag-france","15":"tag-news","16":"tag-nouvelle-aquitaine","17":"tag-republique-francaise"},"share_on_mastodon":{"url":"https:\/\/pubeurope.com\/@fr\/115568762785421632","error":""},"_links":{"self":[{"href":"https:\/\/www.europesays.com\/fr\/wp-json\/wp\/v2\/posts\/541703","targetHints":{"allow":["GET"]}}],"collection":[{"href":"https:\/\/www.europesays.com\/fr\/wp-json\/wp\/v2\/posts"}],"about":[{"href":"https:\/\/www.europesays.com\/fr\/wp-json\/wp\/v2\/types\/post"}],"author":[{"embeddable":true,"href":"https:\/\/www.europesays.com\/fr\/wp-json\/wp\/v2\/users\/2"}],"replies":[{"embeddable":true,"href":"https:\/\/www.europesays.com\/fr\/wp-json\/wp\/v2\/comments?post=541703"}],"version-history":[{"count":0,"href":"https:\/\/www.europesays.com\/fr\/wp-json\/wp\/v2\/posts\/541703\/revisions"}],"wp:featuredmedia":[{"embeddable":true,"href":"https:\/\/www.europesays.com\/fr\/wp-json\/wp\/v2\/media\/541704"}],"wp:attachment":[{"href":"https:\/\/www.europesays.com\/fr\/wp-json\/wp\/v2\/media?parent=541703"}],"wp:term":[{"taxonomy":"category","embeddable":true,"href":"https:\/\/www.europesays.com\/fr\/wp-json\/wp\/v2\/categories?post=541703"},{"taxonomy":"post_tag","embeddable":true,"href":"https:\/\/www.europesays.com\/fr\/wp-json\/wp\/v2\/tags?post=541703"}],"curies":[{"name":"wp","href":"https:\/\/api.w.org\/{rel}","templated":true}]}}