{"id":541705,"date":"2025-11-18T04:15:28","date_gmt":"2025-11-18T04:15:28","guid":{"rendered":"https:\/\/www.europesays.com\/fr\/541705\/"},"modified":"2025-11-18T04:15:28","modified_gmt":"2025-11-18T04:15:28","slug":"soiree-alcoolisee-main-aux-fesses-un-rugbyman-de-montauban-termine-en-garde-a-vue-a-bordeaux","status":"publish","type":"post","link":"https:\/\/www.europesays.com\/fr\/541705\/","title":{"rendered":"Soir\u00e9e alcoolis\u00e9e, main aux fesses, un rugbyman de Montauban termine en garde \u00e0 vue \u00e0 Bordeaux"},"content":{"rendered":"<p>Un joueur de l&rsquo;US Montauban a termin\u00e9 en garde \u00e0 vue \u00e0 Bordeaux dans la nuit de samedi \u00e0 dimanche, apr\u00e8s le match France &#8211; Fidji. Accus\u00e9 d&rsquo;agression sexuelle, il sera entendu par ses dirigeants. <\/p>\n<p>L&rsquo;US Montauban n&rsquo;avait pas vraiment besoin de \u00e7a. Apr\u00e8s les <a class=\"IciLink ici-link IciArticleLink g-ici-body-regular-1 underline brand svelte-lu7k6w\" href=\"https:\/\/www.francebleu.fr\/sports\/rugby\/top-14-us-montauban-pas-de-suspension-pour-fred-quercy-qui-ecope-d-une-amende-et-d-un-blame-5245154\" rel=\"nofollow noopener\" target=\"_blank\">affaires Quer\u00e7y<\/a>, Bosviel, et le\u00a0<a class=\"IciLink ici-link IciArticleLink g-ici-body-regular-1 underline brand svelte-lu7k6w\" href=\"https:\/\/www.francebleu.fr\/infos\/faits-divers-justice\/top-14-us-montauban-le-bouclier-de-champion-de-pro-d2-toujours-porte-disparu-9629152\" rel=\"nofollow noopener\" target=\"_blank\">vol du bouclier de champions de France<\/a>\u00a0de\u00a0<a class=\"IciLink ici-link IciArticleLink g-ici-body-regular-1 underline brand svelte-lu7k6w\" href=\"https:\/\/www.francebleu.fr\/theme\/rugby-pro-d2\" rel=\"nofollow noopener\" target=\"_blank\">Pro D2<\/a>, le club de Sapiac fait de nouveau parler de lui pour autre chose que les r\u00e9sultats en\u00a0<a class=\"IciLink ici-link IciArticleLink g-ici-body-regular-1 underline brand svelte-lu7k6w\" href=\"https:\/\/www.francebleu.fr\/theme\/rugby-top-14\" rel=\"nofollow noopener\" target=\"_blank\">Top 14<\/a>. Cette fois, c&rsquo;est <strong>un joueur de l&rsquo;effectif qui est accus\u00e9 d&rsquo;agression sexuelle,<\/strong> r\u00e9v\u00e8le\u00a0<a target=\"_blank\" rel=\"nofollow noopener noreferrer\" class=\"IciLink ici-link IciArticleLink g-ici-body-regular-1 underline brand svelte-lu7k6w\" href=\"https:\/\/www.ladepeche.fr\/2025\/11\/16\/info-la-depeche-un-joueur-de-rugby-de-montauban-en-garde-a-vue-apres-une-violente-main-aux-fesses-en-boite-de-nuit-13055437.php\">La D\u00e9p\u00eache<\/a>, confirm\u00e9 par ICI Occitanie. Des faits qui se sont produits dans la nuit de samedi \u00e0 dimanche, \u00e0 Bordeaux, dans la soir\u00e9e qui a suivi la rencontre France-Fidji au Stade-Atlantique.<\/p>\n<p>Ce jeune joueur de l&rsquo;effectif montalbanais, venu \u00e0 Bordeaux supporter ses compatriotes face aux Bleus, est accus\u00e9 d&rsquo;avoir mis une main aux fesses d&rsquo;une femme qui a ensuite port\u00e9 plainte. Il a \u00e9t\u00e9 plac\u00e9 en garde \u00e0 vue.<\/p>\n<p>Sanction en interne<\/p>\n<p>Fortement alcoolis\u00e9e, le joueur a d\u00fb d&rsquo;abord desso\u00fbler avant de pouvoir r\u00e9pondre aux questions des enqu\u00eateurs. Une fois la garde \u00e0 vue lev\u00e9e et de retour dans le Tarn-et-Garonne, il sera entendu par ses dirigeants, qui d\u00e9cideront par la suite d&rsquo;<strong>une sanction en interne,<\/strong>\u00a0s&rsquo;est fait confirmer ICI Occitanie par une source en interne.<\/p>\n","protected":false},"excerpt":{"rendered":"Un joueur de l&rsquo;US Montauban a termin\u00e9 en garde \u00e0 vue \u00e0 Bordeaux dans la nuit de samedi&hellip;\n","protected":false},"author":2,"featured_media":497538,"comment_status":"","ping_status":"","sticky":false,"template":"","format":"standard","meta":{"footnotes":""},"categories":[2817],"tags":[1111,11,1997,1777,674,1011,27,12,2219,25],"class_list":{"0":"post-541705","1":"post","2":"type-post","3":"status-publish","4":"format-standard","5":"has-post-thumbnail","7":"category-bordeaux","8":"tag-actu","9":"tag-actualites","10":"tag-bordeaux","11":"tag-eu","12":"tag-europe","13":"tag-fr","14":"tag-france","15":"tag-news","16":"tag-nouvelle-aquitaine","17":"tag-republique-francaise"},"share_on_mastodon":{"url":"https:\/\/pubeurope.com\/@fr\/115568766109619900","error":""},"_links":{"self":[{"href":"https:\/\/www.europesays.com\/fr\/wp-json\/wp\/v2\/posts\/541705","targetHints":{"allow":["GET"]}}],"collection":[{"href":"https:\/\/www.europesays.com\/fr\/wp-json\/wp\/v2\/posts"}],"about":[{"href":"https:\/\/www.europesays.com\/fr\/wp-json\/wp\/v2\/types\/post"}],"author":[{"embeddable":true,"href":"https:\/\/www.europesays.com\/fr\/wp-json\/wp\/v2\/users\/2"}],"replies":[{"embeddable":true,"href":"https:\/\/www.europesays.com\/fr\/wp-json\/wp\/v2\/comments?post=541705"}],"version-history":[{"count":0,"href":"https:\/\/www.europesays.com\/fr\/wp-json\/wp\/v2\/posts\/541705\/revisions"}],"wp:featuredmedia":[{"embeddable":true,"href":"https:\/\/www.europesays.com\/fr\/wp-json\/wp\/v2\/media\/497538"}],"wp:attachment":[{"href":"https:\/\/www.europesays.com\/fr\/wp-json\/wp\/v2\/media?parent=541705"}],"wp:term":[{"taxonomy":"category","embeddable":true,"href":"https:\/\/www.europesays.com\/fr\/wp-json\/wp\/v2\/categories?post=541705"},{"taxonomy":"post_tag","embeddable":true,"href":"https:\/\/www.europesays.com\/fr\/wp-json\/wp\/v2\/tags?post=541705"}],"curies":[{"name":"wp","href":"https:\/\/api.w.org\/{rel}","templated":true}]}}