{"id":541706,"date":"2025-11-18T04:16:19","date_gmt":"2025-11-18T04:16:19","guid":{"rendered":"https:\/\/www.europesays.com\/fr\/541706\/"},"modified":"2025-11-18T04:16:19","modified_gmt":"2025-11-18T04:16:19","slug":"chute-des-temperatures-gelees-en-plaine-vent-glacial-a-quoi-faut-il-sattendre-cette-semaine-a-toulouse","status":"publish","type":"post","link":"https:\/\/www.europesays.com\/fr\/541706\/","title":{"rendered":"Chute des temp\u00e9ratures, gel\u00e9es en plaine, vent glacial\u2026 \u00c0 quoi faut-il s\u2019attendre cette semaine \u00e0 Toulouse\u00a0?"},"content":{"rendered":"<p>\n                                                                    l&rsquo;essentiel<br \/>\n                                                                L\u2019hiver prend ses quartiers d\u00e8s mardi sur Toulouse et sur l\u2019ensemble de l\u2019Hexagone. Grande fra\u00eecheur, gel\u00e9es et averses sont \u00e0 pr\u00e9voir\u2026\n                            <\/p>\n<p>Si les temp\u00e9ratures de ces derniers jours \u00e9taient plus qu\u2019agr\u00e9ables pour un mois de novembre, \u00e0 partir de ce mardi 18\u00a0novembre, la tendance va radicalement s\u2019inverser. \u00ab\u00a0Nous allons avoir deux centres d\u2019action m\u00e9t\u00e9orologique, explique Jean-Fr\u00e9d\u00e9ric Bondet, m\u00e9t\u00e9orologiste-conseil, pr\u00e9visionniste pour M\u00e9t\u00e9o France. Une partie anticyclonique centr\u00e9e sur l\u2019Atlantique et une d\u00e9pression centr\u00e9e sur les pays scandinaves.\u00a0\u00bb Ces deux ph\u00e9nom\u00e8nes vont ainsi provoquer un vent froid qui va balayer l\u2019ensemble de l\u2019Hexagone.<\/p>\n<p class=\"std-elt__inline\">\n        <strong>\u00c0 lire aussi :<\/strong><br \/>\n        <a href=\"https:\/\/www.ladepeche.fr\/2025\/01\/16\/toulouse-plus-de-1-000-personnes-a-la-rue-les-associations-interpellent-la-prefecture-de-la-haute-garonne-qui-na-toujours-pas-declenche-le-plan-grand-12447413.php\" rel=\"nofollow noopener\" target=\"_blank\">Toulouse\u00a0: plus de 1\u00a0000 personnes \u00e0 la rue, les associations interpellent la pr\u00e9fecture de la Haute-Garonne qui n\u2019a toujours pas d\u00e9clench\u00e9 le plan Grand froid<\/a>\n    <\/p>\n<p>Ce mardi matin, les temp\u00e9ratures avoisineront les 3\u00a0\u00b0C\u00a0sur Toulouse-Blagnac et les 9\u00a0\u00b0C dans l\u2019apr\u00e8s-midi. \u00ab\u00a0Les minimales de saison \u00e9tant fix\u00e9es \u00e0 6\u00a0\u00b0C et les maximales \u00e0 13,5\u00a0\u00b0C environ\u00a0\u00bb, indique Jean-Fr\u00e9d\u00e9ric Bondet. \u00c0 partir de mercredi, ce sera le coup de froid\u00a0: il faudra s\u2019attendre \u00e0 des gel\u00e9es dans les plaines avec des minimales \u00e0 0 voire \u2013 1\u00a0\u00b0C. La situation sera semblable pour les matin\u00e9es de vendredi et samedi.<\/p>\n<p>        <img decoding=\"async\" class=\"std-img__img responsive-img\" src=\"https:\/\/www.europesays.com\/fr\/wp-content\/uploads\/2025\/11\/1763439379_121_image.jpg\" alt=\"Les matin\u00e9es de mercredi, vendredi et samedi seront les plus froides avec des temp\u00e9ratures avoisinant les z\u00e9ros degr\u00e9s.\"\/><\/p>\n<p>                Les matin\u00e9es de mercredi, vendredi et samedi seront les plus froides avec des temp\u00e9ratures avoisinant les z\u00e9ros degr\u00e9s.<br \/>\n                                    DDM &#8211; LAURENT DARD<\/p>\n<p>Retour aux normales de saison d\u00e8s lundi prochain<\/p>\n<p>En outre, \u00ab\u00a0dans la nuit de mercredi \u00e0 jeudi, le temps sera perturb\u00e9 avec quelques pluies, note le sp\u00e9cialiste. Mais cela permettra des temp\u00e9ratures un peu plus douces en journ\u00e9e allant de 3 \u00e0 8\u00a0\u00b0C\u00a0\u00bb. Sur l\u2019ensemble de la semaine, les maximales n\u2019exc\u00e9deront pas les 11\u00a0\u00b0C.<\/p>\n<p class=\"std-elt__inline\">\n        <strong>\u00c0 lire aussi :<\/strong><br \/>\n        <a href=\"https:\/\/www.ladepeche.fr\/2025\/01\/18\/on-se-rechauffe-comme-on-peut-je-suis-oblige-de-voler-vague-de-froid-a-toulouse-en-premiere-ligne-les-sans-abri-temoignent-12451663.php\" rel=\"nofollow noopener\" target=\"_blank\">\u00ab\u00a0On se r\u00e9chauffe comme on peut\u00a0\u00bb, \u00ab\u00a0je suis oblig\u00e9 de voler\u00a0\u00bb\u00a0: Vague de froid \u00e0 Toulouse, en premi\u00e8re ligne les sans-abri t\u00e9moignent<\/a>\n    <\/p>\n<p>M\u00e9t\u00e9o France annonce enfin \u00ab\u00a0l\u2019arriv\u00e9e d\u2019un flux oc\u00e9anique provoquant de nouvelles perturbations\u00a0\u00bb \u00e0 partir de dimanche, et un retour \u00e0 des normales de saison d\u00e8s lundi 24\u00a0novembre.<\/p>\n","protected":false},"excerpt":{"rendered":"l&rsquo;essentiel L\u2019hiver prend ses quartiers d\u00e8s mardi sur Toulouse et sur l\u2019ensemble de l\u2019Hexagone. Grande fra\u00eecheur, gel\u00e9es et&hellip;\n","protected":false},"author":2,"featured_media":541707,"comment_status":"","ping_status":"","sticky":false,"template":"","format":"standard","meta":{"footnotes":""},"categories":[2816],"tags":[1111,11,1777,674,1011,27,12,2680,25,2312],"class_list":{"0":"post-541706","1":"post","2":"type-post","3":"status-publish","4":"format-standard","5":"has-post-thumbnail","7":"category-toulouse","8":"tag-actu","9":"tag-actualites","10":"tag-eu","11":"tag-europe","12":"tag-fr","13":"tag-france","14":"tag-news","15":"tag-occitanie","16":"tag-republique-francaise","17":"tag-toulouse"},"share_on_mastodon":{"url":"https:\/\/pubeurope.com\/@fr\/115568770743773773","error":""},"_links":{"self":[{"href":"https:\/\/www.europesays.com\/fr\/wp-json\/wp\/v2\/posts\/541706","targetHints":{"allow":["GET"]}}],"collection":[{"href":"https:\/\/www.europesays.com\/fr\/wp-json\/wp\/v2\/posts"}],"about":[{"href":"https:\/\/www.europesays.com\/fr\/wp-json\/wp\/v2\/types\/post"}],"author":[{"embeddable":true,"href":"https:\/\/www.europesays.com\/fr\/wp-json\/wp\/v2\/users\/2"}],"replies":[{"embeddable":true,"href":"https:\/\/www.europesays.com\/fr\/wp-json\/wp\/v2\/comments?post=541706"}],"version-history":[{"count":0,"href":"https:\/\/www.europesays.com\/fr\/wp-json\/wp\/v2\/posts\/541706\/revisions"}],"wp:featuredmedia":[{"embeddable":true,"href":"https:\/\/www.europesays.com\/fr\/wp-json\/wp\/v2\/media\/541707"}],"wp:attachment":[{"href":"https:\/\/www.europesays.com\/fr\/wp-json\/wp\/v2\/media?parent=541706"}],"wp:term":[{"taxonomy":"category","embeddable":true,"href":"https:\/\/www.europesays.com\/fr\/wp-json\/wp\/v2\/categories?post=541706"},{"taxonomy":"post_tag","embeddable":true,"href":"https:\/\/www.europesays.com\/fr\/wp-json\/wp\/v2\/tags?post=541706"}],"curies":[{"name":"wp","href":"https:\/\/api.w.org\/{rel}","templated":true}]}}