{"id":541708,"date":"2025-11-18T04:17:16","date_gmt":"2025-11-18T04:17:16","guid":{"rendered":"https:\/\/www.europesays.com\/fr\/541708\/"},"modified":"2025-11-18T04:17:16","modified_gmt":"2025-11-18T04:17:16","slug":"sortez-les-echarpes-et-les-bonnets","status":"publish","type":"post","link":"https:\/\/www.europesays.com\/fr\/541708\/","title":{"rendered":"sortez les \u00e9charpes et les bonnets\u00a0!"},"content":{"rendered":"<p>                    Par<br \/>\n        <strong><br \/>\n            <a href=\"https:\/\/actu.fr\/auteur\/lea-afonso\" title=\"Consulter tous les articles de L\u00e9a Afonso\" rel=\"nofollow noopener\" target=\"_blank\">L\u00e9a Afonso<\/a><br \/>\n                    <\/strong><\/p>\n<p>        Publi\u00e9 le<\/p>\n<p>            18 nov. 2025 \u00e0 5h04        <\/p>\n<p>L\u2019hiver semble bien se rapprocher de <a href=\"https:\/\/actu.fr\/toulouse\/\" rel=\"nofollow noopener\" target=\"_blank\">Toulouse<\/a> et de <a href=\"https:\/\/actu.fr\/occitanie\/\" rel=\"nofollow noopener\" target=\"_blank\">l\u2019Occitanie<\/a> cette semaine\u2026 Entre les temp\u00e9ratures et le ciel quelque peu voil\u00e9, il n\u2019y a aucun doute, nous sommes bien au mois de novembre. Voici les pr\u00e9visions pour ce mardi 18\u00a0novembre 2025.<\/p>\n<p>Toulouse sous la barre des 5\u00a0\u00b0C<br \/>\n    <img   decoding=\"async\" loading=\"lazy\" src=\"https:\/\/www.europesays.com\/fr\/wp-content\/uploads\/2025\/11\/toulouse-960x526.png\" alt=\"Du ciel voil\u00e9 et de la fra\u00eecheur \u00e0 Toulouse. \" width=\"960\" height=\"526\"\/><br \/>\n    Du ciel voil\u00e9 et de la fra\u00eecheur \u00e0 Toulouse. (\u00a9Capture d\u2019\u00e9cran m\u00e9t\u00e9o France)<\/p>\n<p class=\" wall-content\">La journ\u00e9e d\u00e9butera fra\u00eechement \u00e0 <strong>Toulouse<\/strong> avec un mercure sous les 5\u00a0\u00b0C. Il fera tout juste<strong> 4\u00a0\u00b0C au petit matin et comptez 10\u00a0\u00b0C au maximum<\/strong> cette apr\u00e8s-midi (en moyenne 6\u00a0\u00b0C le matin et 8\u00a0\u00b0C l\u2019apr\u00e8s-midi)\u2026 sortez les bonnets et les \u00e9charpes.<\/p>\n<p class=\" wall-content\">Niveau temps, le <strong>ciel<\/strong> sera quelque peu <strong>voil\u00e9<\/strong>, notamment dans l\u2019apr\u00e8s-midi.<\/p>\n<p>L\u2019Occitanie se rafra\u00eechit<br \/>\n    <img   decoding=\"async\" loading=\"lazy\" src=\"https:\/\/www.europesays.com\/fr\/wp-content\/uploads\/2025\/11\/occitanie-960x640.png\" alt=\"L'Occitanie aussi au droit \u00e0 des temp\u00e9ratures plus basses en ce mardi. \" width=\"960\" height=\"640\"\/><br \/>\n    L\u2019Occitanie aussi au droit \u00e0 des temp\u00e9ratures plus basses en ce mardi. (\u00a9Capture d\u2019\u00e9cran m\u00e9t\u00e9o France)Vid\u00e9os : en ce moment sur Actu<\/p>\n<p class=\" wall-content\">C\u00f4t\u00e9 r\u00e9gion, la temp\u00e9rature se rafra\u00eechit, elle aussi. Au minimum, il fera<strong> 0\u00a0\u00b0C \u00e0 Font-Romeu et Cahors, 2\u00a0\u00b0C \u00e0 Montauban et Saint-Gaudens, -2\u00a0\u00b0C \u00e0 Rodez<\/strong>. Au maximum, comptez 1<strong>5\u00a0\u00b0C \u00e0 B\u00e9ziers et Perpignan, 10\u00a0\u00b0C \u00e0 Tarbes, Auch, Albi et Castres, et 11\u00a0\u00b0C \u00e0 Carcassonne.<\/strong><\/p>\n<p class=\" wall-content\">Dans la matin\u00e9e, quelques rayons de soleil perceront les nuages, mais cela sera vite oubli\u00e9 dans l\u2019apr\u00e8s-midi avec un ciel voil\u00e9.<\/p>\n<p>Votre r\u00e9gion, votre actu !<\/p>\n<p>Recevez chaque jour les infos qui comptent pour vous.<\/p>\n<p>\t<a href=\"https:\/\/actu.fr\/newsletter\" class=\"ac-btn ac-btn--corner ac-btn--medium ac-btn--blue800\" rel=\"nofollow noopener\" target=\"_blank\">S&rsquo;incrire<\/a><\/p>\n<p class=\" wall-content\">Personnalisez votre actualit\u00e9 en ajoutant vos villes et m\u00e9dias en favori avec <a href=\"https:\/\/moncompte.actu.fr\" title=\"D\u00e9couvez Mon Actu\" rel=\"nofollow noopener\" data-trk=\"{&quot;cta&quot;:{&quot;action&quot;:&quot;https:\\\/\\\/moncompte.actu.fr&quot;,&quot;category&quot;:&quot;mon compte&quot;,&quot;from&quot;:&quot;article footer&quot;,&quot;name&quot;:&quot;Mon actu&quot;,&quot;type&quot;:&quot;cta&quot;}}\" target=\"_blank\">Mon Actu<\/a>.<\/p>\n","protected":false},"excerpt":{"rendered":"Par L\u00e9a Afonso Publi\u00e9 le 18 nov. 2025 \u00e0 5h04 L\u2019hiver semble bien se rapprocher de Toulouse et&hellip;\n","protected":false},"author":2,"featured_media":541709,"comment_status":"","ping_status":"","sticky":false,"template":"","format":"standard","meta":{"footnotes":""},"categories":[2816],"tags":[1111,11,1777,674,1011,27,2487,2357,12,2680,25,2312],"class_list":{"0":"post-541708","1":"post","2":"type-post","3":"status-publish","4":"format-standard","5":"has-post-thumbnail","7":"category-toulouse","8":"tag-actu","9":"tag-actualites","10":"tag-eu","11":"tag-europe","12":"tag-fr","13":"tag-france","14":"tag-meteo","15":"tag-meteo-france","16":"tag-news","17":"tag-occitanie","18":"tag-republique-francaise","19":"tag-toulouse"},"share_on_mastodon":{"url":"https:\/\/pubeurope.com\/@fr\/115568774453071670","error":""},"_links":{"self":[{"href":"https:\/\/www.europesays.com\/fr\/wp-json\/wp\/v2\/posts\/541708","targetHints":{"allow":["GET"]}}],"collection":[{"href":"https:\/\/www.europesays.com\/fr\/wp-json\/wp\/v2\/posts"}],"about":[{"href":"https:\/\/www.europesays.com\/fr\/wp-json\/wp\/v2\/types\/post"}],"author":[{"embeddable":true,"href":"https:\/\/www.europesays.com\/fr\/wp-json\/wp\/v2\/users\/2"}],"replies":[{"embeddable":true,"href":"https:\/\/www.europesays.com\/fr\/wp-json\/wp\/v2\/comments?post=541708"}],"version-history":[{"count":0,"href":"https:\/\/www.europesays.com\/fr\/wp-json\/wp\/v2\/posts\/541708\/revisions"}],"wp:featuredmedia":[{"embeddable":true,"href":"https:\/\/www.europesays.com\/fr\/wp-json\/wp\/v2\/media\/541709"}],"wp:attachment":[{"href":"https:\/\/www.europesays.com\/fr\/wp-json\/wp\/v2\/media?parent=541708"}],"wp:term":[{"taxonomy":"category","embeddable":true,"href":"https:\/\/www.europesays.com\/fr\/wp-json\/wp\/v2\/categories?post=541708"},{"taxonomy":"post_tag","embeddable":true,"href":"https:\/\/www.europesays.com\/fr\/wp-json\/wp\/v2\/tags?post=541708"}],"curies":[{"name":"wp","href":"https:\/\/api.w.org\/{rel}","templated":true}]}}