{"id":541710,"date":"2025-11-18T04:18:12","date_gmt":"2025-11-18T04:18:12","guid":{"rendered":"https:\/\/www.europesays.com\/fr\/541710\/"},"modified":"2025-11-18T04:18:12","modified_gmt":"2025-11-18T04:18:12","slug":"biere-terroir-et-passion-lille-prepare-son-grand-rendez-vous-brassicole","status":"publish","type":"post","link":"https:\/\/www.europesays.com\/fr\/541710\/","title":{"rendered":"Bi\u00e8re, terroir et passion : Lille pr\u00e9pare son grand rendez-vous brassicole"},"content":{"rendered":"<p>Du 17 au 23 novembre 2025, la m\u00e9tropole lilloise vivra au rythme des ar\u00f4mes, des saveurs et de la cr\u00e9ativit\u00e9 brassicole avec la 8\u1d49 \u00e9dition de Bi\u00e8re \u00e0 Lille, un rendez-vous devenu incontournable dans la r\u00e9gion !\n<\/p>\n<p><a href=\"https:\/\/www.bierealille.com\/le-programme\" rel=\"nofollow noopener\" target=\"_blank\">Une cinquantaine d\u2019\u00e9v\u00e9nements<\/a> s\u2019installeront dans une trentaine de lieux embl\u00e9matiques, <a href=\"https:\/\/www.bierealille.com\/grand-final\" rel=\"nofollow noopener\" target=\"_blank\">avant un grand final les 22 et 23 novembre<\/a> \u00e0 la gare Saint-Sauveur, v\u00e9ritable \u00e9picentre festif du week-end.<\/p>\n<p>Une semaine pour (re)d\u00e9couvrir Lille par la bi\u00e8re<\/p>\n<p><a href=\"https:\/\/www.bierealille.com\/\" rel=\"nofollow noopener\" target=\"_blank\">Bars, caves et restaurants lillois<\/a> se transforment en sc\u00e8nes \u00e0 part enti\u00e8re pour accueillir d\u00e9gustations, rencontres, accords mets-bi\u00e8res, \u00ab\u00a0tap take over\u00a0\u00bb, quiz, animations, et m\u00eame une chasse au tr\u00e9sor \u00e0 v\u00e9lo. Des adresses bien connues des amateurs jouent le jeu, comme Beershope, la Capsule, V and B, le Mother ou encore le Britney.<\/p>\n<p>L\u2019objectif : valoriser la richesse du terroir, la diversit\u00e9 des styles et l\u2019exp\u00e9rience conviviale autour de la bi\u00e8re.<\/p>\n<p>Un week-end final avec 70 brasseries et des parcours pour tous les go\u00fbts<\/p>\n<p>Pour conclure en beaut\u00e9, <a href=\"https:\/\/www.bierealille.com\/balmusette\" rel=\"nofollow noopener\" target=\"_blank\">70 brasseries seront r\u00e9unies \u00e0 Saint-Sauveur<\/a>, repr\u00e9sentant un tiers de brasseries des Hauts-de-France, un tiers venues d\u2019ailleurs en France, et un tiers d\u2019internationales.<br \/>Les visiteurs pourront explorer diff\u00e9rents parcours th\u00e9matiques, pens\u00e9s pour tous les palais : bi\u00e8res houblonn\u00e9es, acides, barriqu\u00e9es, ou encore une s\u00e9lection sp\u00e9cialement con\u00e7ue pour celles et ceux qui pensent\u2026 ne pas aimer la bi\u00e8re !<\/p>\n<p>Une \u00e9dition r\u00e9solument internationale<\/p>\n<p>Cette ann\u00e9e, le festival prend encore une dimension mondiale. L\u2019Espagne sera mise \u00e0 l\u2019honneur avec six brasseries invit\u00e9es, mais d\u2019autres pays feront aussi le d\u00e9placement : l\u2019Angleterre, l\u2019\u00c9cosse, le Canada ou encore la Belgique, dont un \u00eelot brassicole bruxellois animera Saint-Sauveur.<br \/>Certaines brasseries feront m\u00eame leur premi\u00e8re apparition en France, renfor\u00e7ant ainsi l\u2019attractivit\u00e9 et le positionnement europ\u00e9en et ouvert de l\u2019\u00e9v\u00e9nement.<\/p>\n<p>Bien plus que de la d\u00e9gustation : un programme riche, gourmand et cr\u00e9atif<\/p>\n<p>Le festival donnera aussi la parole \u00e0 des chefs et experts culinaires, avec d\u00e9monstrations, food-trucks, et un brunch dominical en trois services concoct\u00e9 par six chefs r\u00e9gionaux.<br \/>Animations familiales, DJ sets, tattoos, personnalisation textile avec le street-artiste Mos\u2019Art, karaok\u00e9 live du collectif ARDN, et interventions d\u2019une zythologue seront \u00e9galement au programme.<\/p>\n<p>Un \u00e9v\u00e9nement qui valorise savoir-faire, convivialit\u00e9 et attractivit\u00e9 r\u00e9gionale<\/p>\n<p>Entre patrimoine brassicole, innovation cr\u00e9ative, rencontres humaines et culture festive, Bi\u00e8re \u00e0 Lille s\u2019impose comme un rendez-vous majeur de la saison automnale en Hauts-de-France.<\/p>\n<p>\u00c0 la fois convivial, curieux, \u00e9ducatif et ludique, il refl\u00e8te l\u2019\u00e9nergie d\u2019un territoire o\u00f9 la bi\u00e8re fait partie d\u2019un art de vivre, mais \u00e9galement d\u2019un secteur dynamique et reconnu.<\/p>\n<p><strong>Le festival invite \u00e0 la d\u00e9couverte, au partage et \u00e0 la d\u00e9gustation responsable. L\u2019abus d\u2019alcool est dangereux pour la sant\u00e9 ; nous encourageons chacun \u00e0 profiter de l\u2019\u00e9v\u00e9nement avec mod\u00e9ration.<\/strong><\/p>\n","protected":false},"excerpt":{"rendered":"Du 17 au 23 novembre 2025, la m\u00e9tropole lilloise vivra au rythme des ar\u00f4mes, des saveurs et de&hellip;\n","protected":false},"author":2,"featured_media":541711,"comment_status":"","ping_status":"","sticky":false,"template":"","format":"standard","meta":{"footnotes":""},"categories":[2815],"tags":[1111,11,251,1777,674,1011,27,811,1307,12,2551,25,16812],"class_list":{"0":"post-541710","1":"post","2":"type-post","3":"status-publish","4":"format-standard","5":"has-post-thumbnail","7":"category-lille","8":"tag-actu","9":"tag-actualites","10":"tag-culture","11":"tag-eu","12":"tag-europe","13":"tag-fr","14":"tag-france","15":"tag-hauts-de-france","16":"tag-lille","17":"tag-news","18":"tag-patrimoine","19":"tag-republique-francaise","20":"tag-terroir"},"share_on_mastodon":{"url":"https:\/\/pubeurope.com\/@fr\/115568778221531191","error":""},"_links":{"self":[{"href":"https:\/\/www.europesays.com\/fr\/wp-json\/wp\/v2\/posts\/541710","targetHints":{"allow":["GET"]}}],"collection":[{"href":"https:\/\/www.europesays.com\/fr\/wp-json\/wp\/v2\/posts"}],"about":[{"href":"https:\/\/www.europesays.com\/fr\/wp-json\/wp\/v2\/types\/post"}],"author":[{"embeddable":true,"href":"https:\/\/www.europesays.com\/fr\/wp-json\/wp\/v2\/users\/2"}],"replies":[{"embeddable":true,"href":"https:\/\/www.europesays.com\/fr\/wp-json\/wp\/v2\/comments?post=541710"}],"version-history":[{"count":0,"href":"https:\/\/www.europesays.com\/fr\/wp-json\/wp\/v2\/posts\/541710\/revisions"}],"wp:featuredmedia":[{"embeddable":true,"href":"https:\/\/www.europesays.com\/fr\/wp-json\/wp\/v2\/media\/541711"}],"wp:attachment":[{"href":"https:\/\/www.europesays.com\/fr\/wp-json\/wp\/v2\/media?parent=541710"}],"wp:term":[{"taxonomy":"category","embeddable":true,"href":"https:\/\/www.europesays.com\/fr\/wp-json\/wp\/v2\/categories?post=541710"},{"taxonomy":"post_tag","embeddable":true,"href":"https:\/\/www.europesays.com\/fr\/wp-json\/wp\/v2\/tags?post=541710"}],"curies":[{"name":"wp","href":"https:\/\/api.w.org\/{rel}","templated":true}]}}