{"id":541712,"date":"2025-11-18T04:19:25","date_gmt":"2025-11-18T04:19:25","guid":{"rendered":"https:\/\/www.europesays.com\/fr\/541712\/"},"modified":"2025-11-18T04:19:25","modified_gmt":"2025-11-18T04:19:25","slug":"un-marathon-international-sera-organise-a-lille-en-2026","status":"publish","type":"post","link":"https:\/\/www.europesays.com\/fr\/541712\/","title":{"rendered":"un marathon international sera organis\u00e9 \u00e0 Lille en 2026"},"content":{"rendered":"<p class=\"article__intro\">Avis aux sportifs des Hauts-de-France et d&rsquo;ailleurs, en 2026 le semi-marathon de Lille et le 10km seront accompagn\u00e9s d&rsquo;un marathon ! Un \u00e9v\u00e8nement qui reviendra le 25 octobre prochain, apr\u00e8s avoir disparu de la capitale des Flandres pendant 31 ans.<\/p>\n<p>\n      L\u2019actu des r\u00e9gions\n    <\/p>\n<p>\n      Chaque jour, un tour d\u2019horizon des principales infos de toutes les r\u00e9gions.\n    <\/p>\n<p>    France T\u00e9l\u00e9visions utilise votre adresse e-mail afin de vous envoyer la newsletter \u00ab\u00a0L\u2019actu des r\u00e9gions\u00a0\u00bb. Vous pouvez vous d\u00e9sinscrire \u00e0 tout moment via le lien en bas de cette newsletter. <a target=\"_blank\" href=\"https:\/\/www.francetelevisions.fr\/groupe\/confidentialite\/politique-de-confidentialite\/politique-de-confidentialite-de-france-televisions-6503\" rel=\"nofollow noopener\">Notre politique de confidentialit\u00e9<\/a><\/p>\n<p>\u00ab\u00a0Je suis particuli\u00e8rement heureux de pouvoir vous annoncer le retour d\u2019un marathon \u00e0 Lille en 2026 apr\u00e8s 31 ans d\u2019absence !\u00a0\u00bb Dans une publication post\u00e9e sur Instagram, le maire de Lille Arnaud Deslandes (PS), officialise un \u00e9v\u00e8nement auquel les habitants ne croyaient plus.<\/p>\n<p>Le dernier marathon de Lille s&rsquo;\u00e9tait d\u00e9roul\u00e9 en 1995. Pour des raisons logistiques et budg\u00e9taires, la course de 42km qui \u00e9tait organis\u00e9e dans la capitale des Flandres depuis 1986 n&rsquo;avait pas \u00e9t\u00e9 renouvel\u00e9e l&rsquo;ann\u00e9e suivante. Ce dimanche 16 novembre 2025, l&rsquo;annonce d&rsquo;Arnaud Deslandes a donc d\u00e9terr\u00e9 cette course mythique, qui aura lieu <a href=\"https:\/\/www.lille.fr\/Actualites\/Le-marathon-de-Lille-est-de-retour\" target=\"_blank\" rel=\"noopener noreferrer nofollow\" data-tooltip-url=\"https:\/\/www.lille.fr\/Actualites\/Le-marathon-de-Lille-est-de-retour\">le 25 octobre 2026<\/a>, pour le plus grand bonheur des joggers lillois et internationaux.<\/p>\n<p>M\u00eame si les 42,195 kilom\u00e8tres d&rsquo;effort voleront la vedette aux autres courses, l&#8217;embl\u00e9matique semi-marathon de Lille et le 10km se d\u00e9rouleront \u00e9galement le 25 octobre prochain.<\/p>\n<p><strong>\u25ba \u00c0 LIRE AUSSI<\/strong> : <a href=\"http:\/\/france3-regions.franceinfo.fr\/hauts-de-france\/nord-0\/lille\/c-est-une-veritable-exposition-record-de-participants-au-semi-marathon-de-lille-quand-la-course-a-pied-devient-un-vrai-phenomene-3123190.html?utm_term=Autofeed&amp;utm_medium=Social&amp;utm_source=Facebook#Echobox=1742134721\" target=\"_blank\" rel=\"noopener noreferrer nofollow\" data-tooltip-url=\"\/hauts-de-france\/nord-0\/lille\/c-est-une-veritable-exposition-record-de-participants-au-semi-marathon-de-lille-quand-la-course-a-pied-devient-un-vrai-phenomene-3123190.html?utm_term=Autofeed&amp;utm_medium=Social&amp;utm_source=Facebook#Echobox=1742134721\">\u00ab\u00a0C&rsquo;est une v\u00e9ritable exposition\u00a0\u00bb : record de participants au semi-marathon de Lille, quand la course \u00e0 pied devient un vrai ph\u00e9nom\u00e8ne<\/a><\/p>\n<p>Pour l&rsquo;instant peu de d\u00e9tails ont \u00e9t\u00e9 transmis par la Ligue des Hauts-de-France d&rsquo;athl\u00e9tisme, organisatrice du futur marathon. Le trac\u00e9 n&rsquo;est pas encore connu, mais les collectivit\u00e9s territoriales, qui soutiennent la cr\u00e9ation de l&rsquo;\u00e9v\u00e8nement, s&rsquo;attendent \u00e0 un engouement populaire&#8230; Peut-\u00eatre encore jamais vu. \u00ab\u00a0Pl\u00e9biscit\u00e9es pour ses parcours peu vallonn\u00e9s et donc propices aux performances (&#8230;), les courses lilloises attirent des athl\u00e8tes de toute la plan\u00e8te\u00a0\u00bb, \u00e9crit la Ville de Lille ce lundi.<\/p>\n<p>En 2025, 18 000 coureurs avaient particip\u00e9 au semi-marathon de Lille, enregistrant un nouveau record de participation. Plus r\u00e9cemment, l&rsquo;Urban trail de Lille a aussi enregistr\u00e9 <a href=\"https:\/\/france3-regions.franceinfo.fr\/hauts-de-france\/nord-0\/lille\/en-images-record-de-frequentation-et-bonne-ambiance-revivez-l-urban-trail-de-lille-2025-3250234.html\" target=\"_blank\" rel=\"noopener noreferrer nofollow\" data-tooltip-url=\"https:\/\/france3-regions.franceinfo.fr\/hauts-de-france\/nord-0\/lille\/en-images-record-de-frequentation-et-bonne-ambiance-revivez-l-urban-trail-de-lille-2025-3250234.html\">un nouveau record de fr\u00e9quentation<\/a> pour sa septi\u00e8me \u00e9dition et, selon la Ligue des Hauts-de-France, tous les dossards avaient \u00e9t\u00e9 attribu\u00e9s en moins d&rsquo;une heure. <\/p>\n<p>Un tel emballement est \u00e9videmment esp\u00e9r\u00e9 pour le marathon, dont les inscriptions ouvriront le 1er d\u00e9cembre 2025 \u00e0 20 heures. Le nombre de dossards disponibles et les tarifs n&rsquo;ont pas encore \u00e9t\u00e9 communiqu\u00e9s, mais les organisateurs esp\u00e8rent faire du marathon de Lille l&rsquo;un des marathons les moins chers du monde.<\/p>\n<p>                    Marathons<\/p>\n<p>\n                            \u00c0 partir du 14 septembre 2025\n                    <\/p>\n<p>D\u00e9couvrez le calendrier des Marathons 2025-2026 en France et pr\u00e9parez-vous pour des courses embl\u00e9matiques \u00e0 Paris, Toulouse, La Rochelle, Lyon, le lac d&rsquo;Annecy, Deauville et la route du M\u00e9doc, avec des parcours de route exceptionnels et une ambiance de running inoubliable.<\/p>\n<p>                voir plus<\/p>\n<p>\t\t\t\t\t\t\t\t\t\t\t\t\t\t\t\t\t\t\t\t\t\t\t\t\t<a class=\"btn btn--primary btn--large event_redirect btn--on-white\" href=\"https:\/\/france3-regions.franceinfo.fr\/sport\/course-pied\/marathons\" aria-label=\"Marathons. Voir la page de l\u2019\u00e9v\u00e9nement\" rel=\"nofollow noopener\" target=\"_blank\"><\/p>\n<p>              Voir la page de l\u2019\u00e9v\u00e9nement<\/p>\n<p>\t<\/a><\/p>\n","protected":false},"excerpt":{"rendered":"Avis aux sportifs des Hauts-de-France et d&rsquo;ailleurs, en 2026 le semi-marathon de Lille et le 10km seront accompagn\u00e9s&hellip;\n","protected":false},"author":2,"featured_media":541713,"comment_status":"","ping_status":"","sticky":false,"template":"","format":"standard","meta":{"footnotes":""},"categories":[2815],"tags":[1111,11,1777,674,1011,27,811,1307,12,25],"class_list":{"0":"post-541712","1":"post","2":"type-post","3":"status-publish","4":"format-standard","5":"has-post-thumbnail","7":"category-lille","8":"tag-actu","9":"tag-actualites","10":"tag-eu","11":"tag-europe","12":"tag-fr","13":"tag-france","14":"tag-hauts-de-france","15":"tag-lille","16":"tag-news","17":"tag-republique-francaise"},"share_on_mastodon":{"url":"https:\/\/pubeurope.com\/@fr\/115568781865274726","error":""},"_links":{"self":[{"href":"https:\/\/www.europesays.com\/fr\/wp-json\/wp\/v2\/posts\/541712","targetHints":{"allow":["GET"]}}],"collection":[{"href":"https:\/\/www.europesays.com\/fr\/wp-json\/wp\/v2\/posts"}],"about":[{"href":"https:\/\/www.europesays.com\/fr\/wp-json\/wp\/v2\/types\/post"}],"author":[{"embeddable":true,"href":"https:\/\/www.europesays.com\/fr\/wp-json\/wp\/v2\/users\/2"}],"replies":[{"embeddable":true,"href":"https:\/\/www.europesays.com\/fr\/wp-json\/wp\/v2\/comments?post=541712"}],"version-history":[{"count":0,"href":"https:\/\/www.europesays.com\/fr\/wp-json\/wp\/v2\/posts\/541712\/revisions"}],"wp:featuredmedia":[{"embeddable":true,"href":"https:\/\/www.europesays.com\/fr\/wp-json\/wp\/v2\/media\/541713"}],"wp:attachment":[{"href":"https:\/\/www.europesays.com\/fr\/wp-json\/wp\/v2\/media?parent=541712"}],"wp:term":[{"taxonomy":"category","embeddable":true,"href":"https:\/\/www.europesays.com\/fr\/wp-json\/wp\/v2\/categories?post=541712"},{"taxonomy":"post_tag","embeddable":true,"href":"https:\/\/www.europesays.com\/fr\/wp-json\/wp\/v2\/tags?post=541712"}],"curies":[{"name":"wp","href":"https:\/\/api.w.org\/{rel}","templated":true}]}}