{"id":541714,"date":"2025-11-18T04:20:20","date_gmt":"2025-11-18T04:20:20","guid":{"rendered":"https:\/\/www.europesays.com\/fr\/541714\/"},"modified":"2025-11-18T04:20:20","modified_gmt":"2025-11-18T04:20:20","slug":"les-locataires-de-la-residence-delabree-le-campus-1-au-merlan-dans-limpasse","status":"publish","type":"post","link":"https:\/\/www.europesays.com\/fr\/541714\/","title":{"rendered":"les locataires de la r\u00e9sidence d\u00e9labr\u00e9e le Campus 1 au Merlan, dans l&rsquo;impasse"},"content":{"rendered":"<p><a href=\"https:\/\/www.laprovence.com\/article\/faits-divers-justice\/1393628068035514\/info-la-provence-30-personnes-evacuees-apres-un-incendie-dans-la-residence-le-campus-a-marseille\" target=\"_blank\" rel=\"noopener\">Le Campus 1<\/a>, et ses trois b\u00e2timents plac\u00e9s au 5, avenue du <a href=\"https:\/\/www.laprovence.com\/article\/region\/2730619860470214\/quartiers-de-marseille-le-merlan-par-ceux-qui-y-vivent-et-y-travaillent\" target=\"_blank\" rel=\"noopener\">Merlan<\/a> (14e), n\u2019a plus rien \u00e0 voir avec une r\u00e9sidence pour accueillir les \u00e9tudiants des facs alentour. Les 276 logements, construits en\u00a01997, sont dans un \u00e9tat pitoyable, tout comme les parties communes et les abords de la r\u00e9sidence. Tous les balcons, ou presque, sont recouverts de grands draps, de b\u00e2ches en plastique, de cartons ou de morceaux de bois pour se cacher du vis-\u00e0-vis.<\/p>\n<p>Les curieux ne sont pas les bienvenus aux alentours et observer la r\u00e9sidence depuis le trottoir d\u2019en face pendant quelques minutes suffit \u00e0 s\u2019attirer les foudres de groupes d\u2019hommes qui semblent surveiller les entr\u00e9es et sorties du <a href=\"https:\/\/www.laprovence.com\/article\/faits-divers-justice\/5817124\/les-marchands-de-sommeil-avaient-joue-aux-pyromanes.html\" target=\"_blank\" rel=\"noopener\">Campus 1<\/a> depuis qu\u2019un nouveau portail a \u00e9t\u00e9 install\u00e9 pour \u00e9viter les all\u00e9es et venues.<\/p>\n<p>Apr\u00e8s de multiples alertes aux bailleurs, les interventions de la police et de la pr\u00e9fecture, la r\u00e9sidence a fini par \u00eatre plac\u00e9e sous le coup d\u2019un arr\u00eat\u00e9 de mise en s\u00e9curit\u00e9, fin ao\u00fbt\u00a02025 par la Ville de Marseille.<\/p>\n<p>Trois rapports techniques accablants<\/p>\n<p><a href=\"https:\/\/www.laprovence.com\/article\/edition-marseille\/5752399\/ravier-sur-le-terrain-de-lautre-habitat-indigne.html\" target=\"_blank\" rel=\"noopener\">Depuis\u00a02019, les propri\u00e9taires de la r\u00e9sidence et leurs locataires ont souffert des nombreux squats dans les appartements<\/a> qui ont g\u00e9n\u00e9r\u00e9 intimidations et violences ou encore prostitution, &#8230;<\/p>\n","protected":false},"excerpt":{"rendered":"Le Campus 1, et ses trois b\u00e2timents plac\u00e9s au 5, avenue du Merlan (14e), n\u2019a plus rien \u00e0&hellip;\n","protected":false},"author":2,"featured_media":541715,"comment_status":"","ping_status":"","sticky":false,"template":"","format":"standard","meta":{"footnotes":""},"categories":[2814],"tags":[17,1111,11,13701,65987,1777,674,1011,27,151,11296,884,33860,12,882,16,25,11293],"class_list":{"0":"post-541714","1":"post","2":"type-post","3":"status-publish","4":"format-standard","5":"has-post-thumbnail","7":"category-marseille","8":"tag-17","9":"tag-actu","10":"tag-actualites","11":"tag-campus","12":"tag-delabree","13":"tag-eu","14":"tag-europe","15":"tag-fr","16":"tag-france","17":"tag-les","18":"tag-locataires","19":"tag-marseille","20":"tag-merlan","21":"tag-news","22":"tag-provence-alpes-cote-dazur","23":"tag-region","24":"tag-republique-francaise","25":"tag-residence"},"share_on_mastodon":{"url":"https:\/\/pubeurope.com\/@fr\/115568785721312867","error":""},"_links":{"self":[{"href":"https:\/\/www.europesays.com\/fr\/wp-json\/wp\/v2\/posts\/541714","targetHints":{"allow":["GET"]}}],"collection":[{"href":"https:\/\/www.europesays.com\/fr\/wp-json\/wp\/v2\/posts"}],"about":[{"href":"https:\/\/www.europesays.com\/fr\/wp-json\/wp\/v2\/types\/post"}],"author":[{"embeddable":true,"href":"https:\/\/www.europesays.com\/fr\/wp-json\/wp\/v2\/users\/2"}],"replies":[{"embeddable":true,"href":"https:\/\/www.europesays.com\/fr\/wp-json\/wp\/v2\/comments?post=541714"}],"version-history":[{"count":0,"href":"https:\/\/www.europesays.com\/fr\/wp-json\/wp\/v2\/posts\/541714\/revisions"}],"wp:featuredmedia":[{"embeddable":true,"href":"https:\/\/www.europesays.com\/fr\/wp-json\/wp\/v2\/media\/541715"}],"wp:attachment":[{"href":"https:\/\/www.europesays.com\/fr\/wp-json\/wp\/v2\/media?parent=541714"}],"wp:term":[{"taxonomy":"category","embeddable":true,"href":"https:\/\/www.europesays.com\/fr\/wp-json\/wp\/v2\/categories?post=541714"},{"taxonomy":"post_tag","embeddable":true,"href":"https:\/\/www.europesays.com\/fr\/wp-json\/wp\/v2\/tags?post=541714"}],"curies":[{"name":"wp","href":"https:\/\/api.w.org\/{rel}","templated":true}]}}