{"id":541716,"date":"2025-11-18T04:21:11","date_gmt":"2025-11-18T04:21:11","guid":{"rendered":"https:\/\/www.europesays.com\/fr\/541716\/"},"modified":"2025-11-18T04:21:11","modified_gmt":"2025-11-18T04:21:11","slug":"franck-allisio-candidat-rn-demande-a-emmanuel-macron-de-decreter-letat-durgence-a-marseille","status":"publish","type":"post","link":"https:\/\/www.europesays.com\/fr\/541716\/","title":{"rendered":"Franck Allisio, candidat RN, demande \u00e0 Emmanuel Macron de d\u00e9cr\u00e9ter \u00ab\u00a0l&rsquo;\u00e9tat d&rsquo;urgence\u00a0\u00bb \u00e0 Marseille"},"content":{"rendered":"<p>Apr\u00e8s l&rsquo;assassinat du jeune Mehdi Kessaci \u00e0 Marseille, fr\u00e8re du militant \u00e9cologique, et alors que le pr\u00e9sident convoque une r\u00e9union \u00e0 l&rsquo;Elys\u00e9e sur le narcotrafic, le candidat RN \u00e0 la ville de Marseille Franck Allisio demande \u00e0 Emmanuel Macron de d\u00e9cr\u00e9ter \u00ab\u00a0l&rsquo;\u00e9tat d&rsquo;urgence\u00a0\u00bb \u00e0 Marseille. <\/p>\n<p>Les obs\u00e8ques du jeune Mehdi Kessaci ont lieu ce mardi 18 novembre \u00e0 Marseille. Quatre jours apr\u00e8s\u00a0<a class=\"IciLink ici-link IciArticleLink g-ici-body-regular-1 underline brand svelte-lu7k6w\" href=\"https:\/\/www.francebleu.fr\/infos\/faits-divers-justice\/assassinat-de-mehdi-kessaci-a-marseille-le-crime-d-avertissement-est-la-piste-privilegiee-confirme-le-procureur-1336581\" target=\"_blank\" rel=\"noopener\">l&rsquo;assassinat sanglant du jeune fr\u00e8re d&rsquo; Amine Kessaci,<\/a>\u00a0militant \u00e9cologique engag\u00e9 contre le narcotrafic. Apr\u00e8s la mort du jeune homme de 20 ans qui n&rsquo;avait rien \u00e0 voir avec le trafic de drogue, Emmanuel Macron d\u00e9cide de convoquer\u00a0<a class=\"IciLink ici-link IciArticleLink g-ici-body-regular-1 underline brand svelte-lu7k6w\" href=\"https:\/\/www.francebleu.fr\/infos\/faits-divers-justice\/emmanuel-macron-organise-mardi-une-reunion-a-l-elysee-sur-le-narcotrafic-8574358\" target=\"_blank\" rel=\"noopener\">une r\u00e9union au sommet\u00a0consacr\u00e9e \u00e0 la lutte contre le narcotrafic<\/a>. Plusieurs ministres seront pr\u00e9sents mais le procureur de Marseille et la future cheffe du parquet nationale anticriminalit\u00e9 organis\u00e9e.<\/p>\n<p>De son c\u00f4t\u00e9 \u00e0 Marseille, le candidat Rassemblement National, Franck Allisio demande au Pr\u00e9sident de la R\u00e9publique de d\u00e9cr\u00e9ter <strong>\u00ab\u00a0l&rsquo;\u00e9tat d&rsquo;urgence\u00a0\u00bb \u00e0 Marseille<\/strong>. Sur son compte X, Franck Allisio explique\u00a0: \u00ab\u00a0\u00c0 Marseille, la violence et la mort se sont banalis\u00e9es au fil des ann\u00e9es. Nous avons atteint un point de rupture la semaine derni\u00e8re, avec un probable meurtre d&rsquo;intimidation. Je demande au pr\u00e9sident de la R\u00e9publique de d\u00e9cr\u00e9ter l\u2019\u00e9tat d\u2019urgence \u00e0 Marseille.\u00a0\u00bb<\/p>\n<p>Apr\u00e8s la mort de Mehdi Kessaci, le procureur Nicolas Bessone n&rsquo;a pas exclu un <strong>assassinat d&rsquo;avertissement<\/strong>. D&rsquo;apr\u00e8s France Info, le chef de l&rsquo;Etat a lui-m\u00eame appel\u00e9 au t\u00e9l\u00e9phone le militant \u00e9cologiste, dont un autre fr\u00e8re, Brahim, avait aussi \u00e9t\u00e9 tu\u00e9 en 2020.<br \/>La famille souhaite que les obs\u00e8ques de Mehdi Kessaci se d\u00e9roulent sans la pr\u00e9sence de la presse et indique qu&rsquo;une marche blanche se tiendra le week-end prochain.<\/p>\n","protected":false},"excerpt":{"rendered":"Apr\u00e8s l&rsquo;assassinat du jeune Mehdi Kessaci \u00e0 Marseille, fr\u00e8re du militant \u00e9cologique, et alors que le pr\u00e9sident convoque&hellip;\n","protected":false},"author":2,"featured_media":541717,"comment_status":"","ping_status":"","sticky":false,"template":"","format":"standard","meta":{"footnotes":""},"categories":[2814],"tags":[1111,11,1777,674,1011,27,884,12,882,25],"class_list":{"0":"post-541716","1":"post","2":"type-post","3":"status-publish","4":"format-standard","5":"has-post-thumbnail","7":"category-marseille","8":"tag-actu","9":"tag-actualites","10":"tag-eu","11":"tag-europe","12":"tag-fr","13":"tag-france","14":"tag-marseille","15":"tag-news","16":"tag-provence-alpes-cote-dazur","17":"tag-republique-francaise"},"share_on_mastodon":{"url":"https:\/\/pubeurope.com\/@fr\/115568789733835749","error":""},"_links":{"self":[{"href":"https:\/\/www.europesays.com\/fr\/wp-json\/wp\/v2\/posts\/541716","targetHints":{"allow":["GET"]}}],"collection":[{"href":"https:\/\/www.europesays.com\/fr\/wp-json\/wp\/v2\/posts"}],"about":[{"href":"https:\/\/www.europesays.com\/fr\/wp-json\/wp\/v2\/types\/post"}],"author":[{"embeddable":true,"href":"https:\/\/www.europesays.com\/fr\/wp-json\/wp\/v2\/users\/2"}],"replies":[{"embeddable":true,"href":"https:\/\/www.europesays.com\/fr\/wp-json\/wp\/v2\/comments?post=541716"}],"version-history":[{"count":0,"href":"https:\/\/www.europesays.com\/fr\/wp-json\/wp\/v2\/posts\/541716\/revisions"}],"wp:featuredmedia":[{"embeddable":true,"href":"https:\/\/www.europesays.com\/fr\/wp-json\/wp\/v2\/media\/541717"}],"wp:attachment":[{"href":"https:\/\/www.europesays.com\/fr\/wp-json\/wp\/v2\/media?parent=541716"}],"wp:term":[{"taxonomy":"category","embeddable":true,"href":"https:\/\/www.europesays.com\/fr\/wp-json\/wp\/v2\/categories?post=541716"},{"taxonomy":"post_tag","embeddable":true,"href":"https:\/\/www.europesays.com\/fr\/wp-json\/wp\/v2\/tags?post=541716"}],"curies":[{"name":"wp","href":"https:\/\/api.w.org\/{rel}","templated":true}]}}