{"id":541718,"date":"2025-11-18T04:22:14","date_gmt":"2025-11-18T04:22:14","guid":{"rendered":"https:\/\/www.europesays.com\/fr\/541718\/"},"modified":"2025-11-18T04:22:14","modified_gmt":"2025-11-18T04:22:14","slug":"accuse-par-holnest-de-diffamation-rue89lyon-devant-la-justice","status":"publish","type":"post","link":"https:\/\/www.europesays.com\/fr\/541718\/","title":{"rendered":"Accus\u00e9 par Holnest de diffamation, Rue89Lyon devant la justice"},"content":{"rendered":"<p>Le groupe Holnest avait port\u00e9 plainte apr\u00e8s la publication en octobre 2023 d'\u00a0\u00bbinformations calomnieuses\u00a0\u00bb sur un investissement fait par le groupe familial aux Etats-Unis.<\/p>\n<p>L&rsquo;enqu\u00eate intitul\u00e9e \u00ab\u00a0La famille Aulas s&rsquo;envole en jet priv\u00e9 vers des paradis fiscaux\u00a0\u00bb \u00e9tait centr\u00e9e sur la soci\u00e9t\u00e9 am\u00e9ricaine \u00ab\u00a0Embassair\u00a0\u00bb, sp\u00e9cialis\u00e9e dans l&rsquo;accueil de jets priv\u00e9s de luxe, que M. Aulas s&rsquo;\u00e9tait f\u00e9licit\u00e9 d&rsquo;avoir cofond\u00e9e dans son autobiographie publi\u00e9e en mars 2023.<\/p>\n<p>Rue89Lyon \u00e9voque \u00ab\u00a0un march\u00e9 fructueux et climaticide\u00a0\u00bb et des \u00ab\u00a0soci\u00e9t\u00e9s offshore imbriqu\u00e9es fa\u00e7on poup\u00e9es russes\u00a0\u00bb administr\u00e9es par un cabinet luxembourgeois, en pr\u00e9cisant avoir utilis\u00e9 la base de donn\u00e9es \u00ab\u00a0Open Lux\u00a0\u00bb compil\u00e9e par un consortium de m\u00e9dias internationaux \u00e0 partir de datas publiques disponibles au Luxembourg.<\/p>\n<p>\u00ab\u00a0On est confiant des informations expos\u00e9es dans les articles\u00a0\u00bb, a d\u00e9clar\u00e9 \u00e0 l&rsquo;AFP le directeur de publication de Rue89Lyon Pierre Lemerle. \u00ab\u00a0On nous impose une proc\u00e9dure longue, co\u00fbteuse en \u00e9nergie, en temps, et en frais aussi\u00a0\u00bb, a-t-il ajout\u00e9, \u00e9voquant une \u00ab\u00a0proc\u00e9dure-b\u00e2illon\u00a0\u00bb.<\/p>\n<p>Dans un communiqu\u00e9, Rue89Lyon s&rsquo;interroge sur \u00ab\u00a0les moyens mis dans la proc\u00e9dure choisie par ce grand chef d&rsquo;entreprise, face \u00e0 un m\u00e9dia ind\u00e9pendant compos\u00e9 de trois journalistes soci\u00e9taires\u00a0\u00bb.<\/p>\n<p>M. Lemerle regrette par ailleurs qu&rsquo;avant la publication de l&rsquo;article \u00e0 l&rsquo;automne 2023, les protagonistes cit\u00e9s &#8211; l&rsquo;enqu\u00eate porte sur Holnest, Embassair, Jean-Michel Aulas et son fils, ainsi que d&rsquo;autres associ\u00e9s &#8211; n&rsquo;avaient pas souhait\u00e9 r\u00e9pondre aux questions.<\/p>\n<p>\u00ab\u00a0On leur a laiss\u00e9 un temps de r\u00e9ponse tr\u00e8s long et ils ne sont jamais revenus vers nous\u00a0\u00bb, explique-t-il.<\/p>\n<p>Samedi, le site d&rsquo;information a publi\u00e9 plusieurs documents pour appuyer ses affirmations, ainsi que des r\u00e9ponses de l&rsquo;\u00e9quipe de l&rsquo;ancien pr\u00e9sident de l&rsquo;OL.<\/p>\n<p>Ce dernier affirme aupr\u00e8s du site que \u00ab\u00a0ni Jean-Michel Aulas, ni la soci\u00e9t\u00e9 Holnest n&rsquo;ont jamais investi dans, ni \u00e0 travers, des soci\u00e9t\u00e9s situ\u00e9es dans des juridictions qualifi\u00e9es de paradis fiscaux\u00a0\u00bb.<\/p>\n<p><img alt=\"Jean-Michel Aulas tient son premier meeting \u00e0 Lyon, o\u00f9 il est candidat aux municipales, le 26 septembre 2025\" loading=\"lazy\" decoding=\"async\" data-nimg=\"fill\" class=\" TwicCore_img__i9TC1 undefined  undefined\" style=\"position:absolute;height:100%;width:100%;left:0;top:0;right:0;bottom:0;color:transparent;background-size:cover;background-position:50% 50%;background-repeat:no-repeat;background-image:url(&quot;data:image\/svg+xml;charset=utf-8,%3Csvg xmlns='http:\/\/www.w3.org\/2000\/svg' %3E%3Cfilter id='b' color-interpolation-filters='sRGB'%3E%3CfeGaussianBlur stdDeviation='20'\/%3E%3CfeColorMatrix values='1 0 0 0 0 0 1 0 0 0 0 0 1 0 0 0 0 0 100 -1' result='s'\/%3E%3CfeFlood x='0' y='0' width='100%25' height='100%25'\/%3E%3CfeComposite operator='out' in='s'\/%3E%3CfeComposite in2='SourceGraphic'\/%3E%3CfeGaussianBlur stdDeviation='20'\/%3E%3C\/filter%3E%3Cimage width='100%25' height='100%25' x='0' y='0' preserveAspectRatio='none' style='filter: url(%23b);' href='https:\/\/pictures.laprovence.com\/cdn-cgi\/image\/blur=250\/media\/afp\/27e61a04e008589aedec55cbc0faacc783e8ea8f.jpg'\/%3E%3C\/svg%3E&quot;)\"   src=\"https:\/\/www.europesays.com\/fr\/wp-content\/uploads\/2025\/11\/27e61a04e008589aedec55cbc0faacc783e8ea8f.jpg\"\/>Jean-Michel Aulas tient son premier meeting \u00e0 Lyon, o\u00f9 il est candidat aux municipales, le 26 septembre 2025 PHOTO AFP \/ OLIVIER CHASSIGNOLE<\/p>\n<p>Dans l&rsquo;article d&rsquo;octobre 2023, il est fait notamment r\u00e9f\u00e9rence au fait que la soci\u00e9t\u00e9-m\u00e8re d&rsquo;Embassair est bas\u00e9e dans le Delaware. Domicile l\u00e9gal de milliers de grandes entreprises, cet Etat am\u00e9ricain est connu pour sa fiscalit\u00e9 avantageuse.<\/p>\n<p>L&rsquo;audience de mardi tombe alors que Jean-Michel Aulas vient de se lancer dans la campagne des \u00e9lections municipales pour \u00eatre maire de Lyon.<\/p>\n<p>\u00ab\u00a0Quand on publie l&rsquo;enqu\u00eate, Jean-Michel Aulas est un jeune retrait\u00e9. On \u00e9tait \u00e0 mille lieues de s&rsquo;imaginer qu&rsquo;il allait \u00eatre candidat\u00a0\u00bb, observe Pierre Lemerle.<\/p>\n<p>Rue89Lyon a re\u00e7u lundi le soutien du Syndicat national des journalistes (SNJ) qui d\u00e9plore \u00ab\u00a0une \u00e9ni\u00e8me proc\u00e9dure-b\u00e2illon en France, qui vise \u00e0 museler les journalistes et nuit au pluralisme de l&rsquo;information\u00a0\u00bb.<\/p>\n","protected":false},"excerpt":{"rendered":"Le groupe Holnest avait port\u00e9 plainte apr\u00e8s la publication en octobre 2023 d&rsquo;\u00a0\u00bbinformations calomnieuses\u00a0\u00bb sur un investissement fait&hellip;\n","protected":false},"author":2,"featured_media":541719,"comment_status":"","ping_status":"","sticky":false,"template":"","format":"standard","meta":{"footnotes":""},"categories":[1889],"tags":[17,10983,1111,11,2430,13413,22016,1777,674,1011,27,329,65988,303,2428,12,5912,25,65989],"class_list":{"0":"post-541718","1":"post","2":"type-post","3":"status-publish","4":"format-standard","5":"has-post-thumbnail","7":"category-lyon","8":"tag-17","9":"tag-accuse","10":"tag-actu","11":"tag-actualites","12":"tag-auvergne-rhone-alpes","13":"tag-devant","14":"tag-diffamation","15":"tag-eu","16":"tag-europe","17":"tag-fr","18":"tag-france","19":"tag-france-monde","20":"tag-holnest","21":"tag-justice","22":"tag-lyon","23":"tag-news","24":"tag-par","25":"tag-republique-francaise","26":"tag-rue89lyon"},"share_on_mastodon":{"url":"https:\/\/pubeurope.com\/@fr\/115568794861096160","error":""},"_links":{"self":[{"href":"https:\/\/www.europesays.com\/fr\/wp-json\/wp\/v2\/posts\/541718","targetHints":{"allow":["GET"]}}],"collection":[{"href":"https:\/\/www.europesays.com\/fr\/wp-json\/wp\/v2\/posts"}],"about":[{"href":"https:\/\/www.europesays.com\/fr\/wp-json\/wp\/v2\/types\/post"}],"author":[{"embeddable":true,"href":"https:\/\/www.europesays.com\/fr\/wp-json\/wp\/v2\/users\/2"}],"replies":[{"embeddable":true,"href":"https:\/\/www.europesays.com\/fr\/wp-json\/wp\/v2\/comments?post=541718"}],"version-history":[{"count":0,"href":"https:\/\/www.europesays.com\/fr\/wp-json\/wp\/v2\/posts\/541718\/revisions"}],"wp:featuredmedia":[{"embeddable":true,"href":"https:\/\/www.europesays.com\/fr\/wp-json\/wp\/v2\/media\/541719"}],"wp:attachment":[{"href":"https:\/\/www.europesays.com\/fr\/wp-json\/wp\/v2\/media?parent=541718"}],"wp:term":[{"taxonomy":"category","embeddable":true,"href":"https:\/\/www.europesays.com\/fr\/wp-json\/wp\/v2\/categories?post=541718"},{"taxonomy":"post_tag","embeddable":true,"href":"https:\/\/www.europesays.com\/fr\/wp-json\/wp\/v2\/tags?post=541718"}],"curies":[{"name":"wp","href":"https:\/\/api.w.org\/{rel}","templated":true}]}}