{"id":541720,"date":"2025-11-18T04:23:28","date_gmt":"2025-11-18T04:23:28","guid":{"rendered":"https:\/\/www.europesays.com\/fr\/541720\/"},"modified":"2025-11-18T04:23:28","modified_gmt":"2025-11-18T04:23:28","slug":"un-pere-decouvre-la-mort-de-sa-fille-des-mois-plus-tard-personne-na-prevenu-la-famille","status":"publish","type":"post","link":"https:\/\/www.europesays.com\/fr\/541720\/","title":{"rendered":"Un p\u00e8re d\u00e9couvre la mort de sa fille des mois plus tard, personne n\u2019a pr\u00e9venu la famille"},"content":{"rendered":"<p>Entre l\u2019h\u00f4pital, le service fun\u00e9raire, l\u2019\u00e9cole ou le laboratoire de recherche\u2026 Aucune instance n\u2019a trouv\u00e9 pertinent de pr\u00e9venir les parents de la mort de leur fille, Marjolaine, rapporte <a href=\"https:\/\/www.lemonde.fr\/societe\/article\/2025\/11\/17\/un-policier-a-la-retraite-sidere-de-decouvrir-sur-internet-la-mort-de-sa-fille-trois-mois-apres-son-enterrement-personne-ne-nous-a-jamais-appeles_6653684_3225.html?random=706877066\" rel=\"nofollow noopener\" target=\"_blank\" class=\"c-link c-link--is-underlined\">Le Monde<\/a> ce lundi. Son p\u00e8re, Jean Forest, a fait l\u2019incompr\u00e9hensible d\u00e9couverte en tentant de prendre des nouvelles de ses projets professionnels en se rendant sur le site de son universit\u00e9.<\/p>\n<p>Elle est alors Docteure en <a href=\"https:\/\/www.20minutes.fr\/livres\/litterature\/\" target=\"_blank\" class=\"c-link c-link--is-underlined\" rel=\"noopener\">litt\u00e9rature<\/a> l\u2019Ecole normale sup\u00e9rieure (ENS) de <a href=\"https:\/\/www.20minutes.fr\/lyon\/\" target=\"_blank\" class=\"c-link c-link--is-underlined\" rel=\"noopener\">Lyon<\/a>, associ\u00e9e au laboratoire de recherche de l\u2019Institut d\u2019histoire des repr\u00e9sentations et des id\u00e9es dans les modernit\u00e9s (Ihrim). Enfin \u00e9tait. Quand il se rend sur le site internet de l\u2019ENS, cet ancien policier \u00e0 la retraite tombe sur un texte en m\u00e9moire de Marjolaine Forest. On est alors en juin\u00a02025. La femme de 51 ans est d\u00e9c\u00e9d\u00e9e le 6\u00a0mars, et a \u00e9t\u00e9 enterr\u00e9e dans le \u00ab\u00a0terrain commun\u00a0\u00bb du cimeti\u00e8re de la Croix Rousse, souffle-t-il \u00e0 nos confr\u00e8res.<\/p>\n<p>Des explications contradictoires de l\u2019h\u00f4pital<\/p>\n<p>Pr\u00e8s de trois mois apr\u00e8s sa mort, \u00ab\u00a0personne ne nous a jamais appel\u00e9s\u00a0\u00bb, s\u2019indigne-t-il. Pourtant, \u00ab\u00a0c\u2019\u00e9tait tellement facile de nous retrouver et de nous joindre. Sa carte d\u2019identit\u00e9 mentionnait encore notre adresse, elle mentionnait notre m\u00e9decin de famille dans le formulaire des directives\u00a0\u00bb, ajoute-t-il.<\/p>\n<\/p>\n<p>De son c\u00f4t\u00e9, l\u2019h\u00f4pital fournit deux explications contradictoires. La premi\u00e8re en affirmant avoir tent\u00e9 de joindre le p\u00e8re de la d\u00e9funte sans succ\u00e8s. La deuxi\u00e8me expliquant que Marjolaine avait elle-m\u00eame pr\u00e9cis\u00e9 qu\u2019elle ne voulait pas que son \u00e9tat de sant\u00e9 soit communiqu\u00e9 \u00e0 ses proches. Dans tous les cas, aucune raison de taire son <a href=\"https:\/\/www.20minutes.fr\/dossier\/deces\" target=\"_blank\" class=\"c-link c-link--is-underlined\" rel=\"noopener\">d\u00e9c\u00e8s<\/a>.<\/p>\n","protected":false},"excerpt":{"rendered":"Entre l\u2019h\u00f4pital, le service fun\u00e9raire, l\u2019\u00e9cole ou le laboratoire de recherche\u2026 Aucune instance n\u2019a trouv\u00e9 pertinent de pr\u00e9venir&hellip;\n","protected":false},"author":2,"featured_media":541721,"comment_status":"","ping_status":"","sticky":false,"template":"","format":"standard","meta":{"footnotes":""},"categories":[1889],"tags":[1111,47,11,2430,3983,1777,674,118,1011,27,2428,12,25,2429,2431],"class_list":{"0":"post-541720","1":"post","2":"type-post","3":"status-publish","4":"format-standard","5":"has-post-thumbnail","7":"category-lyon","8":"tag-actu","9":"tag-actualite","10":"tag-actualites","11":"tag-auvergne-rhone-alpes","12":"tag-deces","13":"tag-eu","14":"tag-europe","15":"tag-faits-divers","16":"tag-fr","17":"tag-france","18":"tag-lyon","19":"tag-news","20":"tag-republique-francaise","21":"tag-rhone","22":"tag-rhone-alpes"},"share_on_mastodon":{"url":"https:\/\/pubeurope.com\/@fr\/115568797508607764","error":""},"_links":{"self":[{"href":"https:\/\/www.europesays.com\/fr\/wp-json\/wp\/v2\/posts\/541720","targetHints":{"allow":["GET"]}}],"collection":[{"href":"https:\/\/www.europesays.com\/fr\/wp-json\/wp\/v2\/posts"}],"about":[{"href":"https:\/\/www.europesays.com\/fr\/wp-json\/wp\/v2\/types\/post"}],"author":[{"embeddable":true,"href":"https:\/\/www.europesays.com\/fr\/wp-json\/wp\/v2\/users\/2"}],"replies":[{"embeddable":true,"href":"https:\/\/www.europesays.com\/fr\/wp-json\/wp\/v2\/comments?post=541720"}],"version-history":[{"count":0,"href":"https:\/\/www.europesays.com\/fr\/wp-json\/wp\/v2\/posts\/541720\/revisions"}],"wp:featuredmedia":[{"embeddable":true,"href":"https:\/\/www.europesays.com\/fr\/wp-json\/wp\/v2\/media\/541721"}],"wp:attachment":[{"href":"https:\/\/www.europesays.com\/fr\/wp-json\/wp\/v2\/media?parent=541720"}],"wp:term":[{"taxonomy":"category","embeddable":true,"href":"https:\/\/www.europesays.com\/fr\/wp-json\/wp\/v2\/categories?post=541720"},{"taxonomy":"post_tag","embeddable":true,"href":"https:\/\/www.europesays.com\/fr\/wp-json\/wp\/v2\/tags?post=541720"}],"curies":[{"name":"wp","href":"https:\/\/api.w.org\/{rel}","templated":true}]}}