{"id":541722,"date":"2025-11-18T04:25:48","date_gmt":"2025-11-18T04:25:48","guid":{"rendered":"https:\/\/www.europesays.com\/fr\/541722\/"},"modified":"2025-11-18T04:25:48","modified_gmt":"2025-11-18T04:25:48","slug":"dispositif-de-mediation-pour-les-personnels-des-etablissements-publics-de-sante-sociaux-et-medico-sociaux","status":"publish","type":"post","link":"https:\/\/www.europesays.com\/fr\/541722\/","title":{"rendered":"Dispositif de m\u00e9diation pour les personnels des \u00e9tablissements publics de sant\u00e9, sociaux et m\u00e9dico-sociaux"},"content":{"rendered":"<p>        Qu\u2019est-ce que le dispositif de m\u00e9diation ?<\/p>\n<p>La m\u00e9diation est un processus structur\u00e9 dans lequel deux ou plusieurs parties \u00e0 un litige tentent par elles-m\u00eames, volontairement, de parvenir \u00e0 un accord sur la r\u00e9solution de ce litige avec l\u2019aide d\u2019un tiers m\u00e9diateur.<\/p>\n<p>Une m\u00e9diation est possible pour tout diff\u00e9rend portant une atteinte grave au fonctionnement normal d\u2019un service et\/ou entra\u00eenant une d\u00e9gradation importante de la qualit\u00e9 de vie au travail des parties en conflit, opposant soit des professionnels entre eux, soit un professionnel \u00e0 sa hi\u00e9rarchie. Elle peut concerner tous les agents des \u00e9tablissements publics de sant\u00e9, sociaux et m\u00e9dico-sociaux, qu\u2019ils soient m\u00e9dicaux ou non m\u00e9dicaux. Depuis 2023, le p\u00e9rim\u00e8tre de la commission de m\u00e9diation a \u00e9t\u00e9 \u00e9largi aux \u00e9tudiants, ainsi qu\u2019\u00e0 des missions de conseil et d\u2019appui.\u00a0<\/p>\n<p>La conciliation ou la m\u00e9diation se fait dans un premier temps au sein de l\u2019\u00e9tablissement, la m\u00e9diation r\u00e9gionale intervenant en cas d\u2019\u00e9chec des actions locales.<\/p>\n<p>En cas d\u2019\u00e9chec de la m\u00e9diation r\u00e9gionale, le m\u00e9diateur national peut \u00eatre saisi et l\u2019instance nationale de m\u00e9diation activ\u00e9e.<\/p>\n<p>        <img decoding=\"async\" loading=\"lazy\"  src=\"https:\/\/www.iledefrance.ars.sante.fr\/system\/files\/styles\/image_wysiwyg\/private\/2025-10\/Image1.svg.jpg?itok=f9B6DaHH\" alt=\"\" typeof=\"foaf:Image\" class=\"img-responsive\"\/><\/p>\n<p>Qui sont les m\u00e9diateurs qui composent la commission r\u00e9gionale d\u2019\u00cele-de-France ?<\/p>\n<p>La commission r\u00e9gionale a \u00e9t\u00e9 cr\u00e9\u00e9e dans le cadre du dispositif national de m\u00e9diation pour des diff\u00e9rends entre des membres du personnel au sein d\u2019\u00e9tablissements publics de sant\u00e9, sociaux et m\u00e9dico-sociaux. Les membres de l&rsquo;instance, nomm\u00e9s par arr\u00eat\u00e9, pour une dur\u00e9e maximale de trois ans, renouvelable une fois.<\/p>\n<p>La commission est pr\u00e9sid\u00e9e par une m\u00e9diatrice r\u00e9gionale<strong>\u00a0:\u00a0<\/strong>Madame\u00a0<strong>Florence Travert<\/strong>.<strong>\u00a0<\/strong><\/p>\n<p>Elle est compos\u00e9e de 10 m\u00e9diateurs, dont une pr\u00e9sidente et deux vice-pr\u00e9sidents.\u00a0<\/p>\n<p>La commission est paritaire\u00a0: parit\u00e9 homme-femme, parit\u00e9 actifs\/jeunes retrait\u00e9s, parit\u00e9 soignants\/directeurs d\u2019h\u00f4pitaux.<\/p>\n<p><strong>Les membres de la commission r\u00e9gionale\u00a0:<\/strong><\/p>\n<ul>\n<li>Florence Travert (Pr\u00e9sidente)<\/li>\n<li>Dominique Noir\u00e9 (Vice-pr\u00e9sident)<\/li>\n<li>Pauline Muffang (Vice-pr\u00e9sidente)<\/li>\n<li>Antoinette Bernabe<\/li>\n<li>Olivier Dumas de Rauly<\/li>\n<li>Mich\u00e8le Granier<\/li>\n<li>Pierre Kalfon<\/li>\n<li>Nathalie Sanchez<\/li>\n<li>Claude Henri Tonneau<\/li>\n<li>Gilles Vidon<\/li>\n<li>St\u00e9phanie Cayol (Assistante m\u00e9dico administrative)<\/li>\n<\/ul>\n<p>Quelle est la formation des m\u00e9diateurs\u00a0?<\/p>\n<p>Ils ont re\u00e7u une formation dipl\u00f4mante (1 ou 2 ans), ont une exp\u00e9rience solide en commission et sur le terrain et ont effectu\u00e9 un travail en analyse des pratiques.<\/p>\n<p>Ils ont suivi 100 h de formation \u00e0 l\u2019EHESPou \u00e0 l\u2019IFOMENE.<\/p>\n<p>Quels sont les principes des m\u00e9diateurs\u00a0?<\/p>\n<p>Le m\u00e9diateur est ind\u00e9pendant de toute autorit\u00e9 qu\u2019elle soit administrative, \u00e9conomique ou judiciaire. Les m\u00e9diateurs et les membres des instances de m\u00e9diation s\u2019engagent \u00e0 respecter les r\u00e8gles \u00e9thiques et d\u00e9ontologiques expos\u00e9es dans la charte\u00a0du 30 ao\u00fbt 2019 :\u00a0<a class=\"link-ext-icon\" href=\"https:\/\/www.legifrance.gouv.fr\/loda\/id\/JORFTEXT000039034294\" target=\"_blank\" data-xiti-name=\"https:\/\/www.legifrance.gouv.fr\/loda\/id\/JORFTEXT000039034294\" data-xiti-chapitre1=\"Dispositif de m\u00e9diation pour les personnels des \u00e9tablissements publics de sant\u00e9_ sociaux et m\u00e9dico-sociaux\" data-xiti-type=\"exit\" rel=\"nofollow noopener\">https:\/\/www.legifrance.gouv.fr\/loda\/id\/JORFTEXT000039034294<\/a><\/p>\n<p><strong>Les principes :<\/strong>\u00a0<\/p>\n<ul>\n<li>Confidentialit\u00e9<\/li>\n<li>Ind\u00e9pendance<\/li>\n<li>Impartialit\u00e9<\/li>\n<li>Neutralit\u00e9<\/li>\n<li>Equit\u00e9<\/li>\n<\/ul>\n<p>Les principes du m\u00e9diateur, sa formation et l\u2019organisation pr\u00e9vue par le d\u00e9cret lui conf\u00e8rent sa l\u00e9gitimit\u00e9.<\/p>\n<p>Qui peut saisir la commission de m\u00e9diation\u00a0?\u00a0<\/p>\n<p>        <img decoding=\"async\" loading=\"lazy\"  width=\"1346\" height=\"1010\" src=\"https:\/\/www.europesays.com\/fr\/wp-content\/uploads\/2025\/11\/Image4.png.jpg\" alt=\"\" typeof=\"foaf:Image\" class=\"img-responsive\"\/><\/p>\n<p>Comment saisir la commission de m\u00e9diation\u00a0?\u00a0<\/p>\n<p>Elle peut \u00eatre saisie par voie \u00e9lectronique, \u00e0 l\u2019adresse :\u00a0<a href=\"https:\/\/www.iledefrance.ars.sante.fr\/mailto:qvt-mediateur-iledefrance@sante.gouv.fr\" rel=\"nofollow noopener\" target=\"_blank\">qvt-mediateur-iledefrance@sante.gouv.fr<\/a><\/p>\n","protected":false},"excerpt":{"rendered":"Qu\u2019est-ce que le dispositif de m\u00e9diation ? La m\u00e9diation est un processus structur\u00e9 dans lequel deux ou plusieurs&hellip;\n","protected":false},"author":2,"featured_media":541723,"comment_status":"","ping_status":"","sticky":false,"template":"","format":"standard","meta":{"footnotes":""},"categories":[1592],"tags":[1111,11,1777,674,1011,27,662,12,626,25,65990],"class_list":{"0":"post-541722","1":"post","2":"type-post","3":"status-publish","4":"format-standard","5":"has-post-thumbnail","7":"category-ile-de-france","8":"tag-actu","9":"tag-actualites","10":"tag-eu","11":"tag-europe","12":"tag-fr","13":"tag-france","14":"tag-ile-de-france","15":"tag-news","16":"tag-paris","17":"tag-republique-francaise","18":"tag-rh-en-sante"},"share_on_mastodon":{"url":"https:\/\/pubeurope.com\/@fr\/115568810382980536","error":""},"_links":{"self":[{"href":"https:\/\/www.europesays.com\/fr\/wp-json\/wp\/v2\/posts\/541722","targetHints":{"allow":["GET"]}}],"collection":[{"href":"https:\/\/www.europesays.com\/fr\/wp-json\/wp\/v2\/posts"}],"about":[{"href":"https:\/\/www.europesays.com\/fr\/wp-json\/wp\/v2\/types\/post"}],"author":[{"embeddable":true,"href":"https:\/\/www.europesays.com\/fr\/wp-json\/wp\/v2\/users\/2"}],"replies":[{"embeddable":true,"href":"https:\/\/www.europesays.com\/fr\/wp-json\/wp\/v2\/comments?post=541722"}],"version-history":[{"count":0,"href":"https:\/\/www.europesays.com\/fr\/wp-json\/wp\/v2\/posts\/541722\/revisions"}],"wp:featuredmedia":[{"embeddable":true,"href":"https:\/\/www.europesays.com\/fr\/wp-json\/wp\/v2\/media\/541723"}],"wp:attachment":[{"href":"https:\/\/www.europesays.com\/fr\/wp-json\/wp\/v2\/media?parent=541722"}],"wp:term":[{"taxonomy":"category","embeddable":true,"href":"https:\/\/www.europesays.com\/fr\/wp-json\/wp\/v2\/categories?post=541722"},{"taxonomy":"post_tag","embeddable":true,"href":"https:\/\/www.europesays.com\/fr\/wp-json\/wp\/v2\/tags?post=541722"}],"curies":[{"name":"wp","href":"https:\/\/api.w.org\/{rel}","templated":true}]}}