{"id":541724,"date":"2025-11-18T04:27:15","date_gmt":"2025-11-18T04:27:15","guid":{"rendered":"https:\/\/www.europesays.com\/fr\/541724\/"},"modified":"2025-11-18T04:27:15","modified_gmt":"2025-11-18T04:27:15","slug":"les-temps-forts-du-conseil-de-paris-de-novembre-2025","status":"publish","type":"post","link":"https:\/\/www.europesays.com\/fr\/541724\/","title":{"rendered":"Les temps forts du Conseil de Paris de Novembre 2025"},"content":{"rendered":"<p>\n  Le Conseil de Paris de novembre 2025 se tient du 18 au 21 novembre. \u00c0 l\u2019ordre du jour figurent notamment l\u2019examen des orientations budg\u00e9taires pour 2026 et des d\u00e9cisions modificatives, la cr\u00e9ation d\u2019un poste de D\u00e9fenseur\u00b7e des enfants dans le cadre de la lutte contre les violences sexuelles faites aux enfants et la publication du rapport sur l\u2019\u00e9galit\u00e9 femmes-hommes.\n<\/p>\n<p>\n  <strong>La s\u00e9ance est retransmise en direct le mardi 18 novembre, d\u00e8s 9\u00a0h.<\/strong>\n<\/p>\n<p>\n    D\u00e9roul\u00e9 de la s\u00e9ance\n  <\/p>\n<p>    MARDI 18 NOVEMBRE<br \/>9\u00a0h-12\u00a0h\u00a0: ouverture de la s\u00e9ance et hommage aux personnalit\u00e9s suivantes\u00a0: <br \/>&#8211; Jean PORTEJOIE, ancien conseiller de Paris <br \/>&#8211; Fran\u00e7oise DURAND, ancienne conseill\u00e8re de Paris\u00a0;<br \/>\u00c0 l&rsquo;issue, d\u00e9bat organis\u00e9 sur les orientations budg\u00e9taires de la Ville de Paris pour 2026.<\/p>\n<p>MERCREDI 19 NOVEMBRE<br \/>9\u00a0h-13\u00a0h\u00a0: poursuite de l&rsquo;examen des projets de d\u00e9lib\u00e9ration\u00a0;<br \/>14\u00a0h 30-16\u00a0h\u00a0: r\u00e9ponses aux questions d&rsquo;actualit\u00e9\u00a0;<br \/>\u00c0 l&rsquo;issue, poursuite de l&rsquo;examen des projets de d\u00e9lib\u00e9rations.<\/p>\n<p>JEUDI 20 NOVEMBRE<br \/>9\u00a0h-13\u00a0h\u00a0: poursuite de l&rsquo;examen des projets de d\u00e9lib\u00e9ration\u00a0;<br \/>14h30\u00a0: examen du projet relatif \u00e0 la cr\u00e9ation de la fonction de D\u00e9fenseur(e) des enfants de la Ville de Paris\u00a0;<br \/>\u00c0 l&rsquo;issue, poursuite de l&rsquo;examen des projets de d\u00e9lib\u00e9ration.<\/p>\n<p>VENDREDI 21 NOVEMBRE<br \/>9\u00a0h-21\u00a0h\u00a0: Poursuite de l&rsquo;examen des projets de d\u00e9lib\u00e9rations jusqu&rsquo;\u00e0 l&rsquo;\u00e9puisement de l&rsquo;ordre du jour.<\/p>\n<p>  Les orientations budg\u00e9taires pour 2026<\/p>\n<p>\n  Le dernier budget de la mandature vise \u00e0 achever les projets engag\u00e9s en 2020, tels que la v\u00e9g\u00e9talisation du canal Saint-Martin, l\u2019am\u00e9nagement du boulevard Richard Lenoir, le lancement de la piscine Carpentier ou la r\u00e9novation du parc des Buttes-Chaumont. Les op\u00e9rations concernant la place de la Concorde et les abords de Notre-Dame seront inscrites aux budgets pr\u00e9visionnels de 2026 et suivants.\n<\/p>\n<p>\n  Ce budget entend aussi transmettre au prochain ex\u00e9cutif une situation financi\u00e8re stabilis\u00e9e, avec une \u00e9pargne brute estim\u00e9e \u00e0 pr\u00e8s de 800 M\u20ac, une dur\u00e9e de d\u00e9sendettement de 12 ans et des comptes certifi\u00e9s par la Cour des comptes. En 2026, les recettes d\u00e9pendront largement des droits de mutation \u00e0 titre on\u00e9reux (DMTO), pr\u00e9vus \u00e0 un peu moins de 1\u00a0650 M\u20ac.\n<\/p>\n<p>\n  L\u2019impact du projet de loi de finances reste incertain\u00a0: il pourrait affecter la Ville \u00e0 hauteur d\u2019environ 230 M\u20ac.\n<\/p>\n<p>  Cr\u00e9ation d&rsquo;un poste de D\u00e9fenseur(e) des enfants de la Ville de Paris<\/p>\n<p>\n    Avec plus de 300\u00a0000 enfants et plus de 2\u00a0000 \u00e9quipements d\u00e9di\u00e9s \u00e0 l\u2019enfance et \u00e0 la jeunesse, cette fonction vient renforcer l\u2019action de Paris, reconnue \u00ab\u00a0Ville amie des enfants\u00a0\u00bb par l\u2019UNICEF depuis 2002 et engag\u00e9e dans la pr\u00e9vention des violences, notamment \u00e0 travers le plan adopt\u00e9 en 2021.\n  <\/p>\n<p>\n  \u00c0 l\u2019occasion de la Journ\u00e9e internationale des droits de l\u2019enfant, la Ville de Paris cr\u00e9e une nouvelle fonction\u00a0: le(la) D\u00e9fenseur(e) des enfants de la Ville de Paris.\n<\/p>\n<p>\n  La fonction de D\u00e9fenseur(e) des enfants de la Ville de Paris sera confi\u00e9e \u00e0 un membre honoraire ou \u00e0 un magistrat honoraire, issu de l\u2019ordre judiciaire, administratif ou financier. Ce choix garantit l\u2019ind\u00e9pendance et la ma\u00eetrise des enjeux li\u00e9s \u00e0 la protection de l\u2019enfance. La s\u00e9lection prendra en compte \u00e0 la fois ce statut et une expertise r\u00e9elle sur les politiques publiques de protection de l\u2019enfance. Le mandat sera fix\u00e9 \u00e0 trois ans, renouvelable une fois.\n<\/p>\n<p>\n  Un r\u00e9seau de d\u00e9l\u00e9gu\u00e9s sera pr\u00e9sent dans chaque arrondissement en lien avec la Mission des droits de l\u2019enfant.\n<\/p>\n<p>\n  Le\u00b7la D\u00e9fenseur\u00b7e des enfants, ind\u00e9pendant\u00b7e et rattach\u00e9\u00b7e au Maire de Paris, aura deux missions principales\u00a0:\n<\/p>\n<p>\n  <strong>&#8211; Prot\u00e9ger les droits des enfants<\/strong> en recevant les saisines, en formulant des recommandations et en orientant les signalements vers les autorit\u00e9s comp\u00e9tentes.<br \/><strong>&#8211; Promouvoir les droits des enfants<\/strong> en poursuivant les actions de sensibilisation d\u00e9j\u00e0 engag\u00e9es, en proposant de nouveaux ateliers d\u00e8s la cr\u00e8che, en d\u00e9veloppant des outils pour les parents et en renfor\u00e7ant la formation des professionnels de l\u2019enfance.<\/p>\n<p>  La pr\u00e9sentation du rapport \u00e9galit\u00e9 femmes-hommes<\/p>\n<p>\n  La Ville de Paris publie son rapport annuel sur l\u2019\u00e9galit\u00e9 entre les femmes et les hommes. Ce document pr\u00e9sente la politique de ressources humaines en mati\u00e8re d\u2019\u00e9galit\u00e9 professionnelle, le bilan des actions men\u00e9es et des moyens mobilis\u00e9s, ainsi que les orientations pluriannuelles concernant la parit\u00e9 dans la formation, la mixit\u00e9 des fili\u00e8res et la pr\u00e9vention des violences et du harc\u00e8lement.\n<\/p>\n<p>\n  Le rapport expose \u00e9galement les politiques conduites sur le territoire en faveur de l\u2019\u00e9galit\u00e9 et s\u2019inscrit dans une d\u00e9marche de \u00ab\u00a0gender mainstreaming\u00a0\u00bb, int\u00e9grant une perspective de genre dans l\u2019ensemble des politiques publiques.\n<\/p>\n<p>\n  Pour l\u2019ann\u00e9e 2024, il met en avant plusieurs \u00e9v\u00e9nements marquants, dont le d\u00e9ploiement du plan \u00ab\u00a0JOP f\u00e9ministes\u00a0\u00bb et la c\u00e9l\u00e9bration des dix ans de l\u2019Observatoire parisien des violences faites aux femmes.\n<\/p>\n<p>  La strat\u00e9gie num\u00e9rique responsable de la Ville de Paris<\/p>\n<p>\n  La loi de R\u00e9duction de l\u2019Empreinte Environnementale du Num\u00e9rique impose aux collectivit\u00e9s de plus de 50\u00a0000 habitants d\u2019\u00e9laborer une strat\u00e9gie de num\u00e9rique responsable.\n<\/p>\n<p>\n  \u00c0 Paris, un diagnostic a \u00e9t\u00e9 men\u00e9 pour mesurer les impacts environnementaux. Il indique que l\u2019usage du num\u00e9rique repr\u00e9sente environ 1\u202fmillion de tonnes \u00e9quivalent CO\u2082, soit pr\u00e8s de 5\u00a0% de l\u2019empreinte carbone globale du territoire. L\u2019administration parisienne en repr\u00e9sente 1,5\u00a0%.\n<\/p>\n<p>\n  Sur cette base, une Strat\u00e9gie num\u00e9rique responsable a \u00e9t\u00e9 adopt\u00e9e. Elle s\u2019articule autour de trois axes\u00a0: un num\u00e9rique plus sobre, un num\u00e9rique plus d\u00e9mocratique et un num\u00e9rique plus inclusif.\n<\/p>\n<p>\n  Le plan comprend 27 actions, dont 12 pour l\u2019administration et 15 pour le territoire, les entreprises et les habitants.\n<\/p>\n<p>  L&rsquo;encadrement de l&rsquo;utilisation de l&rsquo;intelligence artificielle (IA)<\/p>\n<p>\n  L\u2019intelligence artificielle (IA) conna\u00eet un d\u00e9veloppement rapide, avec des applications dans la sant\u00e9, l\u2019\u00e9ducation, l\u2019industrie et les services publics. Cette \u00e9volution soul\u00e8ve toutefois des enjeux d\u00e9mocratiques, environnementaux et sociaux qui n\u00e9cessitent une attention particuli\u00e8re.\n<\/p>\n<p>\n  Afin d\u2019accompagner ces transformations, un comit\u00e9 d\u2019\u00e9thique et d\u2019orientation sera mis en place \u00e0 Paris. Sa mission sera de conseiller et d\u2019assister la collectivit\u00e9 sur les questions li\u00e9es \u00e0 l\u2019usage de l\u2019IA, en s\u2019appuyant sur des expertises ind\u00e9pendantes et en associant organisations syndicales et citoyens.\n<\/p>\n<p>\n  Ce comit\u00e9 proposera d\u2019abord les grands principes d\u2019utilisation de l\u2019IA. Il aura ensuite pour r\u00f4le\u00a0:\n<\/p>\n<ul class=\"list\">\n<li data-controller=\"list\">\n<p>d\u2019identifier les risques \u00e9thiques,<\/p>\n<\/li>\n<li data-controller=\"list\">\n<p>de promouvoir la transparence et l\u2019explicabilit\u00e9 des syst\u00e8mes,<\/p>\n<\/li>\n<li data-controller=\"list\">\n<p>de v\u00e9rifier la coh\u00e9rence des projets avec les engagements \u00e9thiques de la Ville,<\/p>\n<\/li>\n<li data-controller=\"list\">\n<p>de formuler des recommandations et de sensibiliser les parties prenantes.<\/p>\n<\/li>\n<\/ul>\n<p>  Assister aux s\u00e9ances<\/p>\n<p>\n  Les s\u00e9ances du Conseil de Paris sont <strong>publiques<\/strong>, et ouvertes \u00e0 tous dans la limite des places disponibles. Les mineurs accompagn\u00e9s sont admis.\n<\/p>\n<p>  Modalit\u00e9s pour assister \u00e0 une s\u00e9ance<\/p>\n<p>\n  Se pr\u00e9senter \u00e0 l\u2019accueil, au 5, rue de Lobau (Paris Centre), o\u00f9 un badge vous sera remis en \u00e9change d\u2019une pi\u00e8ce d\u2019identit\u00e9.\n<\/p>\n<p>\n  En raison du nombre limit\u00e9 de places, il est conseill\u00e9 d\u2019arriver t\u00f4t (en particulier le mardi matin) sous peine de ne pas pouvoir acc\u00e9der aux tribunes.\n<\/p>\n<p>\n  Pour des raisons de s\u00e9curit\u00e9, les sacs, sacs \u00e0 dos, cartables (et tout objet estim\u00e9 inappropri\u00e9) ne sont pas admis dans les tribunes (vestiaire disponible).\n<\/p>\n<p>\n  <strong>Sont proscrits <\/strong><strong>:<\/strong> les r\u00e9actions, les commentaires ou les applaudissements\u00a0; l\u2019usage des t\u00e9l\u00e9phones portables\u00a0; la consommation de boissons ou d\u2019aliments.<\/p>\n","protected":false},"excerpt":{"rendered":"Le Conseil de Paris de novembre 2025 se tient du 18 au 21 novembre. \u00c0 l\u2019ordre du jour&hellip;\n","protected":false},"author":2,"featured_media":226970,"comment_status":"","ping_status":"","sticky":false,"template":"","format":"standard","meta":{"footnotes":""},"categories":[1888],"tags":[1111,1928,11,1927,1777,674,1011,27,12,1926,626,1925,25],"class_list":{"0":"post-541724","1":"post","2":"type-post","3":"status-publish","4":"format-standard","5":"has-post-thumbnail","7":"category-paris","8":"tag-actu","9":"tag-actu-paris","10":"tag-actualites","11":"tag-actualites-paris","12":"tag-eu","13":"tag-europe","14":"tag-fr","15":"tag-france","16":"tag-news","17":"tag-news-paris","18":"tag-paris","19":"tag-paris-news","20":"tag-republique-francaise"},"share_on_mastodon":{"url":"https:\/\/pubeurope.com\/@fr\/115568813242990625","error":""},"_links":{"self":[{"href":"https:\/\/www.europesays.com\/fr\/wp-json\/wp\/v2\/posts\/541724","targetHints":{"allow":["GET"]}}],"collection":[{"href":"https:\/\/www.europesays.com\/fr\/wp-json\/wp\/v2\/posts"}],"about":[{"href":"https:\/\/www.europesays.com\/fr\/wp-json\/wp\/v2\/types\/post"}],"author":[{"embeddable":true,"href":"https:\/\/www.europesays.com\/fr\/wp-json\/wp\/v2\/users\/2"}],"replies":[{"embeddable":true,"href":"https:\/\/www.europesays.com\/fr\/wp-json\/wp\/v2\/comments?post=541724"}],"version-history":[{"count":0,"href":"https:\/\/www.europesays.com\/fr\/wp-json\/wp\/v2\/posts\/541724\/revisions"}],"wp:featuredmedia":[{"embeddable":true,"href":"https:\/\/www.europesays.com\/fr\/wp-json\/wp\/v2\/media\/226970"}],"wp:attachment":[{"href":"https:\/\/www.europesays.com\/fr\/wp-json\/wp\/v2\/media?parent=541724"}],"wp:term":[{"taxonomy":"category","embeddable":true,"href":"https:\/\/www.europesays.com\/fr\/wp-json\/wp\/v2\/categories?post=541724"},{"taxonomy":"post_tag","embeddable":true,"href":"https:\/\/www.europesays.com\/fr\/wp-json\/wp\/v2\/tags?post=541724"}],"curies":[{"name":"wp","href":"https:\/\/api.w.org\/{rel}","templated":true}]}}