{"id":541725,"date":"2025-11-18T04:28:34","date_gmt":"2025-11-18T04:28:34","guid":{"rendered":"https:\/\/www.europesays.com\/fr\/541725\/"},"modified":"2025-11-18T04:28:34","modified_gmt":"2025-11-18T04:28:34","slug":"harcelement-moral-perte-de-chance-prejudice-moral-hamraoui-reclame-35-me-au-psg","status":"publish","type":"post","link":"https:\/\/www.europesays.com\/fr\/541725\/","title":{"rendered":"\u00abharc\u00e8lement moral\u00bb, \u00abperte de chance\u00bb, \u00abpr\u00e9judice moral\u00bb&#8230; Hamraoui r\u00e9clame 3,5 M\u20ac au PSG"},"content":{"rendered":"<p>\n    Pass\u00e9e \u00e0 tabac en 2021 avec la complicit\u00e9 pr\u00e9sum\u00e9e d\u2019une ancienne co\u00e9quipi\u00e8re, la joueuse internationale tricolore de 35 ans plaidait sa cause devant les Prud\u2019hommes ce lundi.<\/p>\n<p class=\"fig-paragraph\">Face aux insultes de ses co\u00e9quipi\u00e8res, le silence et sa \u00abmise \u00e0 l&rsquo;\u00e9cart\u00bb du PSG,\u00a0<a href=\"http:\/\/www.lefigaro.fr\/sports\/football\/foot-f-une-enquete-ouverte-apres-la-plainte-pour-harcelement-moral-de-kheira-hamraoui-contre-le-psg-20250617\" data-fig-type=\"NewsFlash\" data-gtm-custom-categorie=\"navigation\" data-gtm-custom-action=\"crossclick\" data-gtm-custom-label=\"Contextuel\" data-gtm-event=\"customEventSPE\" data-fig-domain=\"LEFIGARO\" rel=\"nofollow noopener\" target=\"_blank\">Kheira Hamraoui<\/a>, ancienne joueuse de l&rsquo;\u00e9quipe de France pass\u00e9e \u00e0 tabac en 2021 avec la complicit\u00e9 pr\u00e9sum\u00e9e d&rsquo;une coll\u00e8gue, a demand\u00e9 lundi pr\u00e8s de 3,5 millions d&rsquo;euros \u00e0 son ancien club.<\/p>\n<p class=\"fig-paragraph\">Le cas de l&rsquo;ex-joueuse du Paris-SG avait d\u00e9fray\u00e9 la chronique. Kheira Hamraoui avait \u00e9t\u00e9 agress\u00e9e \u00e0 coups de barre de fer et frapp\u00e9e aux jambes par deux hommes le soir du 4 novembre 2021 \u00e0 Chatou (Yvelines), une agression sous les yeux de sa co\u00e9quipi\u00e8re Aminata Diallo, alors que les deux joueuses rentraient d&rsquo;un d\u00eener ensemble. Depuis, la justice soup\u00e7onne Aminata Diallo d&rsquo;\u00eatre l&rsquo;instigatrice de cette agression et l&rsquo;a mise en examen pour \u00abviolences aggrav\u00e9es\u00bb et \u00abassociation de malfaiteurs\u00bb, aux c\u00f4t\u00e9s de quatre hommes.<\/p>\n<p>                                    <a class=\"fig-a11y-skip a11y-hidden\" href=\"#fig-a11y-skip-main-inarticle\"><br \/>\n        Passer la publicit\u00e9<br \/>\n    <\/a><\/p>\n<p class=\"fig-paragraph\">Kheira Hamraoui estime ne pas avoir \u00e9t\u00e9 soutenue par le club parisien, regrettant \u00e9galement une mise \u00e0 l&rsquo;\u00e9cart apr\u00e8s sa convalescence qui l&rsquo;a incit\u00e9e selon elle \u00e0 partir.<\/p>\n<p class=\"fig-paragraph\">La joueuse est \u00abostracis\u00e9e\u00bb sur le terrain, dans les vestiaires et par les supporteurs parisiens, a assur\u00e9 Me Pascal-Pierre Garbarini lundi lors d&rsquo;une audience au conseil des Prud&rsquo;hommes de Paris, citant les cyber-attaques et insultes sur les r\u00e9seaux sociaux, et le fait que deux de ses co\u00e9quipi\u00e8res (Kadidiatou Diani et Marie-Antoinette Katoto) \u00abrefusent pendant les matches de (lui) adresser des passes\u00bb. \u00abQue fait le PSG\u00a0? Rien\u00a0!\u00bb, a affirm\u00e9 le conseil de la plaignante, avant de r\u00e9clamer 3,5 millions d&rsquo;euros au Paris-SG.<\/p>\n<p>247 mois de salaire<\/p>\n<p class=\"fig-paragraph\">La joueuse r\u00e9clame \u00ab1 million d&rsquo;euros \u00e0 titre de dommages et int\u00e9r\u00eats pour harc\u00e8lement moral, 173.400 euros pour manquement aux obligations de s\u00e9curit\u00e9, 300.000 euros de dommages et int\u00e9r\u00eats pour d\u00e9faut de pr\u00e9vention au harc\u00e8lement moral, 1 million de dommages et int\u00e9r\u00eats pour pr\u00e9judice moral et images et 1 million de dommages et int\u00e9r\u00eats pour perte de chance\u00bb, a d\u00e9taill\u00e9 Me Garbarini. Une demande \u00e9quivalant \u00e0 \u00ab247 mois de salaire\u00bb, a raill\u00e9 l&rsquo;avocat du Paris-SG Me Benjamin Louzier, rappelant que Kheira Hamraoui \u00e9tait pay\u00e9e pendant ses deux ans de contrat 14.450 euros bruts.<\/p>\n<p class=\"fig-paragraph\">\u00abIl n&rsquo;y a pas de pi\u00e8ce\u00bb, \u00abpas de certificat m\u00e9dical\u00bb, souligne l&rsquo;avocat du PSG, qui rel\u00e8ve que Mme Hamraoui n&rsquo;a pas \u00e9crit \u00e0 son employeur, ni saisi le CSE de son entreprise, comme le pr\u00e9voient les dispositifs en vigueur et dont peut se pr\u00e9valoir tout salari\u00e9. Et la soir\u00e9e du 4 novembre 2021, lors de laquelle a eu lieu l&rsquo;agression, est \u00abhors du contrat de travail\u00bb, plaide le conseil du club. Preuve: la joueuse \u00abn&rsquo;a pas demand\u00e9 la qualification de l&rsquo;accident du travail\u00bb, tente-t-il, demandant le rejet de la demande. La d\u00e9cision sera rendue le 16 d\u00e9cembre.<\/p>\n","protected":false},"excerpt":{"rendered":"Pass\u00e9e \u00e0 tabac en 2021 avec la complicit\u00e9 pr\u00e9sum\u00e9e d\u2019une ancienne co\u00e9quipi\u00e8re, la joueuse internationale tricolore de 35&hellip;\n","protected":false},"author":2,"featured_media":541726,"comment_status":"","ping_status":"","sticky":false,"template":"","format":"standard","meta":{"footnotes":""},"categories":[1888],"tags":[1111,1928,11,1927,1777,674,1011,27,12,1926,626,1925,93,25],"class_list":{"0":"post-541725","1":"post","2":"type-post","3":"status-publish","4":"format-standard","5":"has-post-thumbnail","7":"category-paris","8":"tag-actu","9":"tag-actu-paris","10":"tag-actualites","11":"tag-actualites-paris","12":"tag-eu","13":"tag-europe","14":"tag-fr","15":"tag-france","16":"tag-news","17":"tag-news-paris","18":"tag-paris","19":"tag-paris-news","20":"tag-psg","21":"tag-republique-francaise"},"share_on_mastodon":{"url":"https:\/\/pubeurope.com\/@fr\/115568817186988968","error":""},"_links":{"self":[{"href":"https:\/\/www.europesays.com\/fr\/wp-json\/wp\/v2\/posts\/541725","targetHints":{"allow":["GET"]}}],"collection":[{"href":"https:\/\/www.europesays.com\/fr\/wp-json\/wp\/v2\/posts"}],"about":[{"href":"https:\/\/www.europesays.com\/fr\/wp-json\/wp\/v2\/types\/post"}],"author":[{"embeddable":true,"href":"https:\/\/www.europesays.com\/fr\/wp-json\/wp\/v2\/users\/2"}],"replies":[{"embeddable":true,"href":"https:\/\/www.europesays.com\/fr\/wp-json\/wp\/v2\/comments?post=541725"}],"version-history":[{"count":0,"href":"https:\/\/www.europesays.com\/fr\/wp-json\/wp\/v2\/posts\/541725\/revisions"}],"wp:featuredmedia":[{"embeddable":true,"href":"https:\/\/www.europesays.com\/fr\/wp-json\/wp\/v2\/media\/541726"}],"wp:attachment":[{"href":"https:\/\/www.europesays.com\/fr\/wp-json\/wp\/v2\/media?parent=541725"}],"wp:term":[{"taxonomy":"category","embeddable":true,"href":"https:\/\/www.europesays.com\/fr\/wp-json\/wp\/v2\/categories?post=541725"},{"taxonomy":"post_tag","embeddable":true,"href":"https:\/\/www.europesays.com\/fr\/wp-json\/wp\/v2\/tags?post=541725"}],"curies":[{"name":"wp","href":"https:\/\/api.w.org\/{rel}","templated":true}]}}