{"id":541735,"date":"2025-11-18T04:33:14","date_gmt":"2025-11-18T04:33:14","guid":{"rendered":"https:\/\/www.europesays.com\/fr\/541735\/"},"modified":"2025-11-18T04:33:14","modified_gmt":"2025-11-18T04:33:14","slug":"aux-etats-unis-la-chambre-des-representants-va-voter-aujourdhui-sur-la-publication-des-dossiers-epstein","status":"publish","type":"post","link":"https:\/\/www.europesays.com\/fr\/541735\/","title":{"rendered":"Aux \u00c9tats-Unis, la Chambre des Repr\u00e9sentants va voter aujourd\u2019hui sur la publication des dossiers Epstein"},"content":{"rendered":"<p class=\"paragraph text_align_left lp-f-body-02\">La Chambre <a href=\"https:\/\/www.leparisien.fr\/international\/etats-unis\/\" target=\"_blank\" rel=\"noreferrer noopener\">am\u00e9ricaine<\/a> des repr\u00e9sentants (l\u2019\u00e9quivalent de l\u2019Assembl\u00e9e Nationale) votera aujourd\u2019hui sur un texte pour forcer l\u2019administration <a href=\"https:\/\/www.leparisien.fr\/international\/etats-unis\/donald-trump\/\" target=\"_blank\" rel=\"noreferrer noopener\">Trump<\/a> \u00e0 plus de transparence dans l\u2019affaire Epstein. Un scrutin en forme de d\u00e9fi envers le pr\u00e9sident r\u00e9publicain, qui a exerc\u00e9 de fortes pressions pour l\u2019emp\u00eacher avant de devoir renoncer. La proposition de loi vise \u00e0 ordonner au minist\u00e8re de la Justice \u00ab\u00a0de publier tous les documents et archives\u00a0\u00bb en sa possession concernant le financier new-yorkais, mort en prison en 2019 avant son proc\u00e8s pour crimes sexuels.<\/p>\n<p class=\"paragraph text_align_left lp-f-body-02\">Apr\u00e8s avoir men\u00e9 pendant des semaines une v\u00e9ritable campagne publique et en coulisses pour contrecarrer la tenue de ce vote \u00e0 la Chambre, Donald Trump a fait volte-face dimanche en y apportant finalement son soutien. \u00ab\u00a0Nous n\u2019avons rien \u00e0 cacher\u00a0\u00bb, a lanc\u00e9 le pr\u00e9sident qui s\u2019est encore insurg\u00e9 cependant contre ce qu\u2019il consid\u00e8re comme un \u00ab\u00a0canular\u00a0\u00bb mont\u00e9 par l\u2019opposition, affirmant encore lundi que les r\u00e9publicains n\u2019avaient \u00ab\u00a0rien \u00e0 voir avec Epstein\u00a0\u00bb, alors que \u00ab\u00a0les d\u00e9mocrates, oui, tous ses amis \u00e9taient d\u00e9mocrates\u00a0\u00bb.<\/p>\n<p class=\"title-embed-dailymotion lp-color-text lp-f-subtitle-04\">Vid\u00e9oL&rsquo;affaire Jeffrey Epstein fait exploser l&rsquo;idylle entre Trump et une reine MAGA<\/p>\n<p class=\"paragraph text_align_left lp-f-body-02\">Son changement de position est intervenu alors que l\u2019un des auteurs de la proposition de loi, l\u2019\u00e9lu r\u00e9publicain Thomas Massie, a affirm\u00e9 au cours du week-end s\u2019attendre \u00e0 ce que \u00ab\u00a0100 ou plus\u00a0\u00bb de ses coll\u00e8gues de la majorit\u00e9 se joignent \u00e0 lui en faveur de ce texte.<\/p>\n<p class=\"paragraph text_align_left lp-f-body-02\">\u00ab\u00a0En tant que victime, je vous supplie de publier ces documents une bonne fois pour toutes\u00a0\u00bb, a plaid\u00e9 Alicia Arden lors d\u2019une conf\u00e9rence de presse lundi \u00e0 Los Angeles. Cette ancienne mannequin accusait Jeffrey Epstein de l\u2019avoir agress\u00e9e sexuellement en 1997 dans un h\u00f4tel de Californie.<\/p>\n<p class=\"paragraph text_align_left lp-f-body-02\">Dans le m\u00eame temps, une des personnes li\u00e9es \u00e0 l\u2019affaire Epstein a pr\u00e9f\u00e9r\u00e9 jeter l\u2019\u00e9ponge\u00a0: Larry Summers, ministre am\u00e9ricain des Finances sous Bill Clinton devenu pr\u00e9sident de l\u2019universit\u00e9 Harvard dans les ann\u00e9es 2000, a annonc\u00e9 ce lundi se retirer de la vie publique apr\u00e8s la publication de sa correspondance \u00e9lectronique avec le criminel sexuel Jeffrey Epstein. \u00ab\u00a0J\u2019assume l\u2019enti\u00e8re responsabilit\u00e9 de ma d\u00e9cision malavis\u00e9e de continuer \u00e0 communiquer avec M. Epstein\u00a0\u00bb, a-t-il d\u00e9clar\u00e9 dans un communiqu\u00e9. \u00ab\u00a0Tout en continuant \u00e0 remplir mes obligations d\u2019enseignant, je me retirerai de mes engagements publics dans le cadre d\u2019un effort plus large visant \u00e0 r\u00e9tablir la confiance et \u00e0 r\u00e9parer la relation avec mes proches.\u00a0\u00bb<\/p>\n<p>\u00ab\u00a0Donald Trump doit s\u2019\u00e9carter\u00a0\u00bb<\/p>\n<p class=\"paragraph text_align_left lp-f-body-02\">Pour le chef de la minorit\u00e9 d\u00e9mocrate \u00e0 la Chambre, Hakeem Jeffries, les victimes de Jeffrey Epstein et les Am\u00e9ricains \u00ab\u00a0m\u00e9ritent une transparence totale\u00a0\u00bb dans cette affaire. \u00ab\u00a0Cette semaine, la Chambre va agir de mani\u00e8re d\u00e9cisive, le S\u00e9nat doit agir, et Donald Trump doit juste s\u2019\u00e9carter et laisser le sort en d\u00e9cider\u00a0\u00bb, a-t-il exhort\u00e9 depuis le Capitole.<\/p>\n<p class=\"paragraph text_align_left lp-f-body-02\">Car apr\u00e8s son adoption probable \u00e0 la Chambre, la proposition de loi se dirigera vers le S\u00e9nat, sans certitude cependant que le chef r\u00e9publicain de la majorit\u00e9, John Thune, ne d\u00e9cide de le soumettre au vote. Une telle d\u00e9cision exposerait cependant le camp pr\u00e9sidentiel, et la Maison Blanche en particulier, \u00e0 des critiques renouvel\u00e9es sur sa gestion du dossier Epstein.<\/p>\n<p class=\"paragraph text_align_left lp-f-body-02\">Apr\u00e8s avoir promis \u00e0 ses partisans durant sa campagne des r\u00e9v\u00e9lations fracassantes, Donald Trump fait tout pour \u00e9teindre la pol\u00e9mique depuis son retour au pouvoir, provoquant l\u2019incompr\u00e9hension et la col\u00e8re jusque dans son mouvement \u00ab\u00a0MAGA\u00a0\u00bb. L\u2019affaire avait \u00e9t\u00e9 encore relanc\u00e9e la semaine derni\u00e8re par la publication de courriers \u00e9lectroniques du financier new-yorkais, au carnet d\u2019adresses particuli\u00e8rement bien rempli.<\/p>\n<p class=\"paragraph text_align_left lp-f-body-02\">Dans ces e-mails, d\u00e9voil\u00e9s par des parlementaires d\u00e9mocrates, Jeffrey Epstein affirme que Donald Trump \u00ab\u00a0savait \u00e0 propos des filles\u00a0\u00bb agress\u00e9es sexuellement et qu\u2019il avait m\u00eame \u00ab\u00a0pass\u00e9 plusieurs heures\u00a0\u00bb avec l\u2019une d\u2019elles. Le financier \u00e9tait proche du milliardaire r\u00e9publicain \u00e0 partir de la fin des ann\u00e9es 1980, quand les deux hommes d\u2019affaires \u00e9taient des figures de la jet-set new-yorkaise, avant leur brouille au d\u00e9but des ann\u00e9es 2000.<\/p>\n<p class=\"paragraph text_align_left lp-f-body-02\">En amont du scrutin, Thomas Massie a lanc\u00e9 un avertissement aux \u00e9lus qui seraient tent\u00e9s de voter contre sa proposition de loi\u00a0: \u00ab\u00a0Les traces de ce vote survivront au-del\u00e0 de la pr\u00e9sidence de Donald Trump\u00a0\u00bb.<\/p>\n","protected":false},"excerpt":{"rendered":"La Chambre am\u00e9ricaine des repr\u00e9sentants (l\u2019\u00e9quivalent de l\u2019Assembl\u00e9e Nationale) votera aujourd\u2019hui sur un texte pour forcer l\u2019administration Trump&hellip;\n","protected":false},"author":2,"featured_media":541736,"comment_status":"","ping_status":"","sticky":false,"template":"","format":"standard","meta":{"footnotes":""},"categories":[1589],"tags":[11,73,1866,14,12,1864,1865,1863,308],"class_list":{"0":"post-541735","1":"post","2":"type-post","3":"status-publish","4":"format-standard","5":"has-post-thumbnail","7":"category-etats-unis","8":"tag-actualites","9":"tag-etats-unis","10":"tag-etats-unis-damerique","11":"tag-international","12":"tag-news","13":"tag-united-states","14":"tag-united-states-of-america","15":"tag-us","16":"tag-usa"},"share_on_mastodon":{"url":"https:\/\/pubeurope.com\/@fr\/115568837000050567","error":""},"_links":{"self":[{"href":"https:\/\/www.europesays.com\/fr\/wp-json\/wp\/v2\/posts\/541735","targetHints":{"allow":["GET"]}}],"collection":[{"href":"https:\/\/www.europesays.com\/fr\/wp-json\/wp\/v2\/posts"}],"about":[{"href":"https:\/\/www.europesays.com\/fr\/wp-json\/wp\/v2\/types\/post"}],"author":[{"embeddable":true,"href":"https:\/\/www.europesays.com\/fr\/wp-json\/wp\/v2\/users\/2"}],"replies":[{"embeddable":true,"href":"https:\/\/www.europesays.com\/fr\/wp-json\/wp\/v2\/comments?post=541735"}],"version-history":[{"count":0,"href":"https:\/\/www.europesays.com\/fr\/wp-json\/wp\/v2\/posts\/541735\/revisions"}],"wp:featuredmedia":[{"embeddable":true,"href":"https:\/\/www.europesays.com\/fr\/wp-json\/wp\/v2\/media\/541736"}],"wp:attachment":[{"href":"https:\/\/www.europesays.com\/fr\/wp-json\/wp\/v2\/media?parent=541735"}],"wp:term":[{"taxonomy":"category","embeddable":true,"href":"https:\/\/www.europesays.com\/fr\/wp-json\/wp\/v2\/categories?post=541735"},{"taxonomy":"post_tag","embeddable":true,"href":"https:\/\/www.europesays.com\/fr\/wp-json\/wp\/v2\/tags?post=541735"}],"curies":[{"name":"wp","href":"https:\/\/api.w.org\/{rel}","templated":true}]}}