{"id":541739,"date":"2025-11-18T04:35:19","date_gmt":"2025-11-18T04:35:19","guid":{"rendered":"https:\/\/www.europesays.com\/fr\/541739\/"},"modified":"2025-11-18T04:35:19","modified_gmt":"2025-11-18T04:35:19","slug":"soulagee-et-rassuree-lallemagne-verra-lamerique-lete-prochain","status":"publish","type":"post","link":"https:\/\/www.europesays.com\/fr\/541739\/","title":{"rendered":"soulag\u00e9e et rassur\u00e9e, l&rsquo;Allemagne verra l&rsquo;Am\u00e9rique l&rsquo;\u00e9t\u00e9 prochain"},"content":{"rendered":"<p>&#13;<br \/>\n                        Mondial-2026 : soulag\u00e9e et rassur\u00e9e, l&rsquo;Allemagne verra l&rsquo;Am\u00e9rique l&rsquo;\u00e9t\u00e9 prochain&#13;\n                    <\/p>\n<p style=\"text-align:\">L&rsquo;Allemagne a assur\u00e9 lundi soir 17 novembre son ticket pour le Mondial-2026 en Am\u00e9rique du Nord (Canada, \u00c9tats-Unis, Mexique) du 11 juin au 19 juillet, r\u00e9servant sa meilleure prestation pour cette \u00ab\u00a0finale\u00a0\u00bb de groupe sous pression contre la Slovaquie (6-0).<\/p>\n<p><a href=\"https:\/\/lecourrier.vn\/mondial-2026-la-norvege-empoche-son-billet-litalie-encore-en-barrages\/1295410.html\" title=\"Mondial-2026 : la Norv\u00e8ge empoche son billet, l&#039;Italie encore en barrages\" target=\"_blank\" rel=\"noopener\">&gt;&gt; Mondial-2026 : la Norv\u00e8ge empoche son billet, l&rsquo;Italie encore en barrages<\/a><\/p>\n<p><a href=\"https:\/\/lecourrier.vn\/mondial-2026-mission-remplie-sans-saveur-en-azerbaidjan-pour-la-bleusaille\/1295413.html\" title=\"Mondial-2026 : mission remplie sans saveur en Azerba\u00efdjan pour la bleusaille\" target=\"_blank\" rel=\"noopener\">&gt;&gt; Mondial-2026 : mission remplie sans saveur en Azerba\u00efdjan pour la bleusaille<\/a><\/p>\n<tr>\n<td class=\"pic\"><img decoding=\"async\" class=\"lazyload\" src=\"https:\/\/www.europesays.com\/fr\/wp-content\/uploads\/2025\/11\/093830-field_media_image-2968674-68a91e74009e4797ce61c4d81644d4b5a01110f3.webp.webp\" alt=\"\"\/><\/td>\n<\/tr>\n<tr>\n<td class=\"caption\">Le milieu allemand Assan Ouedraogo (au centre) c\u00e9l\u00e8bre son premier but en s\u00e9lection avec ses co\u00e9quipiers Felix Nmecha (\u00e0 gauche) et Nathaniel Brown, le 17 novembre 2025 \u00e0 Leipzig.\u00a0<\/td>\n<\/tr>\n<tr align=\"right\">\n<td class=\"author\">Photo : AFP\/VNA\/CVN<\/td>\n<\/tr>\n<p style=\"text-align:left\">Sur le papier, la pr\u00e9sence de l&rsquo;Allemagne au Mondial-2026 ne semblait \u00eatre qu&rsquo;une formalit\u00e9 pour une nation quadruple championne du monde (1954, 1974, 1990 et 2014), dans un groupe avec le Luxembourg, l&rsquo;Irlande du Nord et la Slovaquie.<\/p>\n<p style=\"text-align:left\">Mais l&rsquo;autoroute devant les joueurs de Julian Nagelsmann s&rsquo;est transform\u00e9e en chemin tortueux, apr\u00e8s la d\u00e9faite inaugurale \u00e0 Bratislava contre la Slovaquie (2-0). Ils ont ensuite franchi les obstacles nord-irlandais (3-1 et 1-0) et luxembourgeois (4-0 et 2-0), non sans se faire quelques frayeurs.<\/p>\n<p style=\"text-align:left\">Face \u00e0 la Slovaquie lundi soir 17 novembre \u00e0 Leipzig, ils ont livr\u00e9 leur match le plus abouti de leur campagne de qualifications. Pressing intense, r\u00e9cup\u00e9ration haute et rapide de la balle, jeu vers l&rsquo;avant, les Allemands n&rsquo;ont pas laiss\u00e9 la moindre chance aux Slovaques.<\/p>\n<p style=\"text-align:left\">Homme providentiel du moment, Nick Woltemade a ouvert le score \u00e0 la 18e minute. Serge Gnabry a doubl\u00e9 la mise onze minutes plus tard et Leroy San\u00e9 a inscrit un doubl\u00e9 (36e et 41e), servi dans la profondeur par Florian Wirtz, auteur de deux passes d\u00e9cisives lumineuses. En seconde p\u00e9riode, Ridle Baku (67e) et Assan Ou\u00e9draogo (79e) ont inscrit leur premier but en s\u00e9lection quelques minutes apr\u00e8s leur entr\u00e9e en jeu.<\/p>\n<p style=\"text-align:left\">Pr\u00e9sente pour la 21e fois en phase finale de la Coupe du monde (en 23 \u00e9ditions), l&rsquo;Allemagne reste sur des \u00e9liminations d\u00e8s le premier tour en Russie en 2018, alors qu&rsquo;elle \u00e9tait tenante du titre, et au Qatar en 2022.<\/p>\n<p style=\"text-align:left\"><b>Outsider pour le dernier carr\u00e9<\/b><\/p>\n<tr>\n<td class=\"pic\"><img decoding=\"async\" class=\"lazyload\" src=\"https:\/\/www.europesays.com\/fr\/wp-content\/uploads\/2025\/11\/093918-field_media_image-2968675-70e4eaa6b3e15da6b1fcc136a148868634012606.webp.webp\" alt=\"\"\/><\/td>\n<\/tr>\n<tr>\n<td class=\"caption\">L&rsquo;avant-centre allemand Nick Woltemade c\u00e9l\u00e8bre l&rsquo;ouverture du score contre la Slovaquie, le 17 novembre \u00e0 Leipzig.\u00a0<\/td>\n<\/tr>\n<tr align=\"right\">\n<td class=\"author\">Photo : AFP\/VNA\/CVN<\/td>\n<\/tr>\n<p style=\"text-align:left\">Dans ce premier Mondial \u00e0 48 \u00e9quipes l&rsquo;\u00e9t\u00e9 prochain, l&rsquo;Allemagne devrait \u00eatre t\u00eate de s\u00e9rie pour le tirage au sort de la phase finale, le 5 d\u00e9cembre \u00e0 Washington, avec un groupe plus abordable.<\/p>\n<p style=\"text-align:left\">Derri\u00e8re l&rsquo;Argentine, tenante du titre, l&rsquo;Espagne, championne d&rsquo;Europe, la France, l&rsquo;Angleterre ou le Portugal, l&rsquo;Allemagne sera parmi les outsiders pour se hisser dans le dernier carr\u00e9, ce qu&rsquo;elle n&rsquo;est plus parvenue \u00e0 faire dans une comp\u00e9tition majeure (Coupe du monde ou Euro) depuis une d\u00e9cennie (d\u00e9faite contre la France en demi-finale de l&rsquo;Euro-2016).<\/p>\n<p style=\"text-align:left\">Rel\u00e9gu\u00e9e sur la sc\u00e8ne internationale entre 2018 et 2022, la Mannschaft a entam\u00e9 un retour progressif lors de l&rsquo;Euro-2024 \u00e0 domicile (d\u00e9faite contre l&rsquo;Espagne, apr\u00e8s prolongation, en quart de finale), puis lors de la phase de groupe de la Ligue des nations 2025.<\/p>\n<p style=\"text-align:left\">Le Final 4 de la Ligue des nations et la phase de qualifications, jusqu&rsquo;au match de lundi, ont fait r\u00e9appara\u00eetre certains doutes.<\/p>\n<p style=\"text-align:left\">La vraie satisfaction allemande de cet automne concerne le poste d&rsquo;avant-centre, en souffrance depuis le triomphe au Mondial-2014 br\u00e9silien et la retraite internationale de Miroslav Klose.<\/p>\n<p style=\"text-align:left\">Nick Woltemade, 23 ans, a marqu\u00e9 les esprits en sauveur de la nation \u00e0 Belfast (1-0) pour son premier but en s\u00e9lection en octobre, et \u00e0 Luxembourg (2-0) pour son premier doubl\u00e9 en novembre. Et lundi, c&rsquo;est lui qui a mis la Mannschaft sur la voie d&rsquo;une soir\u00e9e tranquille.<\/p>\n<p style=\"text-align:left\">L&rsquo;impression laiss\u00e9e lundi soir 17 novembre \u00e0 Leipzig devra \u00eatre confirm\u00e9e lors de la fen\u00eatre internationale fin mars, la derni\u00e8re avant l&rsquo;annonce des joueurs retenus pour disputer la Coupe du monde, dont une rencontre \u00e0 Stuttgart contre la C\u00f4te d&rsquo;Ivoire, le lundi 30 mars.<\/p>\n<p style=\"text-align:right\"><b>AFP\/VNA\/CVN<\/b><\/p>\n","protected":false},"excerpt":{"rendered":"&#13; Mondial-2026 : soulag\u00e9e et rassur\u00e9e, l&rsquo;Allemagne verra l&rsquo;Am\u00e9rique l&rsquo;\u00e9t\u00e9 prochain&#13; L&rsquo;Allemagne a assur\u00e9 lundi soir 17 novembre&hellip;\n","protected":false},"author":2,"featured_media":541740,"comment_status":"","ping_status":"","sticky":false,"template":"","format":"standard","meta":{"footnotes":""},"categories":[1587],"tags":[11,672,4707,1804,1805,1803,1777,674,1801,49871,12,1802],"class_list":{"0":"post-541739","1":"post","2":"type-post","3":"status-publish","4":"format-standard","5":"has-post-thumbnail","7":"category-allemagne","8":"tag-actualites","9":"tag-allemagne","10":"tag-amerique","11":"tag-bundesrepublik-deutschland","12":"tag-de","13":"tag-deutschland","14":"tag-eu","15":"tag-europe","16":"tag-germany","17":"tag-mondial-2026","18":"tag-news","19":"tag-republique-federale-dallemagne"},"share_on_mastodon":{"url":"https:\/\/pubeurope.com\/@fr\/115568845723172936","error":""},"_links":{"self":[{"href":"https:\/\/www.europesays.com\/fr\/wp-json\/wp\/v2\/posts\/541739","targetHints":{"allow":["GET"]}}],"collection":[{"href":"https:\/\/www.europesays.com\/fr\/wp-json\/wp\/v2\/posts"}],"about":[{"href":"https:\/\/www.europesays.com\/fr\/wp-json\/wp\/v2\/types\/post"}],"author":[{"embeddable":true,"href":"https:\/\/www.europesays.com\/fr\/wp-json\/wp\/v2\/users\/2"}],"replies":[{"embeddable":true,"href":"https:\/\/www.europesays.com\/fr\/wp-json\/wp\/v2\/comments?post=541739"}],"version-history":[{"count":0,"href":"https:\/\/www.europesays.com\/fr\/wp-json\/wp\/v2\/posts\/541739\/revisions"}],"wp:featuredmedia":[{"embeddable":true,"href":"https:\/\/www.europesays.com\/fr\/wp-json\/wp\/v2\/media\/541740"}],"wp:attachment":[{"href":"https:\/\/www.europesays.com\/fr\/wp-json\/wp\/v2\/media?parent=541739"}],"wp:term":[{"taxonomy":"category","embeddable":true,"href":"https:\/\/www.europesays.com\/fr\/wp-json\/wp\/v2\/categories?post=541739"},{"taxonomy":"post_tag","embeddable":true,"href":"https:\/\/www.europesays.com\/fr\/wp-json\/wp\/v2\/tags?post=541739"}],"curies":[{"name":"wp","href":"https:\/\/api.w.org\/{rel}","templated":true}]}}