{"id":541743,"date":"2025-11-18T04:37:20","date_gmt":"2025-11-18T04:37:20","guid":{"rendered":"https:\/\/www.europesays.com\/fr\/541743\/"},"modified":"2025-11-18T04:37:20","modified_gmt":"2025-11-18T04:37:20","slug":"les-presidents-des-rup-alertent-lunion-europeenne-sur-les-orientations-du-futur-budget-2028-2034","status":"publish","type":"post","link":"https:\/\/www.europesays.com\/fr\/541743\/","title":{"rendered":"Les pr\u00e9sidents des RUP alertent l\u2019Union europ\u00e9enne sur les orientations du futur budget 2028-2034"},"content":{"rendered":"<p style=\"text-align: justify;\" data-start=\"507\" data-end=\"870\">D\u2019un montant envisag\u00e9 de 2.000 milliards d\u2019euros, ce projet pr\u00e9voit, selon le communiqu\u00e9 du d\u00e9partement de Mayotte : \u00ab\u00a0une renationalisation progressive des fonds europ\u00e9ens\u00a0\u00bb et \u00ab\u00a0un recentrage sur la comp\u00e9titivit\u00e9 industrielle et la s\u00e9curit\u00e9\u00a0\u00bb, \u00ab\u00a0au d\u00e9triment des politiques territoriales diff\u00e9renci\u00e9es qui constituent le socle de l\u2019action en faveur des RUP\u00a0\u00bb.<\/p>\n<p style=\"text-align: justify;\" data-start=\"872\" data-end=\"1147\">Les pr\u00e9sidents d\u00e9noncent un \u00ab\u00a0recul sans pr\u00e9c\u00e9dent\u00a0\u00bb, qu\u2019ils jugent \u00ab\u00a0contraire aux dispositions de l\u2019article 349 du TFUE et \u00e0 la jurisprudence de la Cour de justice (arr\u00eat Mayotte, 2015), qui reconnaissent les sp\u00e9cificit\u00e9s et les besoins particuliers de ces territoires\u00a0\u00bb.<\/p>\n<p style=\"text-align: justify;\" data-start=\"1149\" data-end=\"1515\">Par une d\u00e9claration commune, ils r\u00e9affirment \u00ab\u00a0la n\u00e9cessit\u00e9 d\u2019un engagement fort et durable de l\u2019Union europ\u00e9enne\u00a0\u00bb et rappellent que les RUP repr\u00e9sentent \u00ab\u00a0un atout strat\u00e9gique majeur, contribuant \u00e0 faire de l\u2019UE la 2\u00e8me puissance maritime mondiale\u00a0\u00bb ainsi qu\u2019 \u00ab\u00a0une projection g\u00e9ographique unique, qui fait de l\u2019Union un espace o\u00f9 le soleil ne se couche jamais\u00a0\u00bb.<\/p>\n<p style=\"text-align: justify;\" data-start=\"1517\" data-end=\"1690\">Les positions des pr\u00e9sidents des RUP seront d\u00e9fendues d\u00e8s ce mardi 18 novembre 2025, lors d\u2019un forum de haut niveau avec des repr\u00e9sentants de la Commission et du Parlement europ\u00e9ens.<\/p>\n","protected":false},"excerpt":{"rendered":"D\u2019un montant envisag\u00e9 de 2.000 milliards d\u2019euros, ce projet pr\u00e9voit, selon le communiqu\u00e9 du d\u00e9partement de Mayotte :&hellip;\n","protected":false},"author":2,"featured_media":541744,"comment_status":"","ping_status":"","sticky":false,"template":"","format":"standard","meta":{"footnotes":""},"categories":[1586],"tags":[11,65946,30456,1777,674,1779,30167,1011,27,8245,12,4168,25,1778,364],"class_list":{"0":"post-541743","1":"post","2":"type-post","3":"status-publish","4":"format-standard","5":"has-post-thumbnail","7":"category-europe","8":"tag-actualites","9":"tag-cadre-financier-pluriannuel","10":"tag-conseil-departemental","11":"tag-eu","12":"tag-europe","13":"tag-european-union","14":"tag-fonds-europeens","15":"tag-fr","16":"tag-france","17":"tag-mayotte","18":"tag-news","19":"tag-regions-ultraperipheriques","20":"tag-republique-francaise","21":"tag-ue","22":"tag-union-europeenne"},"share_on_mastodon":{"url":"https:\/\/pubeurope.com\/@fr\/115568853210254769","error":""},"_links":{"self":[{"href":"https:\/\/www.europesays.com\/fr\/wp-json\/wp\/v2\/posts\/541743","targetHints":{"allow":["GET"]}}],"collection":[{"href":"https:\/\/www.europesays.com\/fr\/wp-json\/wp\/v2\/posts"}],"about":[{"href":"https:\/\/www.europesays.com\/fr\/wp-json\/wp\/v2\/types\/post"}],"author":[{"embeddable":true,"href":"https:\/\/www.europesays.com\/fr\/wp-json\/wp\/v2\/users\/2"}],"replies":[{"embeddable":true,"href":"https:\/\/www.europesays.com\/fr\/wp-json\/wp\/v2\/comments?post=541743"}],"version-history":[{"count":0,"href":"https:\/\/www.europesays.com\/fr\/wp-json\/wp\/v2\/posts\/541743\/revisions"}],"wp:featuredmedia":[{"embeddable":true,"href":"https:\/\/www.europesays.com\/fr\/wp-json\/wp\/v2\/media\/541744"}],"wp:attachment":[{"href":"https:\/\/www.europesays.com\/fr\/wp-json\/wp\/v2\/media?parent=541743"}],"wp:term":[{"taxonomy":"category","embeddable":true,"href":"https:\/\/www.europesays.com\/fr\/wp-json\/wp\/v2\/categories?post=541743"},{"taxonomy":"post_tag","embeddable":true,"href":"https:\/\/www.europesays.com\/fr\/wp-json\/wp\/v2\/tags?post=541743"}],"curies":[{"name":"wp","href":"https:\/\/api.w.org\/{rel}","templated":true}]}}