{"id":541758,"date":"2025-11-18T04:50:15","date_gmt":"2025-11-18T04:50:15","guid":{"rendered":"https:\/\/www.europesays.com\/fr\/541758\/"},"modified":"2025-11-18T04:50:15","modified_gmt":"2025-11-18T04:50:15","slug":"lhumoriste-anthony-joubert-violemme","status":"publish","type":"post","link":"https:\/\/www.europesays.com\/fr\/541758\/","title":{"rendered":"l\u2019humoriste Anthony Joubert violemme &#8230;"},"content":{"rendered":"<p>EN BREF<\/p>\n<ul class=\"bloc_resume_post_list\">\n<li>Le 15 novembre 2025, Anthony Joubert a \u00e9t\u00e9 agress\u00e9 dans<br \/>\nun TER entre Paris et Compi\u00e8gne, suscitant une vive<br \/>\n\u00e9motion.<\/li>\n<li>Malgr\u00e9 un visage tum\u00e9fi\u00e9, il a d\u00e9cid\u00e9 de monter sur sc\u00e8ne<br \/>\nle soir m\u00eame pour son public.<\/li>\n<li>L\u00a0\u00bbincident a mis en lumi\u00e8re les risques de la c\u00e9l\u00e9brit\u00e9<br \/>\net la n\u00e9cessit\u00e9 de dispositifs de s\u00e9curit\u00e9 renforc\u00e9s.<\/li>\n<\/ul>\n<p>L\u2019humoriste <a href=\"https:\/\/www.telestar.fr\/people\/anthony-joubert-ex-incroyable-talent-sort-un-disque-3659\" target=\"_blank\" rel=\"noopener\"><br \/>\nAnthony Joubert<\/a> a \u00e9t\u00e9 violemment agress\u00e9 dans un train alors<br \/>\nqu\u2019il se rendait \u00e0 son spectacle. Son agression a suscit\u00e9 une vive<br \/>\n\u00e9motion sur le plateau de TBT9 et au sein du public. Cyril Hanouna,<br \/>\npr\u00e9sentateur embl\u00e9matique, s\u2019est dit choqu\u00e9 par <strong>le visage<br \/>\ntum\u00e9fi\u00e9 de l\u2019artiste<\/strong>, qui est apparu d\u00e9figur\u00e9 \u00e0 l\u2019\u00e9cran<br \/>\nsuite \u00e0 cet acte brutal.<\/p>\n<p>Malgr\u00e9 ces circonstances traumatisantes, Anthony Joubert a<br \/>\naffirm\u00e9 sur les r\u00e9seaux sociaux vouloir continuer \u00e0 exercer son<br \/>\nm\u00e9tier, allant jusqu\u2019\u00e0 monter sur sc\u00e8ne le soir m\u00eame pour ne pas<br \/>\nd\u00e9cevoir son public.\u200b<\/p>\n<p>Cyril Hanouna choqu\u00e9 dans TBT9<\/p>\n<p>Lors de <a href=\"https:\/\/www.telestar.fr\/actu_tv\/une-nouvelle-recrue-dans-tbt9-cest-une-tres-celebre-animatrice-qui-na-pas-sa-langue-dans-sa-poche-1744485\" target=\"_blank\" rel=\"noopener\"><br \/>\nl\u2019\u00e9mission TBT9<\/a> ce lundi 17 novembre, <a href=\"https:\/\/www.telestar.fr\/actu_tv\/ca-nest-pas-mon-ami-cyril-hanouna-retablit-la-verite-sur-sa-relation-avec-un-chroniqueur-1745355\" target=\"_blank\" rel=\"noopener\"><br \/>\nCyril Hanouna<\/a> a exprim\u00e9 sa stup\u00e9faction devant l\u2019\u00e9tat d\u2019Anthony<br \/>\nJoubert : <strong>\u00ab\u00a0C&rsquo;est catastrophique\u00a0\u00bb<\/strong>, a-t-il<br \/>\nl\u00e2ch\u00e9. \u00ab\u00a0\u00c7a fait peur. Il aurait pu vous d\u00e9molir\u00a0\u00bb,\u00a0 a<br \/>\nrench\u00e9ri Gilles Verdez. L&rsquo;animateur, tr\u00e8s impliqu\u00e9 dans la<br \/>\nprotection de ses invit\u00e9s et chroniqueurs, a d\u00e9nonc\u00e9 la mont\u00e9e de<br \/>\nla violence et a appel\u00e9 \u00e0 revoir les dispositifs de s\u00e9curit\u00e9 pour<br \/>\nles personnalit\u00e9s publiques.<\/p>\n<p>Cette s\u00e9quence, tr\u00e8s comment\u00e9e sur les r\u00e9seaux sociaux, a mis en<br \/>\nlumi\u00e8re <strong>le courage d&rsquo;Anthony Joubert.<\/strong> \u00ab\u00a0Tant<br \/>\nqu&rsquo;on ne l&rsquo;a pas v\u00e9cu, on ne sait pas ce que c&rsquo;est\u00a0\u00bb, a-t-il<br \/>\nconfi\u00e9, profond\u00e9ment \u00e9mu. Ce dernier a tenu ses engagements malgr\u00e9<br \/>\nle traumatisme, et la solidarit\u00e9 du monde du spectacle face \u00e0<br \/>\nl\u2019adversit\u00e9.\u200b Alors que l\u2019agression a \u00e9t\u00e9 violente, Anthony Joubert<br \/>\na remerci\u00e9 ses fans pour leur soutien. Il a port\u00e9 plainte peu apr\u00e8s<br \/>\nles faits, d\u00e9termin\u00e9 \u00e0 poursuivre sa carri\u00e8re tout en alertant sur<br \/>\nles risques inh\u00e9rents \u00e0 la c\u00e9l\u00e9brit\u00e9.\u200b<\/p>\n<blockquote class=\"twitter-tweet\"><p><a class=\"twitter-link\" rel=\"noindex, nofollow noopener\" href=\"https:\/\/twitter.com\/TBT9_W9\/status\/1990509962016039237\" target=\"_blank\"><\/p><\/blockquote>\n<p>L\u2019agression, un acte brutal en plein<br \/>\nTER<\/p>\n<p>L&rsquo;incident s\u2019est produit le samedi 15 novembre 2025, alors<br \/>\nqu&rsquo;Anthony Joubert se trouvait dans un TER reliant Paris \u00e0<br \/>\nCompi\u00e8gne. Un inconnu l\u2019a pris \u00e0 partie sans raison apparente et<br \/>\nl\u2019a frapp\u00e9 violemment au visage. L\u2019humoriste est descendu en gare<br \/>\nde Compi\u00e8gne. Il a rapidement \u00e9t\u00e9 pris en charge par les pompiers,<br \/>\navec un \u0153il gonfl\u00e9 et <strong>de profondes entailles<\/strong><br \/>\nautour de la bouche.<\/p>\n<p>Dans ses stories Instagram, il a confi\u00e9 <strong>sa sid\u00e9ration<br \/>\nface \u00e0 cette agression<\/strong>, estimant que \u00ab\u00a0\u00e7a aurait pu \u00eatre<br \/>\npire\u00a0\u00bb. Dans l&rsquo;\u00e9mission de Cyril Hanouna, l&rsquo;humoriste a rappel\u00e9 la<br \/>\nn\u00e9cessit\u00e9 de rester vigilant face \u00e0 la violence impr\u00e9visible de<br \/>\ncertains individus.<\/p>\n<p><script async src=\"https:\/\/platform.twitter.com\/widgets.js\" charset=\"utf-8\"><\/script><\/p>\n","protected":false},"excerpt":{"rendered":"EN BREF Le 15 novembre 2025, Anthony Joubert a \u00e9t\u00e9 agress\u00e9 dans un TER entre Paris et Compi\u00e8gne,&hellip;\n","protected":false},"author":2,"featured_media":541759,"comment_status":"","ping_status":"","sticky":false,"template":"","format":"standard","meta":{"footnotes":""},"categories":[1359],"tags":[548,1083,58,59,1011,27,973],"class_list":{"0":"post-541758","1":"post","2":"type-post","3":"status-publish","4":"format-standard","5":"has-post-thumbnail","7":"category-people","8":"tag-article-simple","9":"tag-cyril-hanouna","10":"tag-divertissement","11":"tag-entertainment","12":"tag-fr","13":"tag-france","14":"tag-people"},"share_on_mastodon":{"url":"https:\/\/pubeurope.com\/@fr\/115568903782528560","error":""},"_links":{"self":[{"href":"https:\/\/www.europesays.com\/fr\/wp-json\/wp\/v2\/posts\/541758","targetHints":{"allow":["GET"]}}],"collection":[{"href":"https:\/\/www.europesays.com\/fr\/wp-json\/wp\/v2\/posts"}],"about":[{"href":"https:\/\/www.europesays.com\/fr\/wp-json\/wp\/v2\/types\/post"}],"author":[{"embeddable":true,"href":"https:\/\/www.europesays.com\/fr\/wp-json\/wp\/v2\/users\/2"}],"replies":[{"embeddable":true,"href":"https:\/\/www.europesays.com\/fr\/wp-json\/wp\/v2\/comments?post=541758"}],"version-history":[{"count":0,"href":"https:\/\/www.europesays.com\/fr\/wp-json\/wp\/v2\/posts\/541758\/revisions"}],"wp:featuredmedia":[{"embeddable":true,"href":"https:\/\/www.europesays.com\/fr\/wp-json\/wp\/v2\/media\/541759"}],"wp:attachment":[{"href":"https:\/\/www.europesays.com\/fr\/wp-json\/wp\/v2\/media?parent=541758"}],"wp:term":[{"taxonomy":"category","embeddable":true,"href":"https:\/\/www.europesays.com\/fr\/wp-json\/wp\/v2\/categories?post=541758"},{"taxonomy":"post_tag","embeddable":true,"href":"https:\/\/www.europesays.com\/fr\/wp-json\/wp\/v2\/tags?post=541758"}],"curies":[{"name":"wp","href":"https:\/\/api.w.org\/{rel}","templated":true}]}}