{"id":541760,"date":"2025-11-18T04:51:22","date_gmt":"2025-11-18T04:51:22","guid":{"rendered":"https:\/\/www.europesays.com\/fr\/541760\/"},"modified":"2025-11-18T04:51:22","modified_gmt":"2025-11-18T04:51:22","slug":"pres-de-caen-la-peinture-de-lord-decore-les-murs-dedans-dehors","status":"publish","type":"post","link":"https:\/\/www.europesays.com\/fr\/541760\/","title":{"rendered":"Pr\u00e8s de Caen, la peinture de Lord d\u00e9core les murs, dedans, dehors"},"content":{"rendered":"<p>                    Par<br \/>\n        <strong><br \/>\n            <a href=\"https:\/\/actu.fr\/auteur\/journaliste-liberte\" title=\"Consulter tous les articles de R\u00e9daction Caen\" target=\"_blank\" rel=\"noopener\">R\u00e9daction Caen<\/a><br \/>\n                    <\/strong><\/p>\n<p>        Publi\u00e9 le<\/p>\n<p>            17 nov. 2025 \u00e0 6h46        <\/p>\n<p>Sur le chemin des Coteaux, \u00e0 hauteur de l<b>a ferme Pomikal<\/b> \u00e0<b> Fleury-sur-Orne<\/b>, pr\u00e8s de <a href=\"https:\/\/actu.fr\/normandie\/caen_14118\" target=\"_blank\" rel=\"noopener\">Caen<\/a> (Calvados), un mur attirait <b>les tags.<\/b> Henri Pomikal y a alors \u00e9crit : \u00ab si vous voulez taguer, appelez-moi ! \u00bb Message re\u00e7u cet \u00e9t\u00e9 par K\u00e9vin Sevestre, alias Lord, artiste peintre de 37 ans.<\/p>\n<p>Une peinture murale sur 40 m\u00e8tres \u00e0 Fleury-sur-Orne<\/p>\n<p class=\" wall-content\">En juin 2025, il a r\u00e9alis\u00e9 <b>une peinture murale couvrant les 40\u00a0m\u00e8tres de mur <\/b>de la ferme donnant sur la rue. Henri Pomikal souhaitait y voir \u00ab les <b>sites embl\u00e9matiques de la ville <\/b>\u00bb : le bourg et son \u00e9glise, le ch\u00e2teau d\u2019eau, l\u2019\u00eele enchant\u00e9e, l\u2019Orne, le pont m\u00e9tallique qui franchit le fleuve et la culture du miscanthus, une des sp\u00e9cialit\u00e9s de la famille Pomikal, avec le chanvre, le lin et les c\u00e9r\u00e9ales. Il a fourni des photos \u00e0 l\u2019artiste.<\/p>\n<blockquote class=\"ac-article-quote wall-content\">\n<p>J\u2019ai aussi voulu faire travailler un jeune qui d\u00e9marre. \u00c7a m\u2019a co\u00fbt\u00e9 \u00e0 peine plus qu\u2019un ravalement, c\u2019est plus sympa et \u00e7a devrait tenir plus longtemps.<\/p>\n<p>Henri Pomikal<\/p><\/blockquote>\n<p>Trois semaines de travail<\/p>\n<p class=\" wall-content\">La t\u00e2che n\u2019\u00e9tait pas simple. Il a fallu d\u2019abord<b> s\u2019adapter aux diff\u00e9rentes surfaces<\/b> en b\u00e9ton et en t\u00f4le ondul\u00e9e et aux trois hauteurs de mur : 1,50 m, 3m et 3,50 m. Puis, \u00ab aplatir le coin \u00bb, le faire dispara\u00eetre dans le dessin gr\u00e2ce \u00e0 l\u2019anamorphose. Une technique dont Kevin Sevestre a encore us\u00e9 pour incorporer le poteau, le boitier EDF, les descentes de goutti\u00e8res. Apr\u00e8s une sous-couche durable au rouleau, Lord s\u2019est servi de bombes aux multiples teintes.<\/p>\n<blockquote class=\"ac-article-quote wall-content\">\n<p>C\u2019\u00e9tait le gros du travail : faire ressortir les \u00e9l\u00e9ments, donner du relief en insistant sur les contrastes, mon identit\u00e9 artistique, et rester coh\u00e9rent avec l\u2019existant. Beaucoup de passants m\u2019ont fait des suggestions. J\u2019ai appr\u00e9ci\u00e9.<\/p>\n<p>K\u00e9vin Sevestre, alias Lord<\/p><\/blockquote>\n<p>    <img   decoding=\"async\" loading=\"lazy\" class=\"size-large\" src=\"https:\/\/www.europesays.com\/fr\/wp-content\/uploads\/2025\/11\/552858c60a096792858c60a094d285v-960x640.jpg\" alt=\"Lordeco\" width=\"960\" height=\"640\"\/><br \/>\n    Une oie de l\u2019\u00eele enchant\u00e9e garde un \u0153il sur les passants. \u00a9NK \/ libert\u00e9<\/p>\n<p class=\" wall-content\">Ce tableau, qui a demand\u00e9 <b>trois semaines de travail<\/b>, reproduit le point de vue depuis la digue entre l\u2019\u00eele enchant\u00e9e et le pont. \u00ab Il appartient maintenant aux Fleurysiens. \u00bb<\/p>\n<p>Des d\u00e9cors muraux pour professionnels et particuliers<\/p>\n<p class=\" wall-content\">Remis de ses grosses su\u00e9es sous le soleil de juin, l\u2019artiste a rapidement eu <b>des retours positifs <\/b>gr\u00e2ce au num\u00e9ro de t\u00e9l\u00e9phone qu\u2019il a laiss\u00e9 sur le mur. Un contact pour d\u2019autres \u0153uvres, car il peut peindre plus petit, pour les professionnels ou les particuliers : un <b>tableau sur toile<\/b>, un paysage r\u00e9aliste sur un rideau m\u00e9tallique de magasin, des super-h\u00e9ros sur le <b>mur d\u2019une chambre d\u2019enfants,<\/b> \u00ab de plus en plus demand\u00e9s \u00bb, dans un style street-art.<\/p>\n<p>Votre r\u00e9gion, votre actu !<\/p>\n<p>Recevez chaque jour les infos qui comptent pour vous.<\/p>\n<p>\t<a href=\"https:\/\/actu.fr\/newsletter\" class=\"ac-btn ac-btn--corner ac-btn--medium ac-btn--blue800\" target=\"_blank\" rel=\"noopener\">S&rsquo;incrire<\/a><br \/>\nUne premi\u00e8re vie d\u2019\u00e9ducateur<\/p>\n<p class=\" wall-content\">\u00c0 son compte depuis le mois de janvier\u00a02025, Kevin Sevestre peut aussi intervenir<b> aupr\u00e8s de jeunes difficiles ou en situation de handicap<\/b>. C\u2019est d\u2019ailleurs son premier m\u00e9tier.<\/p>\n<p>    <img   decoding=\"async\" loading=\"lazy\" class=\"size-large\" src=\"https:\/\/www.europesays.com\/fr\/wp-content\/uploads\/2025\/11\/ebf158c60a096fff158c60a09d3025v-960x640.jpg\" alt=\"Lordeco\" width=\"960\" height=\"640\"\/><br \/>\n    Des randonneurs ont sollicit\u00e9 Henri Pomikal, \u00e0 droite avec Lord, pour une visite de sa ferme et de la d\u00e9coration murale. \u00a9NK \/ libert\u00e9<\/p>\n<p class=\" wall-content\">Ce natif de Caen, dont la m\u00e8re<b> travaillait au Foyer Soleil,<\/b> \u00e0 Fleury-sur-Orne, a c\u00f4toy\u00e9 le handicap d\u00e8s l\u2019enfance. \u00ab Je f\u00eatais des No\u00ebls l\u00e0-bas ! \u00bb Moniteur-\u00e9ducateur \u00e0 22 ans apr\u00e8s trois ans d\u2019animation en colonie avec les \u00c9claireurs de France, K\u00e9vin a d\u00e9velopp\u00e9 la pratique de la peinture aupr\u00e8s de plusieurs jeunes publics, handicap\u00e9s ou pas : apprentis, sourds et muets, agressifs, trisomiques\u2026<\/p>\n<blockquote class=\"ac-article-quote wall-content\">\n<p>A mes d\u00e9buts en peinture \u00e0 20 ans, je n\u2019\u00e9tais pas dou\u00e9, mais je n\u2019ai pas pris de cours. Je me suis int\u00e9ress\u00e9 \u00e0 des peintres, j\u2019ai cherch\u00e9 \u00e0 comprendre les techniques, comment amener le regard, avec un penchant pour les paysages.<\/p>\n<\/blockquote>\n<p class=\" wall-content\">Son premier poste, quatre ans \u00e0 la Maison D\u00e9partementale de l\u2019Enfance et de la Famille, a \u00e9t\u00e9 \u00ab le plus marquant \u00bb : une structure exp\u00e9rimentale avec un \u00e9ducateur par sp\u00e9cialit\u00e9 (musique, football, peinture\u2026), seulement cinq enfants, du temps et des moyens. \u00ab Un syst\u00e8me courant dans les pays nordiques, en avance dans le domaine. \u00bb<\/p>\n<p class=\" wall-content\">Parall\u00e8lement, K\u00e9vin continuait \u00e0 am\u00e9liorer sa compr\u00e9hension de l\u2019image et sa reproduction en peinture. Jusqu\u2019\u00e0 se sentir pr\u00eat \u00e0 y consacrer tout son temps et tout son talent d\u2019autodidacte libre, fort de quinze ann\u00e9es d\u2019exp\u00e9rience.<\/p>\n<p>Lord artiste peintre, 06 62 37 57 86, <a href=\"https:\/\/actu.fr\/cdn-cgi\/l\/email-protection\" class=\"__cf_email__\" data-cfemail=\"3043554655434442555b5546595e0104705f45445c5f5f5b1e5642\" target=\"_blank\" rel=\"noopener\">[email\u00a0protected]<\/a>, @lordecofficiel.<\/p>\n<p class=\" wall-content\">Personnalisez votre actualit\u00e9 en ajoutant vos villes et m\u00e9dias en favori avec <a href=\"https:\/\/moncompte.actu.fr\" title=\"D\u00e9couvez Mon Actu\" rel=\"nofollow noopener\" data-trk=\"{&quot;cta&quot;:{&quot;action&quot;:&quot;https:\\\/\\\/moncompte.actu.fr&quot;,&quot;category&quot;:&quot;mon compte&quot;,&quot;from&quot;:&quot;article footer&quot;,&quot;name&quot;:&quot;Mon actu&quot;,&quot;type&quot;:&quot;cta&quot;}}\" target=\"_blank\">Mon Actu<\/a>.<\/p>\n","protected":false},"excerpt":{"rendered":"Par R\u00e9daction Caen Publi\u00e9 le 17 nov. 2025 \u00e0 6h46 Sur le chemin des Coteaux, \u00e0 hauteur de&hellip;\n","protected":false},"author":2,"featured_media":541761,"comment_status":"","ping_status":"","sticky":false,"template":"","format":"standard","meta":{"footnotes":""},"categories":[1358],"tags":[1348,1384,1385,5492,1386,58,59,1011,27,104],"class_list":{"0":"post-541760","1":"post","2":"type-post","3":"status-publish","4":"format-standard","5":"has-post-thumbnail","7":"category-arts-et-design","8":"tag-arts","9":"tag-arts-and-design","10":"tag-arts-et-design","11":"tag-caen","12":"tag-design","13":"tag-divertissement","14":"tag-entertainment","15":"tag-fr","16":"tag-france","17":"tag-societe"},"share_on_mastodon":{"url":"https:\/\/pubeurope.com\/@fr\/115568908211341938","error":""},"_links":{"self":[{"href":"https:\/\/www.europesays.com\/fr\/wp-json\/wp\/v2\/posts\/541760","targetHints":{"allow":["GET"]}}],"collection":[{"href":"https:\/\/www.europesays.com\/fr\/wp-json\/wp\/v2\/posts"}],"about":[{"href":"https:\/\/www.europesays.com\/fr\/wp-json\/wp\/v2\/types\/post"}],"author":[{"embeddable":true,"href":"https:\/\/www.europesays.com\/fr\/wp-json\/wp\/v2\/users\/2"}],"replies":[{"embeddable":true,"href":"https:\/\/www.europesays.com\/fr\/wp-json\/wp\/v2\/comments?post=541760"}],"version-history":[{"count":0,"href":"https:\/\/www.europesays.com\/fr\/wp-json\/wp\/v2\/posts\/541760\/revisions"}],"wp:featuredmedia":[{"embeddable":true,"href":"https:\/\/www.europesays.com\/fr\/wp-json\/wp\/v2\/media\/541761"}],"wp:attachment":[{"href":"https:\/\/www.europesays.com\/fr\/wp-json\/wp\/v2\/media?parent=541760"}],"wp:term":[{"taxonomy":"category","embeddable":true,"href":"https:\/\/www.europesays.com\/fr\/wp-json\/wp\/v2\/categories?post=541760"},{"taxonomy":"post_tag","embeddable":true,"href":"https:\/\/www.europesays.com\/fr\/wp-json\/wp\/v2\/tags?post=541760"}],"curies":[{"name":"wp","href":"https:\/\/api.w.org\/{rel}","templated":true}]}}