{"id":541762,"date":"2025-11-18T04:53:16","date_gmt":"2025-11-18T04:53:16","guid":{"rendered":"https:\/\/www.europesays.com\/fr\/541762\/"},"modified":"2025-11-18T04:53:16","modified_gmt":"2025-11-18T04:53:16","slug":"star-academy-aya-nakamura-a-rendu-visite-aux-eleves-au-chateau-et-elle-avait-une-surprise-pour-eux","status":"publish","type":"post","link":"https:\/\/www.europesays.com\/fr\/541762\/","title":{"rendered":"\u00ab Star Academy \u00bb : Aya Nakamura a rendu visite aux \u00e9l\u00e8ves au ch\u00e2teau (et elle avait une surprise pour eux)"},"content":{"rendered":"<p class=\"mb-4 text-lg md:leading-8 break-words\">DIVERTISSEMENT &#8211; Les acad\u00e9miciens n\u2019en croyaient pas leurs yeux. <a data-i13n=\"cpos:1;pos:1\" href=\"https:\/\/fr.news.yahoo.com\/aya-nakamura-cite-kylian-mbapp%C3%A9-163819893.html\" data-ylk=\"slk:Aya Nakamura;cpos:1;pos:1;elm:context_link;itc:0;sec:content-canvas;outcm:mb_qualified_link;_E:mb_qualified_link;ct:story;\" class=\"link  yahoo-link\" target=\"_blank\" rel=\"noopener\">Aya Nakamura<\/a> a fait une surprise aux candidats de la \u00ab <a data-i13n=\"cpos:2;pos:1\" href=\"https:\/\/fr.news.yahoo.com\/l-hymne-star-academy-dote-203015540.html\" data-ylk=\"slk:Star Academy;cpos:2;pos:1;elm:context_link;itc:0;sec:content-canvas;outcm:mb_qualified_link;_E:mb_qualified_link;ct:story;\" class=\"link  yahoo-link\" target=\"_blank\" rel=\"noopener\">Star Academy<\/a> \u00bb en leur rendant visite au ch\u00e2teau de Damarie-l\u00e8s-Lys ce lundi 17 novembre. Dans les s\u00e9quences qui devraient \u00eatre montr\u00e9es dans la quotidienne de mardi sur TF1, la chanteuse a discut\u00e9 avec les \u00e9l\u00e8ves&#8230; et leur a d\u00e9voil\u00e9 un morceau de son nouvel album.<\/p>\n<p class=\"mb-4 text-lg md:leading-8 break-words\"><strong>Comme vous pouvez le voir dans l\u2019extrait ci-dessous<\/strong>, Aya Nakamura a fait \u00e9couter en exclusivit\u00e9 aux acad\u00e9miciens la chanson No Stress qui figure sur la tracklist de <a data-i13n=\"cpos:3;pos:1\" href=\"https:\/\/fr.news.yahoo.com\/aya-nakamura-va-donner-affronter-144044918.html\" data-ylk=\"slk:Destin\u00e9e;cpos:3;pos:1;elm:context_link;itc:0;sec:content-canvas;outcm:mb_qualified_link;_E:mb_qualified_link;ct:story;\" class=\"link  yahoo-link\" target=\"_blank\" rel=\"noopener\">Destin\u00e9e<\/a>, son album qui sortira vendredi. D\u2019apr\u00e8s les s\u00e9quences diffus\u00e9es sur la plateforme TF1+ ce lundi, les \u00e9l\u00e8ves ont \u00e9t\u00e9 plut\u00f4t convaincus par le titre et c\u2019est tant mieux : ils seront quelques uns \u00e0 partager la sc\u00e8ne du studio 217 avec l\u2019interpr\u00e8te de Djadja lors du prochain prime.<\/p>\n<p class=\"mb-4 text-lg md:leading-8 break-words\"><a data-i13n=\"cpos:4;pos:1\" href=\"https:\/\/fr.news.yahoo.com\/prime-star-academy-2025-choix-090049575.html\" data-ylk=\"slk:Au prime de la \u00ab Star Academy \u00bb, l\u2019\u00e9limination ne s\u2019est pas pass\u00e9e comme pr\u00e9vu;cpos:4;pos:1;elm:context_link;itc:0;sec:content-canvas;outcm:mb_qualified_link;_E:mb_qualified_link;ct:story;\" class=\"link  yahoo-link\" target=\"_blank\" rel=\"noopener\"> Au prime de la \u00ab Star Academy \u00bb, l\u2019\u00e9limination ne s\u2019est pas pass\u00e9e comme pr\u00e9vu <\/a><\/p>\n<p class=\"mb-4 text-lg md:leading-8 break-words\">\u00ab Aya Nakamura nous fera aussi le plaisir d\u2019\u00eatre avec nous sur le prime de vendredi, c\u2019est quand m\u00eame une folie \u00bb, a salu\u00e9 le directeur Michael Goldman. La chanteuse est revenue sur son parcours avec les \u00e9l\u00e8ves, \u00e9voquant ses d\u00e9buts dans des castings pour des t\u00e9l\u00e9-crochets. Une exp\u00e9rience qui n\u2019a pu qu\u2019inspirer les acad\u00e9miciens, qui ont aussi pu profiter de pr\u00e9cieux conseils sur la vie d\u2019artiste.<\/p>\n<p>\u00ab Je regarde la Star Academy depuis 20 ans et l\u00e0 j\u2019y suis \u00bb<\/p>\n<p class=\"mb-4 text-lg md:leading-8 break-words\">Un peu avant, l\u2019arriv\u00e9e surprise d\u2019Aya Nakamura en plein milieu du cours de danse avait fait sensation parmi les acad\u00e9miciens, qui r\u00e9p\u00e9taient une chor\u00e9graphie sur sa musique les yeux band\u00e9s \u2013 pour maintenir la surprise jusqu\u2019au bout. C\u2019est sous leurs cris de joie que la star franco-malienne a pris place aux c\u00f4t\u00e9s de leur professeur Jonathan Jenvrin, <strong>comme vous pouvez le voir ci-dessous<\/strong>. \u00ab J\u2019appr\u00e9hendais la rencontre, leur a-t-elle confi\u00e9, c\u2019est ma premi\u00e8re fois au ch\u00e2teau, je regarde la Star Academy depuis 20 ans et l\u00e0 j\u2019y suis. C\u2019est dingue ! \u00bb<\/p>\n<p class=\"mb-4 text-lg md:leading-8 break-words\">Cette visite marquante est \u00e0 la hauteur de la \u00ab Semaine des surprises \u00bb qui durera jusqu\u2019\u00e0 vendredi dans la Star Academy. Samedi dernier, les \u00e9l\u00e8ves ont d\u00e9j\u00e0 eu la chance de rencontrer l\u2019influenceuse <a data-i13n=\"cpos:5;pos:1\" href=\"https:\/\/fr.style.yahoo.com\/l%C3%A9na-situations-refus%C3%A9-travailler-shein-113619625.html\" data-ylk=\"slk:L\u00e9na Situations;cpos:5;pos:1;elm:context_link;itc:0;sec:content-canvas;outcm:mb_qualified_link;_E:mb_qualified_link;ct:story;\" class=\"link  yahoo-link\" target=\"_blank\" rel=\"noopener\">L\u00e9na Situations<\/a>, qui compte pas moins de 5 millions d\u2019abonn\u00e9s sur Instagram. Elle leur a donn\u00e9 des conseils pour mieux faire face \u00e0 la haine en ligne, mais aussi pour savoir r\u00e9pondre plus efficacement aux questions des journalistes.<\/p>\n<p class=\"mb-4 text-lg md:leading-8 break-words\"><a data-i13n=\"cpos:6;pos:1\" href=\"https:\/\/fr.news.yahoo.com\/star-academy-premier-bain-foule-212343156.html\" data-ylk=\"slk:\u00ab Star Academy \u00bb : Premier bain de foule pour les \u00e9l\u00e8ves \u00e0 l\u2019avant-premi\u00e8re de \u00ab Running Man \u00bb avec Glen Powell;cpos:6;pos:1;elm:context_link;itc:0;sec:content-canvas;outcm:mb_qualified_link;_E:mb_qualified_link;ct:story;\" class=\"link  yahoo-link\" target=\"_blank\" rel=\"noopener\"> \u00ab Star Academy \u00bb : Premier bain de foule pour les \u00e9l\u00e8ves \u00e0 l\u2019avant-premi\u00e8re de \u00ab Running Man \u00bb avec Glen Powell <\/a><\/p>\n<p class=\"mb-4 text-lg md:leading-8 break-words\"><a data-i13n=\"cpos:7;pos:1\" href=\"https:\/\/fr.news.yahoo.com\/star-academy-candidate-chamboul%C3%A9e-l-132624803.html\" data-ylk=\"slk:\u00ab Star Academy \u00bb : Cette candidate chamboul\u00e9e par l\u2019arriv\u00e9e surprise de sa grand-m\u00e8re sur sc\u00e8ne;cpos:7;pos:1;elm:context_link;itc:0;sec:content-canvas;outcm:mb_qualified_link;_E:mb_qualified_link;ct:story;\" class=\"link  yahoo-link\" target=\"_blank\" rel=\"noopener\"> \u00ab Star Academy \u00bb : Cette candidate chamboul\u00e9e par l\u2019arriv\u00e9e surprise de sa grand-m\u00e8re sur sc\u00e8ne <\/a><\/p>\n","protected":false},"excerpt":{"rendered":"DIVERTISSEMENT &#8211; Les acad\u00e9miciens n\u2019en croyaient pas leurs yeux. Aya Nakamura a fait une surprise aux candidats de&hellip;\n","protected":false},"author":2,"featured_media":541763,"comment_status":"","ping_status":"","sticky":false,"template":"","format":"standard","meta":{"footnotes":""},"categories":[1356],"tags":[11774,58,1121,59,1011,27,5095,252,1364],"class_list":{"0":"post-541762","1":"post","2":"type-post","3":"status-publish","4":"format-standard","5":"has-post-thumbnail","7":"category-television","8":"tag-aya-nakamura","9":"tag-divertissement","10":"tag-eleves","11":"tag-entertainment","12":"tag-fr","13":"tag-france","14":"tag-star-academy","15":"tag-television","16":"tag-tv"},"share_on_mastodon":{"url":"https:\/\/pubeurope.com\/@fr\/115568915541355568","error":""},"_links":{"self":[{"href":"https:\/\/www.europesays.com\/fr\/wp-json\/wp\/v2\/posts\/541762","targetHints":{"allow":["GET"]}}],"collection":[{"href":"https:\/\/www.europesays.com\/fr\/wp-json\/wp\/v2\/posts"}],"about":[{"href":"https:\/\/www.europesays.com\/fr\/wp-json\/wp\/v2\/types\/post"}],"author":[{"embeddable":true,"href":"https:\/\/www.europesays.com\/fr\/wp-json\/wp\/v2\/users\/2"}],"replies":[{"embeddable":true,"href":"https:\/\/www.europesays.com\/fr\/wp-json\/wp\/v2\/comments?post=541762"}],"version-history":[{"count":0,"href":"https:\/\/www.europesays.com\/fr\/wp-json\/wp\/v2\/posts\/541762\/revisions"}],"wp:featuredmedia":[{"embeddable":true,"href":"https:\/\/www.europesays.com\/fr\/wp-json\/wp\/v2\/media\/541763"}],"wp:attachment":[{"href":"https:\/\/www.europesays.com\/fr\/wp-json\/wp\/v2\/media?parent=541762"}],"wp:term":[{"taxonomy":"category","embeddable":true,"href":"https:\/\/www.europesays.com\/fr\/wp-json\/wp\/v2\/categories?post=541762"},{"taxonomy":"post_tag","embeddable":true,"href":"https:\/\/www.europesays.com\/fr\/wp-json\/wp\/v2\/tags?post=541762"}],"curies":[{"name":"wp","href":"https:\/\/api.w.org\/{rel}","templated":true}]}}