{"id":541764,"date":"2025-11-18T04:54:15","date_gmt":"2025-11-18T04:54:15","guid":{"rendered":"https:\/\/www.europesays.com\/fr\/541764\/"},"modified":"2025-11-18T04:54:15","modified_gmt":"2025-11-18T04:54:15","slug":"dijon-une-icone-emblematique-de-la-chanson-francaise-attendue-sur-scene-pour-une-soiree-unique","status":"publish","type":"post","link":"https:\/\/www.europesays.com\/fr\/541764\/","title":{"rendered":"Dijon. Une ic\u00f4ne embl\u00e9matique de la chanson fran\u00e7aise attendue sur sc\u00e8ne pour une soir\u00e9e unique"},"content":{"rendered":"<p>                    Par<br \/>\n        <strong><br \/>\n            <a href=\"https:\/\/actu.fr\/auteur\/nicolas-salaun\" title=\"Consulter tous les articles de Nicolas Salin\" target=\"_blank\" rel=\"noopener\">Nicolas Salin<\/a><br \/>\n                    <\/strong><\/p>\n<p>        Publi\u00e9 le<\/p>\n<p>            17 nov. 2025 \u00e0 16h30        <\/p>\n<p>Figure <strong>embl\u00e9matique<\/strong> de la chanson francophone depuis plus de 50 ans, <strong>Dave<\/strong> sera l\u2019invit\u00e9 d\u2019honneur de la 13e \u00e9dition du <strong>C\u00f4te-d\u2019Or Festival Song<\/strong>. L\u2019\u00e9v\u00e9nement musical qui met en lumi\u00e8re les nouveaux talents de la chanson est pr\u00e9vu le 6 d\u00e9cembre prochain au palais des Congr\u00e8s de Dijon. Le <a href=\"https:\/\/actu.fr\/bourgogne-franche-comte\/beaune_21054\" target=\"_blank\" rel=\"noopener\">Beaunois<\/a> de coeur et cr\u00e9ateur du festival <strong>Mario Barravecchia<\/strong> (finaliste de la premier <a href=\"https:\/\/actu.fr\/tag\/star-academy\" target=\"_blank\" rel=\"noopener\">Star Academy<\/a> face \u00e0 <a href=\"https:\/\/actu.fr\/tag\/jenifer\" target=\"_blank\" rel=\"noopener\">Jenifer<\/a>)\u00a0accueillera le chanteur n\u00e9erlandais en tant que parrain officiel.<\/p>\n<p>\u00ab\u00a0Vanina, ah ah\u00a0\u00bb\u00a0<\/p>\n<p class=\" wall-content\">Connu pour ses titres incontournables comme Vanina, Du c\u00f4t\u00e9 de chez Swann ou encore Mon c\u0153ur est malade, l\u2019artiste de 81 printemps a marqu\u00e9 plusieurs g\u00e9n\u00e9rations. Sa carri\u00e8re a connu un immense succ\u00e8s depuis les ann\u00e9es 70 : plus de <strong>7 millions de disques vendus<\/strong> au total selon Charts in France.<\/p>\n<p class=\" wall-content\">\n<p class=\" wall-content\">Dave a \u00e9galement \u00e9t\u00e9 jur\u00e9 dans La France a un incroyable talent sur M6. Il apportera son <strong>regard exp\u00e9riment\u00e9<\/strong> et ses conseils aux candidats s\u00e9lectionn\u00e9s. Il est \u00e9galement attendu sur sc\u00e8ne, aux c\u00f4t\u00e9s des jeunes chanteurs.\u00a0<\/p>\n<p>Informations pratiques<br \/>\nC\u00f4te-d\u2019Or Festival Song le samedi 6 d\u00e9cembre \u00e0 l\u2019Amphith\u00e9\u00e2tre Roman\u00e9e Conti du palais des Congr\u00e8s de Dijon boulevard de Champagne \u00e0 Dijon.<br \/>\nOuvert au public, billets disponibles \u00e0 30 euros<a href=\"https:\/\/www.billetweb.fr\/c-te-dor-festival-song-2025\" target=\"_blank\" rel=\"noopener\">\u00a0sur billetweb.fr<\/a>.<\/p>\n<p class=\" wall-content\">Personnalisez votre actualit\u00e9 en ajoutant vos villes et m\u00e9dias en favori avec <a href=\"https:\/\/moncompte.actu.fr\" title=\"D\u00e9couvez Mon Actu\" rel=\"nofollow noopener\" data-trk=\"{&quot;cta&quot;:{&quot;action&quot;:&quot;https:\\\/\\\/moncompte.actu.fr&quot;,&quot;category&quot;:&quot;mon compte&quot;,&quot;from&quot;:&quot;article footer&quot;,&quot;name&quot;:&quot;Mon actu&quot;,&quot;type&quot;:&quot;cta&quot;}}\" target=\"_blank\">Mon Actu<\/a>.<\/p>\n","protected":false},"excerpt":{"rendered":"Par Nicolas Salin Publi\u00e9 le 17 nov. 2025 \u00e0 16h30 Figure embl\u00e9matique de la chanson francophone depuis plus&hellip;\n","protected":false},"author":2,"featured_media":541765,"comment_status":"","ping_status":"","sticky":false,"template":"","format":"standard","meta":{"footnotes":""},"categories":[1355],"tags":[1695,58,59,849,1011,27,1652,1361,873],"class_list":{"0":"post-541764","1":"post","2":"type-post","3":"status-publish","4":"format-standard","5":"has-post-thumbnail","7":"category-musique","8":"tag-chanson","9":"tag-divertissement","10":"tag-entertainment","11":"tag-festival","12":"tag-fr","13":"tag-france","14":"tag-loisirs-culture","15":"tag-music","16":"tag-musique"},"share_on_mastodon":{"url":"https:\/\/pubeurope.com\/@fr\/115568919474512185","error":""},"_links":{"self":[{"href":"https:\/\/www.europesays.com\/fr\/wp-json\/wp\/v2\/posts\/541764","targetHints":{"allow":["GET"]}}],"collection":[{"href":"https:\/\/www.europesays.com\/fr\/wp-json\/wp\/v2\/posts"}],"about":[{"href":"https:\/\/www.europesays.com\/fr\/wp-json\/wp\/v2\/types\/post"}],"author":[{"embeddable":true,"href":"https:\/\/www.europesays.com\/fr\/wp-json\/wp\/v2\/users\/2"}],"replies":[{"embeddable":true,"href":"https:\/\/www.europesays.com\/fr\/wp-json\/wp\/v2\/comments?post=541764"}],"version-history":[{"count":0,"href":"https:\/\/www.europesays.com\/fr\/wp-json\/wp\/v2\/posts\/541764\/revisions"}],"wp:featuredmedia":[{"embeddable":true,"href":"https:\/\/www.europesays.com\/fr\/wp-json\/wp\/v2\/media\/541765"}],"wp:attachment":[{"href":"https:\/\/www.europesays.com\/fr\/wp-json\/wp\/v2\/media?parent=541764"}],"wp:term":[{"taxonomy":"category","embeddable":true,"href":"https:\/\/www.europesays.com\/fr\/wp-json\/wp\/v2\/categories?post=541764"},{"taxonomy":"post_tag","embeddable":true,"href":"https:\/\/www.europesays.com\/fr\/wp-json\/wp\/v2\/tags?post=541764"}],"curies":[{"name":"wp","href":"https:\/\/api.w.org\/{rel}","templated":true}]}}