{"id":541770,"date":"2025-11-18T04:57:12","date_gmt":"2025-11-18T04:57:12","guid":{"rendered":"https:\/\/www.europesays.com\/fr\/541770\/"},"modified":"2025-11-18T04:57:12","modified_gmt":"2025-11-18T04:57:12","slug":"lallemagne-soulagee-les-pays-bas-officialises","status":"publish","type":"post","link":"https:\/\/www.europesays.com\/fr\/541770\/","title":{"rendered":"l\u2019Allemagne soulag\u00e9e, les Pays-Bas officialis\u00e9s"},"content":{"rendered":"<p>\n    Dos au mur avant d\u2019affronter la Slovaquie ce lundi, \u00e0 Leipzig, les quadruples champions du monde allemands ont valid\u00e9 leur billet pour la Coupe du monde 2026.<\/p>\n<p class=\"fig-paragraph\">Un carton et de l\u2019air pour l\u2019Allemagne. Sous pression avant leur duel face \u00e0 la Slovaquie ce lundi, \u00e0 Leipzig, dans le cadre des\u00a0<a href=\"https:\/\/www.lefigaro.fr\/sports\/football\/qualif-coupe-du-monde-zone-euro\/calendrier-resultats?journee=10\" target=\"_blank\" rel=\"noopener\" data-gtm-custom-categorie=\"navigation\" data-gtm-custom-action=\"crossclick\" data-gtm-custom-label=\"Contextuel\" data-gtm-event=\"customEventSPE\">qualifications pour la Coupe du monde 2026<\/a>, les joueurs de Julian Nagelsmann ont fait le boulot, avec la mani\u00e8re, pris les trois points (<a href=\"https:\/\/www.lefigaro.fr\/sports\/football\/live\/qualif-coupe-du-monde-zone-euro\/112026\/2493813\/allemagne-slovaquie\" data-fig-type=\"Live\" data-gtm-custom-categorie=\"navigation\" data-gtm-custom-action=\"crossclick\" data-gtm-custom-label=\"Contextuel\" data-gtm-event=\"customEventSPE\" data-fig-domain=\"LEFIGARO\" target=\"_blank\" rel=\"noopener\">6-0<\/a>) et valid\u00e9 leur billet pour l\u2019Am\u00e9rique. Ils avaient besoin d\u2019un nul pour terminer en t\u00eate\u00a0<a href=\"https:\/\/www.lefigaro.fr\/sports\/football\/qualif-coupe-du-monde-zone-euro\/calendrier-resultats\/groupes#groupe-a\" target=\"_blank\" rel=\"noopener\" data-gtm-custom-categorie=\"navigation\" data-gtm-custom-action=\"crossclick\" data-gtm-custom-label=\"Contextuel\" data-gtm-event=\"customEventSPE\">au classement du groupe A<\/a>. Ils ont fait mieux que cela, eux qui avaient d\u00e9j\u00e0 tu\u00e9 le suspense en premi\u00e8re p\u00e9riode. Soir\u00e9e tranquille et heureuse pour la Nationalmannschaft, qui disputera sa 21e phase finale de la Coupe du monde l\u2019\u00e9t\u00e9 prochain.<\/p>\n<p class=\"fig-paragraph\">Les Allemands ont rapidement mis le pied sur le ballon. Du haut de son m\u00e8tre 98, Woltemade a catapult\u00e9 le centre en forme de caviar de Kimmich au fond des filets pour concr\u00e9tiser cette domination (1-0, 18e). La r\u00e9action imm\u00e9diate des visiteurs, avec une partie de billard dans la surface de Baumann, d\u00e9cisif (21e). Lequel Baumann \u00e9tait tout heureux de voir le missile de Duris l\u00e9cher sa barre (22e). C\u2019\u00e9tait ensuite autour de Dubravka de sauver les siens (25e). Du KO dans l\u2019air\u2026 Mais surtout un moment de gr\u00e2ce, avec ce bonbon de Goretzka dans le dos de la d\u00e9fense et la finition pleine de sang-froid de Gnabry, en \u00e9chec quelques minutes plus t\u00f4t (2-0, 29e).<\/p>\n<p>                                    <a class=\"fig-a11y-skip a11y-hidden\" href=\"#fig-a11y-skip-main-inarticle\"><br \/>\n        Passer la publicit\u00e9<br \/>\n    <\/a><\/p>\n<p>De la tension \u00e0 la lib\u00e9ration<\/p>\n<p class=\"fig-paragraph\">R\u00e9guli\u00e8rement critiqu\u00e9 outre-Rhin, San\u00e9 r\u00e9pondait de la plus belle des mani\u00e8res en ajoutant un troisi\u00e8me (3-0, 36e) et un quatri\u00e8me but (4-0, 41e) pour sa s\u00e9lection avant la pause. La balade. Les spectateurs lan\u00e7aient d\u00e9j\u00e0 une ola (4-0 MT)\u00a0! Le plus dur \u00e9tait fait pour les Allemands, qui n\u2019avaient toutefois pas termin\u00e9 leur r\u00e9cital. Beau mouvement collectif et l\u2019entrant Baku \u00e0 la conclusion (5-0, 67e). Joueur de Leipzig, Ouedraogo marquait \u00e0 son tour apr\u00e8s une succulente talonnade de San\u00e9 (6-0, 79e). Un point final pour une soir\u00e9e en forme de f\u00eate pour les Allemands (6-0 score final).<\/p>\n<p class=\"fig-paragraph\">Dans les autres matchs de la soir\u00e9e, et en l\u2019occurrence dans le groupe G, on soulignera la victoire des Pays-Bas, officiellement qualifi\u00e9s pour le Mondial apr\u00e8s une victoire face \u00e0 la Lituanie (4-0) ce lundi. Les Oranje n\u2019\u00e9taient pas tr\u00e8s inquiets, eux qui \u00e9taient d\u00e9j\u00e0 quasi assur\u00e9s de disputer la Coupe du monde en raison d\u2019une diff\u00e9rence de buts largement \u00e0 leur avantage. Vainqueurs \u00e0 Malte (2-3), malgr\u00e9 des buts d\u2019Irvin Cardona et Teddy Teuma, les Polonais disputeront les barrages. Dans la poule L, les jeux \u00e9taient d\u00e9j\u00e0 faits, avec la Croatie qualifi\u00e9e (et qui a battu le Mont\u00e9n\u00e9gro 3-2) et la R\u00e9publique tch\u00e8que (qui a \u00e9trill\u00e9 Gibraltar 6-0), en barrages. Enfin, dans la poule de l\u2019Allemagne, l\u2019Irlande du Nord a battu le Luxembourg (1-0).<\/p>\n","protected":false},"excerpt":{"rendered":"Dos au mur avant d\u2019affronter la Slovaquie ce lundi, \u00e0 Leipzig, les quadruples champions du monde allemands ont&hellip;\n","protected":false},"author":2,"featured_media":541771,"comment_status":"","ping_status":"","sticky":false,"template":"","format":"standard","meta":{"footnotes":""},"categories":[9],"tags":[18833,1011,27,60],"class_list":{"0":"post-541770","1":"post","2":"type-post","3":"status-publish","4":"format-standard","5":"has-post-thumbnail","7":"category-sports","8":"tag-coupe-du-monde-2026","9":"tag-fr","10":"tag-france","11":"tag-sports"},"share_on_mastodon":{"url":"https:\/\/pubeurope.com\/@fr\/115568931591382485","error":""},"_links":{"self":[{"href":"https:\/\/www.europesays.com\/fr\/wp-json\/wp\/v2\/posts\/541770","targetHints":{"allow":["GET"]}}],"collection":[{"href":"https:\/\/www.europesays.com\/fr\/wp-json\/wp\/v2\/posts"}],"about":[{"href":"https:\/\/www.europesays.com\/fr\/wp-json\/wp\/v2\/types\/post"}],"author":[{"embeddable":true,"href":"https:\/\/www.europesays.com\/fr\/wp-json\/wp\/v2\/users\/2"}],"replies":[{"embeddable":true,"href":"https:\/\/www.europesays.com\/fr\/wp-json\/wp\/v2\/comments?post=541770"}],"version-history":[{"count":0,"href":"https:\/\/www.europesays.com\/fr\/wp-json\/wp\/v2\/posts\/541770\/revisions"}],"wp:featuredmedia":[{"embeddable":true,"href":"https:\/\/www.europesays.com\/fr\/wp-json\/wp\/v2\/media\/541771"}],"wp:attachment":[{"href":"https:\/\/www.europesays.com\/fr\/wp-json\/wp\/v2\/media?parent=541770"}],"wp:term":[{"taxonomy":"category","embeddable":true,"href":"https:\/\/www.europesays.com\/fr\/wp-json\/wp\/v2\/categories?post=541770"},{"taxonomy":"post_tag","embeddable":true,"href":"https:\/\/www.europesays.com\/fr\/wp-json\/wp\/v2\/tags?post=541770"}],"curies":[{"name":"wp","href":"https:\/\/api.w.org\/{rel}","templated":true}]}}