{"id":541772,"date":"2025-11-18T04:58:22","date_gmt":"2025-11-18T04:58:22","guid":{"rendered":"https:\/\/www.europesays.com\/fr\/541772\/"},"modified":"2025-11-18T04:58:22","modified_gmt":"2025-11-18T04:58:22","slug":"diana-areas-une-influenceuse-bresilienne-de-39-ans-est-morte-apres-avoir-quitte-lhopital-sans-autorisation","status":"publish","type":"post","link":"https:\/\/www.europesays.com\/fr\/541772\/","title":{"rendered":"Diana Areas, une influenceuse br\u00e9silienne de 39 ans, est morte apr\u00e8s avoir quitt\u00e9 l\u2019h\u00f4pital sans autorisation"},"content":{"rendered":"<p>Les plus de 200.000 followers de la br\u00e9silienne Diana Areas sont en deuil\u00a0: l\u2019<a href=\"https:\/\/www.20minutes.fr\/arts-stars\/web\/influenceur\/\" class=\"c-link c-link--is-underlined\" target=\"_blank\" rel=\"noopener\">influenceuse<\/a> fitness, \u00e9galement reconnue pour ses conseils en <a href=\"https:\/\/www.20minutes.fr\/dossier\/nutrition\" class=\"c-link c-link--is-underlined\" target=\"_blank\" rel=\"noopener\">nutrition<\/a>, est d\u00e9c\u00e9d\u00e9e \u00e0 l\u2019\u00e2ge de 39 ans \u2013 et dans des circonstances \u00e9nigmatiques \u2013 jeudi 13\u00a0novembre 2025, pr\u00e8s de <a href=\"https:\/\/www.20minutes.fr\/dossier\/rio\" class=\"c-link c-link--is-underlined\" target=\"_blank\" rel=\"noopener\">Rio de Janeiro<\/a>.<\/p>\n<\/p>\n<p>Une chute fatale<\/p>\n<p>Selon des m\u00e9dias locaux, le compagnon de la jeune femme l\u2019aurait retrouv\u00e9e morte au pied de son immeuble, dont elle aurait chut\u00e9 du dernier \u00e9tage. Aussit\u00f4t pr\u00e9venus, les <a href=\"https:\/\/www.20minutes.fr\/dossier\/secours\" class=\"c-link c-link--is-underlined\" target=\"_blank\" rel=\"noopener\">secours <\/a>n\u2019auraient pu que constater son <a href=\"https:\/\/www.20minutes.fr\/dossier\/deces\" class=\"c-link c-link--is-underlined\" target=\"_blank\" rel=\"noopener\">d\u00e9c\u00e8s<\/a>.<\/p>\n<p>Le drame a \u00e9videmment provoqu\u00e9 l\u2019ouverture d\u2019une <a href=\"https:\/\/www.20minutes.fr\/dossier\/enquete\" class=\"c-link c-link--is-underlined\" target=\"_blank\" rel=\"noopener\">enqu\u00eate <\/a>de la police, qui a dans un premier temps privil\u00e9gi\u00e9 la th\u00e8se du <a href=\"https:\/\/www.20minutes.fr\/dossier\/suicide\" class=\"c-link c-link--is-underlined\" target=\"_blank\" rel=\"noopener\">suicide<\/a>\u2026 ou, en tout cas, \u00e9cart\u00e9 la piste d\u2019un <a href=\"https:\/\/www.20minutes.fr\/dossier\/accident\" class=\"c-link c-link--is-underlined\" target=\"_blank\" rel=\"noopener\">accident<\/a>. Mais certains d\u00e9tails interrogent, comme le fait que la victime avait \u00e9t\u00e9 hospitalis\u00e9e le matin m\u00eame parce qu\u2019elle pr\u00e9sentait plusieurs coupures sur le corps.<\/p>\n<p>Plusieurs points d\u2019interrogation<\/p>\n<p>Or Diana Areas aurait, malgr\u00e9 la vigilance du personnel, quitt\u00e9 l\u2019\u00e9tablissement sans autorisation m\u00e9dicale. Et selon <a href=\"https:\/\/www.leparisien.fr\/faits-divers\/une-chute-etrange-linfluenceuse-fitness-diana-areas-meurt-a-39-ans-apres-avoir-quitte-lhopital-sans-autorisation-17-11-2025-3L7EPIR3EJFRVA4RKKYP4T27KQ.php?ts=1763391315645\" rel=\"nofollow noopener\" target=\"_blank\" class=\"c-link c-link--is-underlined\">Le Parisien<\/a>, elle se serait \u00e9galement disput\u00e9e avec son compagnon peu avant le drame. En cons\u00e9quence de quoi le corps de l\u2019influenceuse aurait \u00e9t\u00e9 transf\u00e9r\u00e9 \u00e0 l\u2019institut m\u00e9dico-l\u00e9gal pour une \u00ab\u00a0<a href=\"https:\/\/www.20minutes.fr\/dossier\/autopsie\" class=\"c-link c-link--is-underlined\" target=\"_blank\" rel=\"noopener\">autopsie <\/a>approfondie\u00a0\u00bb.<\/p>\n<p><a href=\"https:\/\/www.20minutes.fr\/arts-stars\/web\/influenceur\/\" class=\"c-link c-btn c-btn--primary\" target=\"_blank\" rel=\"noopener\">Notre dossier \u00ab Influenceurs \u00bb<\/a><\/p>\n<p>Sur <a href=\"https:\/\/www.20minutes.fr\/high-tech\/instagram\/\" class=\"c-link c-link--is-underlined\" target=\"_blank\" rel=\"noopener\">Instagram<\/a>, Diana Areas prodiguait des conseils visant \u00e0 trouver un \u00e9quilibre entre plaisir et <a href=\"https:\/\/www.20minutes.fr\/sante\/\" class=\"c-link c-link--is-underlined\" target=\"_blank\" rel=\"noopener\">sant\u00e9\u00a0<\/a>: \u00ab\u00a0Une vie saine est s\u00fbrement notre plus grand d\u00e9sir \u00e0 tous\u00a0\u00bb, avait-elle d\u2019ailleurs \u00e9crit dans un post publi\u00e9 le 10\u00a0ao\u00fbt 2022. Elle laisse derri\u00e8re elle une communaut\u00e9 choqu\u00e9e, qui salue son investissement professionnel et personnel.<\/p>\n","protected":false},"excerpt":{"rendered":"Les plus de 200.000 followers de la br\u00e9silienne Diana Areas sont en deuil\u00a0: l\u2019influenceuse fitness, \u00e9galement reconnue pour&hellip;\n","protected":false},"author":2,"featured_media":541773,"comment_status":"","ping_status":"","sticky":false,"template":"","format":"standard","meta":{"footnotes":""},"categories":[8],"tags":[10258,2548,3983,58,1067,59,1011,27,2438,2440,973,1072,17718,5748,133],"class_list":{"0":"post-541772","1":"post","2":"type-post","3":"status-publish","4":"format-standard","5":"has-post-thumbnail","7":"category-divertissement","8":"tag-autopsie","9":"tag-bresil","10":"tag-deces","11":"tag-divertissement","12":"tag-enquete","13":"tag-entertainment","14":"tag-fr","15":"tag-france","16":"tag-influenceur","17":"tag-instagram","18":"tag-people","19":"tag-police","20":"tag-rio-de-janeiro","21":"tag-suicide","22":"tag-video"},"share_on_mastodon":{"url":"https:\/\/pubeurope.com\/@fr\/115568935239922144","error":""},"_links":{"self":[{"href":"https:\/\/www.europesays.com\/fr\/wp-json\/wp\/v2\/posts\/541772","targetHints":{"allow":["GET"]}}],"collection":[{"href":"https:\/\/www.europesays.com\/fr\/wp-json\/wp\/v2\/posts"}],"about":[{"href":"https:\/\/www.europesays.com\/fr\/wp-json\/wp\/v2\/types\/post"}],"author":[{"embeddable":true,"href":"https:\/\/www.europesays.com\/fr\/wp-json\/wp\/v2\/users\/2"}],"replies":[{"embeddable":true,"href":"https:\/\/www.europesays.com\/fr\/wp-json\/wp\/v2\/comments?post=541772"}],"version-history":[{"count":0,"href":"https:\/\/www.europesays.com\/fr\/wp-json\/wp\/v2\/posts\/541772\/revisions"}],"wp:featuredmedia":[{"embeddable":true,"href":"https:\/\/www.europesays.com\/fr\/wp-json\/wp\/v2\/media\/541773"}],"wp:attachment":[{"href":"https:\/\/www.europesays.com\/fr\/wp-json\/wp\/v2\/media?parent=541772"}],"wp:term":[{"taxonomy":"category","embeddable":true,"href":"https:\/\/www.europesays.com\/fr\/wp-json\/wp\/v2\/categories?post=541772"},{"taxonomy":"post_tag","embeddable":true,"href":"https:\/\/www.europesays.com\/fr\/wp-json\/wp\/v2\/tags?post=541772"}],"curies":[{"name":"wp","href":"https:\/\/api.w.org\/{rel}","templated":true}]}}