{"id":541775,"date":"2025-11-18T05:00:37","date_gmt":"2025-11-18T05:00:37","guid":{"rendered":"https:\/\/www.europesays.com\/fr\/541775\/"},"modified":"2025-11-18T05:00:37","modified_gmt":"2025-11-18T05:00:37","slug":"aujourdhui-lallemagne-protege-son-industrie-tandis-que-la-france-laisse-la-sienne-seffondrer","status":"publish","type":"post","link":"https:\/\/www.europesays.com\/fr\/541775\/","title":{"rendered":"\u00abAujourd\u2019hui l\u2019Allemagne prot\u00e8ge son industrie, tandis que la France laisse la sienne s\u2019effondrer\u00bb"},"content":{"rendered":"<p>\n    <strong>FIGAROVOX\/TRIBUNE &#8211; <\/strong>\u00c0 l\u2019heure o\u00f9 l\u2019Allemagne instaure un tarif de l\u2019\u00e9lectricit\u00e9 subventionn\u00e9 pour ses industriels, la France s\u2019accroche aux r\u00e8gles du march\u00e9 europ\u00e9en de l\u2019\u00e9lectricit\u00e9, pourtant d\u00e9l\u00e9t\u00e8res pour son \u00e9conomie, d\u00e9plorent Alexandre Jardin, William Azan et Walid Sinno.<\/p>\n<p class=\"fig-paragraph\">Alexandre Jardin est \u00e9crivain et a r\u00e9cemment publi\u00e9\u00a0Les #Gueux\u00a0(Michel Lafon, 2025). William Azan est avocat en droit public des affaires, et est sp\u00e9cialis\u00e9 dans l\u2019\u00e9nergie.\u00a0Walid Sinno est pr\u00e9sident de Cquestra (op\u00e9rateur d\u00e9carbonation).\u00a0<\/p>\n<p class=\"fig-paragraph\">J\u2019accuse le pouvoir fran\u00e7ais de ne pas rappeler cette r\u00e8gle d\u2019airain\u00a0: l\u2019\u00e9conomie n\u2019est que de l\u2019\u00e9nergie transform\u00e9e. Tout, absolument tout \u2014 nos logements, nos usines, nos grille-pain, nos brosses \u00e0 dents, nos aliments, nos emplois, notre avenir \u2014 d\u00e9pend du prix de l\u2019\u00e9nergie. J\u2019accuse le gouvernement de s\u2019accrocher follement \u00e0 un march\u00e9 europ\u00e9en de l\u2019\u00e9lectricit\u00e9 devenu un carcan mortel, alors m\u00eame que\u00a0<a href=\"http:\/\/www.lefigaro.fr\/economie\/l-allemagne-va-reduire-le-prix-de-l-electricite-pour-l-industrie-a-partir-de-2026-20251103\" target=\"_blank\" data-fig-type=\"Article\" rel=\"noopener\" data-gtm-custom-categorie=\"navigation\" data-gtm-custom-action=\"crossclick\" data-gtm-custom-label=\"Contextuel\" data-gtm-event=\"customEventSPE\" data-fig-domain=\"LEFIGARO\">l\u2019Allemagne\u00a0<\/a>\u2014 qui avait impos\u00e9 ce mod\u00e8le via les m\u00e9canismes europ\u00e9ens \u2014 s\u2019en affranchit d\u00e9sormais en pratique pour offrir \u00e0 son industrie un tarif subventionn\u00e9 d\u2019environ 5 centimes le kilowattheure sur les ann\u00e9es 2026-2028. Parce qu\u2019elle en a les moyens.<\/p>\n<p>                                    <a class=\"fig-a11y-skip a11y-hidden\" href=\"#fig-a11y-skip-main-inarticle\"><br \/>\n        Passer la publicit\u00e9<br \/>\n    <\/a><\/p>\n<p class=\"fig-paragraph\">J\u2019accuse le pr\u00e9sident de la R\u00e9publique et le premier ministre de demeurer inertes alors que, jeudi 13 novembre, la coalition allemande au pouvoir a annonc\u00e9 officiellement la mise en place d\u2019un prix subventionn\u00e9 pour les industries \u00e9lectro intensives, pour un co\u00fbt estim\u00e9 entre 3 et 5 milliards d\u2019euros par an. Tous les leaders allemands \u2014 Friedrich Merz (CDU), Markus S\u00f6der (CSU), B\u00e4rbel Bas et Lars Klingbeil (SPD) \u2014 ont valid\u00e9 cette orientation. Et Friedrich Merz a m\u00eame pr\u00e9cis\u00e9 que \u00ab les discussions avec la Commission europ\u00e9enne sont en grande partie termin\u00e9es\u00a0\u00bb. Autrement dit\u00a0: c\u2019est act\u00e9, allez vous faire voir les gueux, les nations de pauvres.<\/p>\n<p class=\"fig-paragraph\">J\u2019accuse ceux qui, en France, ont accept\u00e9 que Berlin prot\u00e8ge ouvertement ses usines tandis que Paris laisse les siennes crever en silence sous un diff\u00e9rentiel de prix insoutenable. Sommes-nous fous\u00a0? J\u2019accuse le pr\u00e9sident de la R\u00e9publique de laisser la France, pays du nucl\u00e9aire bon march\u00e9, continuer de payer un prix issu du \u00ab march\u00e9 europ\u00e9en coupl\u00e9\u00a0\u00bb \u2014 un prix dont la r\u00e9f\u00e9rence marginale est tr\u00e8s souvent une centrale \u00e0 gaz allemande \u2014 tandis que l\u2019Allemagne, pays du lignite pollueur, baisse ses taxes massivement, subventionne ses r\u00e9seaux et assure \u00e0 son industrie un prix net proche de 50 \u20ac\/MWh. Imbattable. En trichant avec l\u2019Europe.<\/p>\n<p class=\"fig-paragraph\">J\u2019accuse enfin la structure m\u00eame du cadre europ\u00e9en de tarification de l\u2019\u00e9lectricit\u00e9, v\u00e9n\u00e9neux, toxique\u00a0: un syst\u00e8me suicidaire qui emp\u00eache les \u00c9tats de vendre leur\u00a0<a href=\"http:\/\/www.lefigaro.fr\/vox\/economie\/xavier-moreno-le-vrai-progressisme-consiste-a-changer-de-paradigme-sur-l-eolien-et-le-solaire-20251114\" target=\"_blank\" data-fig-type=\"Article\" rel=\"noopener\" data-gtm-custom-categorie=\"navigation\" data-gtm-custom-action=\"crossclick\" data-gtm-custom-label=\"Contextuel\" data-gtm-event=\"customEventSPE\" data-fig-domain=\"LEFIGARO\">\u00e9lectricit\u00e9\u00a0<\/a>au co\u00fbt national de production, au nom d\u2019un march\u00e9 pr\u00e9tendument int\u00e9gr\u00e9, mais qui s\u2019effondre d\u00e8s lors que les pays les plus riches &#8211; l\u2019Allemagne &#8211; le contournent par des baisses officielles de taxes et des subventions exorbitantes.<\/p>\n<p>J\u2019accuse ceux qui ont pr\u00e9f\u00e9r\u00e9 les ch\u00e8ques \u00e9nergie \u00e9lectoralistes \u00e0 une baisse structurelle du prix. Le populisme plut\u00f4t que l\u2019action gaullienne.<\/p>\n<p class=\"fig-paragraph\">La France, qui aurait pu financer \u00e0 tr\u00e8s bas co\u00fbt le renouvellement de son parc nucl\u00e9aire, a pr\u00e9f\u00e9r\u00e9 suivre docilement l\u2019Allemagne dans sa fuite en avant antinucl\u00e9aire \u2014 jusqu\u2019\u00e0 fermer Fessenheim, et jusqu\u2019\u00e0 accepter que Berlin envisage un recours juridique contre la Pologne pour avoir choisi le nucl\u00e9aire contre le charbon \u2014 et se retrouve aujourd\u2019hui pi\u00e9g\u00e9e dans une tarification \u00ab \u00e0 l\u2019usage\u00a0\u00bb qui inclut les compensations scandaleuses vers\u00e9es aux promoteurs de l\u2019intermittent, tandis que l\u2019Allemagne, elle, se pr\u00e9pare \u00e0 augmenter fortement ses importations de gaz, notamment alg\u00e9rien.<\/p>\n<p class=\"fig-paragraph\">J\u2019accuse la passivit\u00e9 fran\u00e7aise vertigineuse qui fait qu\u2019un site industriel tricolore paie 70 \u00e0 110 \u20ac\/MWh, soit un surco\u00fbt pouvant atteindre 45 millions d\u2019euros par an pour une usine de 500 GWh \u2014 quand son concurrent allemand, lui, sera plafonn\u00e9 autour de 25 millions. Mesure-t-on les cons\u00e9quences d\u00e9vastatrices de ce silence tra\u00eetre\u00a0? J\u2019accuse la capitulation qui condamne nos aci\u00e9ries, nos chimistes, notre aluminium, nos data centers, nos \u00e9lectro intensifs \u2014 et, avec eux, notre souverainet\u00e9 \u00e9conomique.<\/p>\n<p>                                    <a class=\"fig-a11y-skip a11y-hidden\" href=\"#fig-a11y-skip-main-inarticle_mtf\"><br \/>\n        Passer la publicit\u00e9<br \/>\n    <\/a><\/p>\n<p class=\"fig-paragraph\">J\u2019accuse les gouvernements successifs d\u2019avoir sabot\u00e9 nos atouts strat\u00e9giques\u00a0: fermeture de Superph\u00e9nix, abandon d\u2019Astrid, fermeture de Fessenheim, ARENH brad\u00e9, accumulation d\u2019\u00e9nergies intermittentes non pilotables, PPE successives fragilisant le nucl\u00e9aire. Et aujourd\u2019hui encore\u00a0: refus obstin\u00e9 de sortir d\u2019un m\u00e9canisme europ\u00e9en dont l\u2019Espagne et le Portugal se sont affranchis en quelques semaines pendant la crise du gaz. Quitter ce m\u00e9canisme n\u2019est pas impossible. C\u2019est une d\u00e9cision politique. J\u2019accuse ceux qui ont pr\u00e9f\u00e9r\u00e9 les ch\u00e8ques \u00e9nergie \u00e9lectoralistes \u00e0 une baisse structurelle du prix. Le\u00a0<a href=\"http:\/\/www.lefigaro.fr\/vox\/politique\/marc-lazar-il-y-a-une-mefiance-grandissante-des-elites-a-l-egard-du-comportement-du-peuple-20251115\" target=\"_blank\" data-fig-type=\"Article\" rel=\"noopener\" data-gtm-custom-categorie=\"navigation\" data-gtm-custom-action=\"crossclick\" data-gtm-custom-label=\"Contextuel\" data-gtm-event=\"customEventSPE\" data-fig-domain=\"LEFIGARO\">populisme\u00a0<\/a>plut\u00f4t que l\u2019action gaullienne. J\u2019accuse ceux qui ont achet\u00e9 la paix sociale au prix de l\u2019effondrement industriel. J\u2019accuse ceux qui ont ajout\u00e9 au handicap europ\u00e9en des taxes nationales d\u00e9lirantes\u00a0: accise, TURPE, contributions multiples, surtaxes vot\u00e9es en 2023, 2024 et 2025 \u2014 comme s\u2019il fallait enfoncer le clou dans le cercueil industriel fran\u00e7ais.<\/p>\n<p>J\u2019accuse la France d\u2019avoir \u00e9t\u00e9 roul\u00e9e dans la farine en tol\u00e9rant un syst\u00e8me de fixation des prix con\u00e7u \u00e0 Bruxelles, qui impose \u00e0 tout le continent le co\u00fbt marginal le plus \u00e9lev\u00e9 \u2014 souvent celui du gaz \u2014 alors m\u00eame que notre parc nucl\u00e9aire aurait d\u00fb garantir \u00e0 la France une \u00e9lectricit\u00e9 bon march\u00e9.<\/p>\n<p class=\"fig-paragraph\">J\u2019accuse l\u2019\u00c9tat \u00e9cologique de pacotille qui, en sacrifiant le nucl\u00e9aire sous pression id\u00e9ologique et diplomatique allemande, a doubl\u00e9 nos factures d\u2019\u00e9lectricit\u00e9. Et voil\u00e0 maintenant que l\u2019Allemagne, apr\u00e8s avoir coul\u00e9 son propre syst\u00e8me, prot\u00e8ge son industrie \u2014 tandis que la France laisse la sienne s\u2019effondrer. Rarement des \u00e9lites tricolores auront \u00e9t\u00e9 aussi radicalement hostiles \u00e0 la France. J\u2019accuse les fourbes qui trouvent cela normal et donc consentent l\u00e2chement. J\u2019accuse la France d\u2019avoir \u00e9t\u00e9 roul\u00e9e dans la farine en tol\u00e9rant un syst\u00e8me de fixation des prix con\u00e7u \u00e0 Bruxelles, qui impose \u00e0 tout le continent le co\u00fbt marginal le plus \u00e9lev\u00e9 \u2014 souvent celui du gaz \u2014 alors m\u00eame que notre parc nucl\u00e9aire aurait d\u00fb garantir \u00e0 la France une \u00e9lectricit\u00e9 bon march\u00e9.<\/p>\n<p class=\"fig-paragraph\">J\u2019accuse la\u00a0<a href=\"http:\/\/www.lefigaro.fr\/conjoncture\/anne-de-guigne-l-europe-bloquee-en-mode-silencieux-20250629\" target=\"_blank\" data-fig-type=\"Article\" rel=\"noopener\" data-gtm-custom-categorie=\"navigation\" data-gtm-custom-action=\"crossclick\" data-gtm-custom-label=\"Contextuel\" data-gtm-event=\"customEventSPE\" data-fig-domain=\"LEFIGARO\">technocratie europ\u00e9enne<\/a>\u00a0d\u2019avoir valid\u00e9, sous couvert d\u2019un \u00ab cadre temporaire de crise\u00a0\u00bb, des aides d\u2019\u00c9tat massives que seuls les pays riches peuvent financer \u2014 d\u00e9truisant ainsi le principe m\u00eame d\u2019un march\u00e9 unique \u00e9quitable. J\u2019accuse la Commission, qui savait. J\u2019accuse les commissaires fran\u00e7ais, qui se sont tus. J\u2019accuse nos d\u00e9put\u00e9s europ\u00e9ens d\u2019avoir vot\u00e9 des dispositifs irr\u00e9alistes, r\u00e9gressifs et socialement explosifs \u2014 ZFE, DPE, CSPE, normes absurdes \u2014 tout en laissant passer les aides d\u2019\u00c9tat allemandes les plus massives depuis dix ans. J\u2019accuse d\u2019incomp\u00e9tence ceux qui n\u2019ont pas per\u00e7u que les notifications allemandes \u00e0 la DG COMP \u2014 en 2023, 2024, puis avec le Strompreispaket \u2014 constituaient un contournement officiel, public et assum\u00e9 du march\u00e9 europ\u00e9en de l\u2019\u00e9lectricit\u00e9.<\/p>\n<p class=\"fig-body-link\">\n            \u00c0 lire aussi<br \/>\n        <a class=\"fig-body-link__link fig-premium-mark\" href=\"http:\/\/www.lefigaro.fr\/vox\/economie\/face-a-la-chine-l-industrie-francaise-doit-retirer-les-chaines-qu-elle-traine-aux-pieds-20251114\" target=\"_blank\" data-fig-type=\"Article\" rel=\"noopener\" data-gtm-custom-categorie=\"navigation\" data-gtm-custom-action=\"crossclick\" data-gtm-custom-label=\"Contextuel\" data-gtm-event=\"customEventSPE\" data-fig-domain=\"LEFIGARO\"><\/p>\n<p>        \u00abFace \u00e0 la Chine, l\u2019industrie fran\u00e7aise doit retirer les cha\u00eenes qu\u2019elle tra\u00eene aux pieds\u00bb<br \/>\n    <\/a>\n<\/p>\n<p class=\"fig-paragraph\">La France n\u2019a pas \u00e9t\u00e9 surprise. Elle a \u00e9t\u00e9 na\u00efve, incoh\u00e9rente, soumise. Et la na\u00efvet\u00e9 porte ici un autre nom\u00a0: abandon de souverainet\u00e9. J\u2019accuse enfin l\u2019\u00c9tat fran\u00e7ais de s\u2019appr\u00eater \u00e0 signer la\u00a0<a href=\"http:\/\/www.lefigaro.fr\/politique\/la-politique-energetique-a-la-merci-d-un-decret-fantome-20250922\" target=\"_blank\" data-fig-type=\"Article\" rel=\"noopener\" data-gtm-custom-categorie=\"navigation\" data-gtm-custom-action=\"crossclick\" data-gtm-custom-label=\"Contextuel\" data-gtm-event=\"customEventSPE\" data-fig-domain=\"LEFIGARO\">PPE3<\/a>\u00a0sous pression de lobbies, sans tenir compte des nouvelles r\u00e8gles du jeu\u00a0: celles o\u00f9 l\u2019Allemagne prot\u00e8ge, subventionne, amortit ; et o\u00f9 la France taxe, frustre, rench\u00e9rit. Il ne s\u2019agit plus d\u2019\u00e9cologie. Il s\u2019agit de survie \u00e9conomique. Il s\u2019agit de nation. Alors nous en appelons solennellement au gouvernement fran\u00e7ais\u00a0: sortez la France du syst\u00e8me europ\u00e9en de fixation du prix de l\u2019\u00e9lectricit\u00e9. D\u00e9cidez un prix souverain conforme \u00e0 notre parc de production.<\/p>\n<p class=\"fig-paragraph\">Appliquez sans d\u00e9lai la #PPEdesGueux, ce programme coh\u00e9rent, salvateur dans la d\u00e9route, qui permet une baisse de 25% des factures d\u2019\u00e9lectricit\u00e9 de notre peuple en respectant quatre principes\u00a0: sortir illico du carcan germano-europ\u00e9en, arr\u00eat total des subventions aux \u00e9nergies intermittentes, r\u00e9vision des contrats existants (\u00e7a suffit le pillage officiel), priorit\u00e9 au nucl\u00e9aire et \u00e0 l\u2019hydraulique. Prot\u00e9gez les v\u00f4tres comme les Allemands prot\u00e8gent les leurs. Ou acceptez d\u2019assumer, devant l\u2019Histoire, une trahison radicale de l\u2019int\u00e9r\u00eat national.<\/p>\n","protected":false},"excerpt":{"rendered":"FIGAROVOX\/TRIBUNE &#8211; \u00c0 l\u2019heure o\u00f9 l\u2019Allemagne instaure un tarif de l\u2019\u00e9lectricit\u00e9 subventionn\u00e9 pour ses industriels, la France s\u2019accroche&hellip;\n","protected":false},"author":2,"featured_media":541776,"comment_status":"","ping_status":"","sticky":false,"template":"","format":"standard","meta":{"footnotes":""},"categories":[6],"tags":[35,33,34,893,674,1011,27,5654],"class_list":{"0":"post-541775","1":"post","2":"type-post","3":"status-publish","4":"format-standard","5":"has-post-thumbnail","7":"category-economie","8":"tag-business","9":"tag-economie","10":"tag-economy","11":"tag-energie","12":"tag-europe","13":"tag-fr","14":"tag-france","15":"tag-nucleaire"},"share_on_mastodon":{"url":"https:\/\/pubeurope.com\/@fr\/115568942967241025","error":""},"_links":{"self":[{"href":"https:\/\/www.europesays.com\/fr\/wp-json\/wp\/v2\/posts\/541775","targetHints":{"allow":["GET"]}}],"collection":[{"href":"https:\/\/www.europesays.com\/fr\/wp-json\/wp\/v2\/posts"}],"about":[{"href":"https:\/\/www.europesays.com\/fr\/wp-json\/wp\/v2\/types\/post"}],"author":[{"embeddable":true,"href":"https:\/\/www.europesays.com\/fr\/wp-json\/wp\/v2\/users\/2"}],"replies":[{"embeddable":true,"href":"https:\/\/www.europesays.com\/fr\/wp-json\/wp\/v2\/comments?post=541775"}],"version-history":[{"count":0,"href":"https:\/\/www.europesays.com\/fr\/wp-json\/wp\/v2\/posts\/541775\/revisions"}],"wp:featuredmedia":[{"embeddable":true,"href":"https:\/\/www.europesays.com\/fr\/wp-json\/wp\/v2\/media\/541776"}],"wp:attachment":[{"href":"https:\/\/www.europesays.com\/fr\/wp-json\/wp\/v2\/media?parent=541775"}],"wp:term":[{"taxonomy":"category","embeddable":true,"href":"https:\/\/www.europesays.com\/fr\/wp-json\/wp\/v2\/categories?post=541775"},{"taxonomy":"post_tag","embeddable":true,"href":"https:\/\/www.europesays.com\/fr\/wp-json\/wp\/v2\/tags?post=541775"}],"curies":[{"name":"wp","href":"https:\/\/api.w.org\/{rel}","templated":true}]}}